{"id":400671,"date":"2021-11-06T15:24:59","date_gmt":"2021-11-06T12:24:59","guid":{"rendered":"http:\/\/arantv.az\/?p=400671"},"modified":"2021-11-06T15:24:59","modified_gmt":"2021-11-06T12:24:59","slug":"az%c9%99rbaycan-v%c9%99-iran-xarici-isl%c9%99r-nazirl%c9%99ri-arasinda-telefon-danisigi-olub-foto","status":"publish","type":"post","link":"https:\/\/arantv.az\/?p=400671","title":{"rendered":"Az\u0259rbaycan v\u0259 \u0130ran xarici i\u015fl\u0259r nazirl\u0259ri aras\u0131nda telefon dan\u0131\u015f\u0131\u011f\u0131 olub &#8211; FOTO"},"content":{"rendered":"<p>Az\u0259rbaycan\u0131n xarici i\u015fl\u0259r naziri Ceyhun Bayramovla \u0130ran\u0131n xarici i\u015fl\u0259r naziri H\u00fcseyn \u018fmir-Abdullahian aras\u0131nda telefon dan\u0131\u015f\u0131\u011f\u0131 olub.<\/p>\n<p>Bu bar\u0259d\u0259 nazir \u201cTwitter\u201d hesab\u0131ndan etdiyi payla\u015f\u0131m\u0131nda bildirib.<\/p>\n<div id=\"AdviadNativeVideo0\" class=\"AdviadNativeVideo\"><\/div>\n<p>\u201c\u0130randan olan h\u00f6rm\u0259tli h\u0259mkar\u0131mla telefon dan\u0131\u015f\u0131\u011f\u0131 oldu. Ona m\u00f6hk\u0259m cansa\u011fl\u0131\u011f\u0131 v\u0259 COVID-19-dan tezlikl\u0259 sa\u011falma\u011f\u0131 arzulad\u0131m. Biz qar\u015f\u0131l\u0131ql\u0131 \u0259m\u0259kda\u015fl\u0131\u011f\u0131n daha da inki\u015faf etdirilm\u0259si, regionda s\u00fclh v\u0259 firavanl\u0131\u011fa t\u00f6hf\u0259 verm\u0259k \u00f6hd\u0259liyimizi bir daha b\u0259yan etdik\u201d, &#8211; dey\u0259 C.Bayramov qeyd edib.<\/p>\n<div>\n<div class=\"twitter-tweet twitter-tweet-rendered\"><iframe id=\"twitter-widget-0\" class=\"\" title=\"Twitter Tweet\" src=\"https:\/\/platform.twitter.com\/embed\/Tweet.html?creatorScreenName=oxuaz&amp;dnt=false&amp;embedId=twitter-widget-0&amp;features=eyJ0ZndfZXhwZXJpbWVudHNfY29va2llX2V4cGlyYXRpb24iOnsiYnVja2V0IjoxMjA5NjAwLCJ2ZXJzaW9uIjpudWxsfSwidGZ3X2hvcml6b25fdHdlZXRfZW1iZWRfOTU1NSI6eyJidWNrZXQiOiJodGUiLCJ2ZXJzaW9uIjpudWxsfSwidGZ3X3NwYWNlX2NhcmQiOnsiYnVja2V0Ijoib2ZmIiwidmVyc2lvbiI6bnVsbH19&amp;frame=false&amp;hideCard=false&amp;hideThread=false&amp;id=1456955555990450178&amp;lang=en&amp;origin=https%3A%2F%2Foxu.az%2Fpolitics%2F544097&amp;sessionId=fb8f8c0f59c3a420d7bb91945cf8111935f116f5&amp;siteScreenName=oxuaz&amp;theme=light&amp;widgetsVersion=f001879%3A1634581029404&amp;width=550px\" frameborder=\"0\" scrolling=\"no\" allowfullscreen=\"allowfullscreen\" data-tweet-id=\"1456955555990450178\" data-mce-fragment=\"1\"><\/iframe><\/div>\n<\/div>\n<p>&nbsp;<\/p>\n","protected":false},"excerpt":{"rendered":"<p>Az\u0259rbaycan\u0131n xarici i\u015fl\u0259r naziri Ceyhun Bayramovla \u0130ran\u0131n xarici i\u015fl\u0259r naziri H\u00fcseyn \u018fmir-Abdullahian aras\u0131nda telefon dan\u0131\u015f\u0131\u011f\u0131 olub. Bu bar\u0259d\u0259 nazir \u201cTwitter\u201d hesab\u0131ndan etdiyi payla\u015f\u0131m\u0131nda bildirib. \u201c\u0130randan olan h\u00f6rm\u0259tli h\u0259mkar\u0131mla telefon dan\u0131\u015f\u0131\u011f\u0131 oldu. Ona m\u00f6hk\u0259m cansa\u011fl\u0131\u011f\u0131 v\u0259 COVID-19-dan tezlikl\u0259 sa\u011falma\u011f\u0131 arzulad\u0131m. Biz qar\u015f\u0131l\u0131ql\u0131 \u0259m\u0259kda\u015fl\u0131\u011f\u0131n daha da inki\u015faf etdirilm\u0259si, regionda s\u00fclh v\u0259 firavanl\u0131\u011fa t\u00f6hf\u0259 verm\u0259k \u00f6hd\u0259liyimizi bir daha b\u0259yan etdik\u201d, &#8211; dey\u0259 C.Bayramov qeyd edib. &nbsp;<\/p>\n","protected":false},"author":2,"featured_media":400672,"comment_status":"closed","ping_status":"closed","sticky":false,"template":"","format":"standard","meta":{"om_disable_all_campaigns":false,"_monsterinsights_skip_tracking":false,"_monsterinsights_sitenote_active":false,"_monsterinsights_sitenote_note":"","_monsterinsights_sitenote_category":0},"categories":[4],"tags":[],"aioseo_notices":[],"gutentor_comment":0,"rttpg_featured_image_url":{"full":["https:\/\/arantv.az\/wp-content\/uploads\/2021\/11\/FotoJet-2021-11-06T161723.604.jpg",620,413,false],"landscape":["https:\/\/arantv.az\/wp-content\/uploads\/2021\/11\/FotoJet-2021-11-06T161723.604.jpg",620,413,false],"portraits":["https:\/\/arantv.az\/wp-content\/uploads\/2021\/11\/FotoJet-2021-11-06T161723.604.jpg",620,413,false],"thumbnail":["https:\/\/arantv.az\/wp-content\/uploads\/2021\/11\/FotoJet-2021-11-06T161723.604-500x280.jpg",500,280,true],"medium":["https:\/\/arantv.az\/wp-content\/uploads\/2021\/11\/FotoJet-2021-11-06T161723.604-548x365.jpg",548,365,true],"large":["https:\/\/arantv.az\/wp-content\/uploads\/2021\/11\/FotoJet-2021-11-06T161723.604.jpg",620,413,false],"1536x1536":["https:\/\/arantv.az\/wp-content\/uploads\/2021\/11\/FotoJet-2021-11-06T161723.604.jpg",620,413,false],"2048x2048":["https:\/\/arantv.az\/wp-content\/uploads\/2021\/11\/FotoJet-2021-11-06T161723.604.jpg",620,413,false],"post-thumbnail":["https:\/\/arantv.az\/wp-content\/uploads\/2021\/11\/FotoJet-2021-11-06T161723.604-240x172.jpg",240,172,true],"advps-thumb-one":["https:\/\/arantv.az\/wp-content\/uploads\/2021\/11\/FotoJet-2021-11-06T161723.604.jpg",620,413,false]},"rttpg_author":{"display_name":"V\u00fcsal Rafiqo\u011flu","author_link":"https:\/\/arantv.az\/?author=2"},"rttpg_comment":0,"rttpg_category":"<a href=\"https:\/\/arantv.az\/?cat=4\" rel=\"category\">Siyas\u0259t<\/a>","rttpg_excerpt":"Az\u0259rbaycan\u0131n xarici i\u015fl\u0259r naziri Ceyhun Bayramovla \u0130ran\u0131n xarici i\u015fl\u0259r naziri H\u00fcseyn \u018fmir-Abdullahian aras\u0131nda telefon dan\u0131\u015f\u0131\u011f\u0131 olub. Bu bar\u0259d\u0259 nazir \u201cTwitter\u201d hesab\u0131ndan etdiyi payla\u015f\u0131m\u0131nda bildirib. \u201c\u0130randan olan h\u00f6rm\u0259tli h\u0259mkar\u0131mla telefon dan\u0131\u015f\u0131\u011f\u0131 oldu. Ona m\u00f6hk\u0259m cansa\u011fl\u0131\u011f\u0131 v\u0259 COVID-19-dan tezlikl\u0259 sa\u011falma\u011f\u0131 arzulad\u0131m. Biz qar\u015f\u0131l\u0131ql\u0131 \u0259m\u0259kda\u015fl\u0131\u011f\u0131n daha da inki\u015faf etdirilm\u0259si, regionda s\u00fclh v\u0259 firavanl\u0131\u011fa t\u00f6hf\u0259 verm\u0259k \u00f6hd\u0259liyimizi bir daha&hellip;","_links":{"self":[{"href":"https:\/\/arantv.az\/index.php?rest_route=\/wp\/v2\/posts\/400671"}],"collection":[{"href":"https:\/\/arantv.az\/index.php?rest_route=\/wp\/v2\/posts"}],"about":[{"href":"https:\/\/arantv.az\/index.php?rest_route=\/wp\/v2\/types\/post"}],"author":[{"embeddable":true,"href":"https:\/\/arantv.az\/index.php?rest_route=\/wp\/v2\/users\/2"}],"replies":[{"embeddable":true,"href":"https:\/\/arantv.az\/index.php?rest_route=%2Fwp%2Fv2%2Fcomments&post=400671"}],"version-history":[{"count":0,"href":"https:\/\/arantv.az\/index.php?rest_route=\/wp\/v2\/posts\/400671\/revisions"}],"wp:featuredmedia":[{"embeddable":true,"href":"https:\/\/arantv.az\/index.php?rest_route=\/wp\/v2\/media\/400672"}],"wp:attachment":[{"href":"https:\/\/arantv.az\/index.php?rest_route=%2Fwp%2Fv2%2Fmedia&parent=400671"}],"wp:term":[{"taxonomy":"category","embeddable":true,"href":"https:\/\/arantv.az\/index.php?rest_route=%2Fwp%2Fv2%2Fcategories&post=400671"},{"taxonomy":"post_tag","embeddable":true,"href":"https:\/\/arantv.az\/index.php?rest_route=%2Fwp%2Fv2%2Ftags&post=400671"}],"curies":[{"name":"wp","href":"https:\/\/api.w.org\/{rel}","templated":true}]}}