{"id":400677,"date":"2021-11-06T15:46:21","date_gmt":"2021-11-06T12:46:21","guid":{"rendered":"http:\/\/arantv.az\/?p=400677"},"modified":"2021-11-06T15:46:21","modified_gmt":"2021-11-06T12:46:21","slug":"oljas-suleymenov-ilham-%c9%99liyevi-t%c9%99brik-edib","status":"publish","type":"post","link":"https:\/\/arantv.az\/?p=400677","title":{"rendered":"Oljas S\u00fcleymenov \u0130lham \u018fliyevi t\u0259brik edib"},"content":{"rendered":"<p>Qazax\u0131stan\u0131n Xalq yaz\u0131\u00e7\u0131s\u0131, g\u00f6rk\u0259mli \u015fair v\u0259 ictimai xadim Oljas S\u00fcleymenov Az\u0259rbaycan Prezidenti \u0130lham \u018fliyev\u0259 t\u0259brik m\u0259ktubu g\u00f6nd\u0259rib.<\/p>\n<p>Bu bar\u0259d\u0259\u00a0<a href=\"https:\/\/azertag.az\/xeber\/Qazaxistanin_Xalq_yazichisi_gorkemli_sair_ve_ictimai_xadim_Oljas_Suleymenovdan-1919522\" target=\"_blank\" rel=\"noopener\">AZ\u018fRTAC<\/a>\u00a0m\u0259lumat yay\u0131b.<\/p>\n<p>M\u0259ktubda deyilir:<\/p>\n<div id=\"AdviadNativeVideo0\" class=\"AdviadNativeVideo\"><\/div>\n<p>\u201cH\u00f6rm\u0259tli \u0130lham Heyd\u0259r o\u011flu,<\/p>\n<p>Bu g\u00fcnl\u0259rd\u0259 Az\u0259rbaycan\u0131n dostlar\u0131 Az\u0259rbaycan xalq\u0131n\u0131 V\u0259t\u0259nin \u0259razi b\u00fct\u00f6vl\u00fcy\u00fcn\u00fc t\u0259bii s\u0259rh\u0259dl\u0259r daxilind\u0259 \u00f6z g\u00fcc\u00fcn\u0259 b\u0259rpa etm\u0259si m\u00fcnasib\u0259til\u0259 t\u0259brik edirl\u0259r. 8 Noyabr Az\u0259rbaycan\u0131n m\u00fcasir tarixind\u0259 \u0259n parlaq, \u00fcmummilli bayrama \u00e7evrilib. Ke\u00e7mi\u015f SSR\u0130 respublikalar\u0131n\u0131n \u00e7oxu m\u00fcst\u0259qillik \u0259ld\u0259 ed\u0259nd\u0259 ciddi, b\u0259zil\u0259ri is\u0259 h\u0259lledilm\u0259z probleml\u0259rl\u0259 \u00fczl\u0259\u015fmi\u015fdi. Siz Ali Ba\u015f Komandan kimi Az\u0259rbaycan\u0131n \u0259sas problemini m\u00fcv\u0259ff\u0259qiyy\u0259tl\u0259 h\u0259ll etm\u0259y\u0259 nail oldunuz. Bu Q\u0259l\u0259b\u0259 erm\u0259ni xalq\u0131n\u0131n yeni n\u0259sill\u0259rin\u0259 d\u0259 \u00e7oxdan k\u00f6hn\u0259lmi\u015f, t\u0259hl\u00fck\u0259li fobiyalardan xilas olma\u011fa, qon\u015fularla \u0259m\u0259kda\u015fl\u0131q v\u0259 qar\u015f\u0131l\u0131ql\u0131 anla\u015fma m\u00fchitind\u0259 ya\u015fama\u011fa imkan ver\u0259c\u0259k.<\/p>\n<p>Az\u0259rbaycana s\u0259mimi-q\u0259lbd\u0259n s\u00fclh v\u0259 t\u0259r\u0259qqi, dahi Heyd\u0259r \u018fliyevin o\u011fluna v\u0259 onun ail\u0259sin\u0259 uzun \u00f6m\u00fcr, m\u00f6hk\u0259m cansa\u011fl\u0131\u011f\u0131 v\u0259 xo\u015fb\u0259xtlik arzulay\u0131ram\u201d.<\/p>\n","protected":false},"excerpt":{"rendered":"<p>Qazax\u0131stan\u0131n Xalq yaz\u0131\u00e7\u0131s\u0131, g\u00f6rk\u0259mli \u015fair v\u0259 ictimai xadim Oljas S\u00fcleymenov Az\u0259rbaycan Prezidenti \u0130lham \u018fliyev\u0259 t\u0259brik m\u0259ktubu g\u00f6nd\u0259rib. Bu bar\u0259d\u0259\u00a0AZ\u018fRTAC\u00a0m\u0259lumat yay\u0131b. M\u0259ktubda deyilir: \u201cH\u00f6rm\u0259tli \u0130lham Heyd\u0259r o\u011flu, Bu g\u00fcnl\u0259rd\u0259 Az\u0259rbaycan\u0131n dostlar\u0131 Az\u0259rbaycan xalq\u0131n\u0131 V\u0259t\u0259nin \u0259razi b\u00fct\u00f6vl\u00fcy\u00fcn\u00fc t\u0259bii s\u0259rh\u0259dl\u0259r daxilind\u0259 \u00f6z g\u00fcc\u00fcn\u0259 b\u0259rpa etm\u0259si m\u00fcnasib\u0259til\u0259 t\u0259brik edirl\u0259r. 8 Noyabr Az\u0259rbaycan\u0131n m\u00fcasir tarixind\u0259 \u0259n parlaq, \u00fcmummilli bayrama \u00e7evrilib. Ke\u00e7mi\u015f SSR\u0130 respublikalar\u0131n\u0131n \u00e7oxu m\u00fcst\u0259qillik \u0259ld\u0259 ed\u0259nd\u0259 ciddi, b\u0259zil\u0259ri is\u0259 h\u0259lledilm\u0259z probleml\u0259rl\u0259 \u00fczl\u0259\u015fmi\u015fdi. Siz Ali Ba\u015f Komandan kimi Az\u0259rbaycan\u0131n \u0259sas problemini m\u00fcv\u0259ff\u0259qiyy\u0259tl\u0259 h\u0259ll etm\u0259y\u0259 nail oldunuz. Bu Q\u0259l\u0259b\u0259 erm\u0259ni xalq\u0131n\u0131n yeni n\u0259sill\u0259rin\u0259 d\u0259 \u00e7oxdan k\u00f6hn\u0259lmi\u015f,&hellip;<\/p>\n","protected":false},"author":2,"featured_media":400678,"comment_status":"closed","ping_status":"closed","sticky":false,"template":"","format":"standard","meta":{"om_disable_all_campaigns":false,"_monsterinsights_skip_tracking":false,"_monsterinsights_sitenote_active":false,"_monsterinsights_sitenote_note":"","_monsterinsights_sitenote_category":0},"categories":[4],"tags":[],"aioseo_notices":[],"gutentor_comment":0,"rttpg_featured_image_url":{"full":["https:\/\/arantv.az\/wp-content\/uploads\/2021\/11\/1618292788205325634_1000x669.jpg",620,413,false],"landscape":["https:\/\/arantv.az\/wp-content\/uploads\/2021\/11\/1618292788205325634_1000x669.jpg",620,413,false],"portraits":["https:\/\/arantv.az\/wp-content\/uploads\/2021\/11\/1618292788205325634_1000x669.jpg",620,413,false],"thumbnail":["https:\/\/arantv.az\/wp-content\/uploads\/2021\/11\/1618292788205325634_1000x669-500x280.jpg",500,280,true],"medium":["https:\/\/arantv.az\/wp-content\/uploads\/2021\/11\/1618292788205325634_1000x669-548x365.jpg",548,365,true],"large":["https:\/\/arantv.az\/wp-content\/uploads\/2021\/11\/1618292788205325634_1000x669.jpg",620,413,false],"1536x1536":["https:\/\/arantv.az\/wp-content\/uploads\/2021\/11\/1618292788205325634_1000x669.jpg",620,413,false],"2048x2048":["https:\/\/arantv.az\/wp-content\/uploads\/2021\/11\/1618292788205325634_1000x669.jpg",620,413,false],"post-thumbnail":["https:\/\/arantv.az\/wp-content\/uploads\/2021\/11\/1618292788205325634_1000x669-240x172.jpg",240,172,true],"advps-thumb-one":["https:\/\/arantv.az\/wp-content\/uploads\/2021\/11\/1618292788205325634_1000x669.jpg",620,413,false]},"rttpg_author":{"display_name":"V\u00fcsal Rafiqo\u011flu","author_link":"https:\/\/arantv.az\/?author=2"},"rttpg_comment":0,"rttpg_category":"<a href=\"https:\/\/arantv.az\/?cat=4\" rel=\"category\">Siyas\u0259t<\/a>","rttpg_excerpt":"Qazax\u0131stan\u0131n Xalq yaz\u0131\u00e7\u0131s\u0131, g\u00f6rk\u0259mli \u015fair v\u0259 ictimai xadim Oljas S\u00fcleymenov Az\u0259rbaycan Prezidenti \u0130lham \u018fliyev\u0259 t\u0259brik m\u0259ktubu g\u00f6nd\u0259rib. Bu bar\u0259d\u0259\u00a0AZ\u018fRTAC\u00a0m\u0259lumat yay\u0131b. M\u0259ktubda deyilir: \u201cH\u00f6rm\u0259tli \u0130lham Heyd\u0259r o\u011flu, Bu g\u00fcnl\u0259rd\u0259 Az\u0259rbaycan\u0131n dostlar\u0131 Az\u0259rbaycan xalq\u0131n\u0131 V\u0259t\u0259nin \u0259razi b\u00fct\u00f6vl\u00fcy\u00fcn\u00fc t\u0259bii s\u0259rh\u0259dl\u0259r daxilind\u0259 \u00f6z g\u00fcc\u00fcn\u0259 b\u0259rpa etm\u0259si m\u00fcnasib\u0259til\u0259 t\u0259brik edirl\u0259r. 8 Noyabr Az\u0259rbaycan\u0131n m\u00fcasir tarixind\u0259 \u0259n parlaq, \u00fcmummilli bayrama \u00e7evrilib.&hellip;","_links":{"self":[{"href":"https:\/\/arantv.az\/index.php?rest_route=\/wp\/v2\/posts\/400677"}],"collection":[{"href":"https:\/\/arantv.az\/index.php?rest_route=\/wp\/v2\/posts"}],"about":[{"href":"https:\/\/arantv.az\/index.php?rest_route=\/wp\/v2\/types\/post"}],"author":[{"embeddable":true,"href":"https:\/\/arantv.az\/index.php?rest_route=\/wp\/v2\/users\/2"}],"replies":[{"embeddable":true,"href":"https:\/\/arantv.az\/index.php?rest_route=%2Fwp%2Fv2%2Fcomments&post=400677"}],"version-history":[{"count":0,"href":"https:\/\/arantv.az\/index.php?rest_route=\/wp\/v2\/posts\/400677\/revisions"}],"wp:featuredmedia":[{"embeddable":true,"href":"https:\/\/arantv.az\/index.php?rest_route=\/wp\/v2\/media\/400678"}],"wp:attachment":[{"href":"https:\/\/arantv.az\/index.php?rest_route=%2Fwp%2Fv2%2Fmedia&parent=400677"}],"wp:term":[{"taxonomy":"category","embeddable":true,"href":"https:\/\/arantv.az\/index.php?rest_route=%2Fwp%2Fv2%2Fcategories&post=400677"},{"taxonomy":"post_tag","embeddable":true,"href":"https:\/\/arantv.az\/index.php?rest_route=%2Fwp%2Fv2%2Ftags&post=400677"}],"curies":[{"name":"wp","href":"https:\/\/api.w.org\/{rel}","templated":true}]}}