{"id":400688,"date":"2021-11-06T15:49:55","date_gmt":"2021-11-06T12:49:55","guid":{"rendered":"http:\/\/arantv.az\/?p=400688"},"modified":"2021-11-06T15:49:55","modified_gmt":"2021-11-06T12:49:55","slug":"darxan-kidir%c9%99lid%c9%99n-prezident-ilham-%c9%99liyev%c9%99-t%c9%99brik-m%c9%99ktubu-g%c9%99lib","status":"publish","type":"post","link":"https:\/\/arantv.az\/?p=400688","title":{"rendered":"Darxan K\u0131d\u0131r\u0259lid\u0259n Prezident \u0130lham \u018fliyev\u0259 t\u0259brik m\u0259ktubu g\u0259lib"},"content":{"rendered":"<p><strong>Beyn\u0259lxalq T\u00fcrk Akademiyas\u0131n\u0131n prezidenti Darxan K\u0131d\u0131r\u0259lid\u0259n Az\u0259rbaycan Respublikas\u0131n\u0131n Prezidenti \u0130lham \u018fliyev\u0259 t\u0259brik m\u0259ktubu g\u0259lib.<\/strong><\/p>\n<p><strong>ARANTV.AZ\u00a0<\/strong> <a href=\"http:\/\/azertag.az\/\" target=\"_blank\" rel=\"noopener\">AZ\u018fRTAC<\/a>-a istinad\u0259n bildirir ki,\u00a0m\u0259ktubda deyilir:<\/p>\n<p>&#8220;Zati-alil\u0259ri, m\u00f6ht\u0259r\u0259m c\u0259nab Prezident,<\/p>\n<p>8 Noyabr &#8211; Z\u0259f\u0259r G\u00fcn\u00fc m\u00fcnasib\u0259til\u0259 Siz\u0259, qarda\u015f Az\u0259rbaycan xalq\u0131na \u0259n s\u0259mimi t\u0259brikl\u0259rimi v\u0259 xo\u015f arzular\u0131m\u0131 \u00e7atd\u0131rmaqdan \u015f\u0259r\u0259f duyuram.<\/p>\n<p>Sizin r\u0259hb\u0259rliyinizl\u0259 q\u0259hr\u0259man Az\u0259rbaycan xalq\u0131, r\u0259\u015fad\u0259tli Az\u0259rbaycan Ordusu onill\u0259r boyunca davam ed\u0259n haqs\u0131zl\u0131\u011fa, z\u00fclm\u0259, \u0259dal\u0259tsizliy\u0259 v\u0259 h\u00fcquqsuzlu\u011fa son qoydu, Birl\u0259\u015fmi\u015f Mill\u0259tl\u0259r T\u0259\u015fkilat\u0131n\u0131n q\u0259tnam\u0259l\u0259rini \u00f6z g\u00fcc\u00fc il\u0259 icra etm\u0259kl\u0259 ikili standartlar\u0131 z\u0259r\u0259rsizl\u0259\u015fdirdi.<\/p>\n<p>Bu \u015fanl\u0131 Z\u0259f\u0259r birlik, d\u00f6nm\u0259zlik v\u0259 \u0259yilm\u0259z irad\u0259nin r\u0259mzi kimi yaln\u0131z qarda\u015f Az\u0259rbaycan\u0131n deyil, b\u00fct\u00fcn t\u00fcrk d\u00fcnyas\u0131n\u0131n tarixin\u0259 q\u0131z\u0131l h\u0259rfl\u0259rl\u0259 \u0259b\u0259di h\u0259kk olundu.<\/p>\n<p>T\u00fcrk d\u00fcnyas\u0131nda milli kimliyin, d\u00fc\u015f\u00fcnc\u0259 v\u0259 fikir birliyinin y\u00fcks\u0259k s\u0259viyy\u0259y\u0259 qalxmas\u0131na v\u0259sil\u0259 olan, s\u0259m\u0259r\u0259li v\u0259 faydal\u0131 \u0259m\u0259kda\u015fl\u0131\u011f\u0131m\u0131za yeni \u00fcf\u00fcql\u0259r a\u00e7an m\u00f6ht\u0259\u015f\u0259m Z\u0259f\u0259r G\u00fcn\u00fc m\u00fcnasib\u0259til\u0259 Zati-alinizi bir daha t\u0259brik edir\u0259m. Siz\u0259 ali d\u00f6vl\u0259ti f\u0259aliyy\u0259tinizd\u0259 u\u011furlar arzulay\u0131r, qarda\u015f Az\u0259rbaycan\u0131m\u0131za s\u00fclh, inki\u015faf, \u0259min-amanl\u0131q v\u0259 firavanl\u0131q dil\u0259yir\u0259m&#8221;.<\/p>\n","protected":false},"excerpt":{"rendered":"<p>Beyn\u0259lxalq T\u00fcrk Akademiyas\u0131n\u0131n prezidenti Darxan K\u0131d\u0131r\u0259lid\u0259n Az\u0259rbaycan Respublikas\u0131n\u0131n Prezidenti \u0130lham \u018fliyev\u0259 t\u0259brik m\u0259ktubu g\u0259lib. ARANTV.AZ\u00a0 AZ\u018fRTAC-a istinad\u0259n bildirir ki,\u00a0m\u0259ktubda deyilir: &#8220;Zati-alil\u0259ri, m\u00f6ht\u0259r\u0259m c\u0259nab Prezident, 8 Noyabr &#8211; Z\u0259f\u0259r G\u00fcn\u00fc m\u00fcnasib\u0259til\u0259 Siz\u0259, qarda\u015f Az\u0259rbaycan xalq\u0131na \u0259n s\u0259mimi t\u0259brikl\u0259rimi v\u0259 xo\u015f arzular\u0131m\u0131 \u00e7atd\u0131rmaqdan \u015f\u0259r\u0259f duyuram. Sizin r\u0259hb\u0259rliyinizl\u0259 q\u0259hr\u0259man Az\u0259rbaycan xalq\u0131, r\u0259\u015fad\u0259tli Az\u0259rbaycan Ordusu onill\u0259r boyunca davam ed\u0259n haqs\u0131zl\u0131\u011fa, z\u00fclm\u0259, \u0259dal\u0259tsizliy\u0259 v\u0259 h\u00fcquqsuzlu\u011fa son qoydu, Birl\u0259\u015fmi\u015f Mill\u0259tl\u0259r T\u0259\u015fkilat\u0131n\u0131n q\u0259tnam\u0259l\u0259rini \u00f6z g\u00fcc\u00fc il\u0259 icra etm\u0259kl\u0259 ikili standartlar\u0131 z\u0259r\u0259rsizl\u0259\u015fdirdi. Bu \u015fanl\u0131 Z\u0259f\u0259r birlik, d\u00f6nm\u0259zlik v\u0259 \u0259yilm\u0259z irad\u0259nin r\u0259mzi kimi yaln\u0131z qarda\u015f Az\u0259rbaycan\u0131n deyil, b\u00fct\u00fcn t\u00fcrk&hellip;<\/p>\n","protected":false},"author":2,"featured_media":400689,"comment_status":"closed","ping_status":"closed","sticky":false,"template":"","format":"standard","meta":{"om_disable_all_campaigns":false,"_monsterinsights_skip_tracking":false,"_monsterinsights_sitenote_active":false,"_monsterinsights_sitenote_note":"","_monsterinsights_sitenote_category":0},"categories":[4],"tags":[],"aioseo_notices":[],"gutentor_comment":0,"rttpg_featured_image_url":{"full":["https:\/\/arantv.az\/wp-content\/uploads\/2021\/11\/ilham_aliyev_2020_53-2.jpg",800,600,false],"landscape":["https:\/\/arantv.az\/wp-content\/uploads\/2021\/11\/ilham_aliyev_2020_53-2.jpg",800,600,false],"portraits":["https:\/\/arantv.az\/wp-content\/uploads\/2021\/11\/ilham_aliyev_2020_53-2.jpg",800,600,false],"thumbnail":["https:\/\/arantv.az\/wp-content\/uploads\/2021\/11\/ilham_aliyev_2020_53-2-500x280.jpg",500,280,true],"medium":["https:\/\/arantv.az\/wp-content\/uploads\/2021\/11\/ilham_aliyev_2020_53-2-487x365.jpg",487,365,true],"large":["https:\/\/arantv.az\/wp-content\/uploads\/2021\/11\/ilham_aliyev_2020_53-2.jpg",640,480,false],"1536x1536":["https:\/\/arantv.az\/wp-content\/uploads\/2021\/11\/ilham_aliyev_2020_53-2.jpg",800,600,false],"2048x2048":["https:\/\/arantv.az\/wp-content\/uploads\/2021\/11\/ilham_aliyev_2020_53-2.jpg",800,600,false],"post-thumbnail":["https:\/\/arantv.az\/wp-content\/uploads\/2021\/11\/ilham_aliyev_2020_53-2-240x172.jpg",240,172,true],"advps-thumb-one":["https:\/\/arantv.az\/wp-content\/uploads\/2021\/11\/ilham_aliyev_2020_53-2.jpg",800,600,false]},"rttpg_author":{"display_name":"V\u00fcsal Rafiqo\u011flu","author_link":"https:\/\/arantv.az\/?author=2"},"rttpg_comment":0,"rttpg_category":"<a href=\"https:\/\/arantv.az\/?cat=4\" rel=\"category\">Siyas\u0259t<\/a>","rttpg_excerpt":"Beyn\u0259lxalq T\u00fcrk Akademiyas\u0131n\u0131n prezidenti Darxan K\u0131d\u0131r\u0259lid\u0259n Az\u0259rbaycan Respublikas\u0131n\u0131n Prezidenti \u0130lham \u018fliyev\u0259 t\u0259brik m\u0259ktubu g\u0259lib. ARANTV.AZ\u00a0 AZ\u018fRTAC-a istinad\u0259n bildirir ki,\u00a0m\u0259ktubda deyilir: &#8220;Zati-alil\u0259ri, m\u00f6ht\u0259r\u0259m c\u0259nab Prezident, 8 Noyabr &#8211; Z\u0259f\u0259r G\u00fcn\u00fc m\u00fcnasib\u0259til\u0259 Siz\u0259, qarda\u015f Az\u0259rbaycan xalq\u0131na \u0259n s\u0259mimi t\u0259brikl\u0259rimi v\u0259 xo\u015f arzular\u0131m\u0131 \u00e7atd\u0131rmaqdan \u015f\u0259r\u0259f duyuram. Sizin r\u0259hb\u0259rliyinizl\u0259 q\u0259hr\u0259man Az\u0259rbaycan xalq\u0131, r\u0259\u015fad\u0259tli Az\u0259rbaycan Ordusu onill\u0259r boyunca davam ed\u0259n&hellip;","_links":{"self":[{"href":"https:\/\/arantv.az\/index.php?rest_route=\/wp\/v2\/posts\/400688"}],"collection":[{"href":"https:\/\/arantv.az\/index.php?rest_route=\/wp\/v2\/posts"}],"about":[{"href":"https:\/\/arantv.az\/index.php?rest_route=\/wp\/v2\/types\/post"}],"author":[{"embeddable":true,"href":"https:\/\/arantv.az\/index.php?rest_route=\/wp\/v2\/users\/2"}],"replies":[{"embeddable":true,"href":"https:\/\/arantv.az\/index.php?rest_route=%2Fwp%2Fv2%2Fcomments&post=400688"}],"version-history":[{"count":0,"href":"https:\/\/arantv.az\/index.php?rest_route=\/wp\/v2\/posts\/400688\/revisions"}],"wp:featuredmedia":[{"embeddable":true,"href":"https:\/\/arantv.az\/index.php?rest_route=\/wp\/v2\/media\/400689"}],"wp:attachment":[{"href":"https:\/\/arantv.az\/index.php?rest_route=%2Fwp%2Fv2%2Fmedia&parent=400688"}],"wp:term":[{"taxonomy":"category","embeddable":true,"href":"https:\/\/arantv.az\/index.php?rest_route=%2Fwp%2Fv2%2Fcategories&post=400688"},{"taxonomy":"post_tag","embeddable":true,"href":"https:\/\/arantv.az\/index.php?rest_route=%2Fwp%2Fv2%2Ftags&post=400688"}],"curies":[{"name":"wp","href":"https:\/\/api.w.org\/{rel}","templated":true}]}}