{"id":400691,"date":"2021-11-06T15:50:30","date_gmt":"2021-11-06T12:50:30","guid":{"rendered":"http:\/\/arantv.az\/?p=400691"},"modified":"2021-11-06T15:50:30","modified_gmt":"2021-11-06T12:50:30","slug":"ceyhun-bayramov-abs-dovl%c9%99t-katibinin-kom%c9%99kcisinin-muavini-il%c9%99-regiondaki-v%c9%99ziyy%c9%99ti-muzakir%c9%99-etdi-foto","status":"publish","type":"post","link":"https:\/\/arantv.az\/?p=400691","title":{"rendered":"Ceyhun Bayramov AB\u015e d\u00f6vl\u0259t katibinin k\u00f6m\u0259k\u00e7isinin m\u00fcavini il\u0259 regiondak\u0131 v\u0259ziyy\u0259ti m\u00fczakir\u0259 etdi &#8211; FOTO"},"content":{"rendered":"<p>Xarici i\u015fl\u0259r naziri Ceyhun Bayramov AB\u015e d\u00f6vl\u0259t katibinin k\u00f6m\u0259k\u00e7isinin Qafqaz m\u0259s\u0259l\u0259l\u0259ri, regional m\u00fcnaqi\u015f\u0259l\u0259r v\u0259 C\u0259nubi Avropa m\u0259s\u0259l\u0259l\u0259ri \u00fczr\u0259 m\u00fcavini Erika Olsonla g\u00f6r\u00fc\u015f\u00fcb.<\/p>\n<p>Bu bar\u0259d\u0259 Xarici \u0130\u015fl\u0259r Nazirliyind\u0259n m\u0259lumat yay\u0131b.<\/p>\n<p>Bildirilib ki, C.Bayramov AB\u015e d\u00f6vl\u0259t katibinin k\u00f6m\u0259k\u00e7isinin regional s\u0259f\u0259ri \u00e7\u0259r\u00e7iv\u0259sind\u0259 Az\u0259rbaycana s\u0259f\u0259r etm\u0259sinin Az\u0259rbaycan-AB\u015e ikit\u0259r\u0259fli m\u00fcnasib\u0259tl\u0259rinin inki\u015faf\u0131 perspektivl\u0259rinin m\u00fczakir\u0259si, habel\u0259 regiondak\u0131 cari v\u0259ziyy\u0259tl\u0259\u00a0tan\u0131\u015fl\u0131q bax\u0131m\u0131ndan \u0259h\u0259miyy\u0259t k\u0259sb etdiyini bildirib. \u0130ki \u00f6lk\u0259 aras\u0131nda uzun v\u0259 u\u011furlu t\u0259r\u0259fda\u015fl\u0131q m\u00fcnasib\u0259tl\u0259rinin m\u00f6vcud oldu\u011fu vur\u011fulan\u0131b.<\/p>\n<div id=\"AdviadNativeVideo0\" class=\"AdviadNativeVideo\"><\/div>\n<p>AB\u015e d\u00f6vl\u0259t katibinin k\u00f6m\u0259k\u00e7isinin Qafqaz m\u0259s\u0259l\u0259l\u0259ri, regional m\u00fcnaqi\u015f\u0259l\u0259r v\u0259 C\u0259nubi Avropa m\u0259s\u0259l\u0259l\u0259ri \u00fczr\u0259 m\u00fcavini Erika Olson s\u0259f\u0259ri \u00e7\u0259r\u00e7iv\u0259sind\u0259 Az\u0259rbaycan prezidenti il\u0259 \u00e7ox m\u0259hsuldar g\u00f6r\u00fc\u015f\u00fcn ke\u00e7irildiyini qeyd edib. Az\u0259rbaycan\u0131n NATO-nun s\u00fclhm\u0259raml\u0131 missiyas\u0131 \u00e7\u0259r\u00e7iv\u0259sind\u0259 \u018ffqan\u0131standa t\u0259hl\u00fck\u0259sizliyin t\u0259min edilm\u0259sin\u0259 verdiyi d\u0259st\u0259k y\u00fcks\u0259k qiym\u0259tl\u0259ndirilib v\u0259 bu x\u00fcsusda t\u0259\u015f\u0259kk\u00fcr ifad\u0259 edilib.<\/p>\n<p>G\u00f6r\u00fc\u015fd\u0259 t\u0259r\u0259fl\u0259r postm\u00fcnaqi\u015f\u0259 m\u0259rh\u0259l\u0259sind\u0259 b\u00f6lg\u0259d\u0259 m\u00f6vcud olan cari v\u0259ziyy\u0259t \u0259traf\u0131nda fikir m\u00fcbadil\u0259si apar\u0131blar. Nazir \u00fc\u00e7t\u0259r\u0259fli b\u0259yanatlar\u0131n icras\u0131 \u00fc\u00e7\u00fcn Az\u0259rbaycan t\u0259r\u0259find\u0259n birt\u0259r\u0259fli qaydada at\u0131lan add\u0131mlar il\u0259 ba\u011fl\u0131 qar\u015f\u0131 t\u0259r\u0259f\u0259 m\u0259lumat verib.<\/p>\n<p>G\u00f6r\u00fc\u015fd\u0259 t\u0259r\u0259fl\u0259r qar\u015f\u0131l\u0131ql\u0131 maraq do\u011furan dig\u0259r m\u0259s\u0259l\u0259l\u0259ri m\u00fczakir\u0259 edibl\u0259r.<\/p>\n<p>&nbsp;<\/p>\n<div class=\"gallery\">\n<div class=\"gallery-i\"><img src=\"https:\/\/cdn.oxu.az\/uploads\/W1siZiIsIjIwMjEvMTEvMDYvMTYvMjEvMjcvNGJhZmZhZDItYmRhOC00YjUzLWEwODUtYWVlYWUxOTc3YzBhL2FtZXJpa2EyLmpwZyJdLFsicCIsImVuY29kZSIsImpwZyIsIi1xdWFsaXR5IDgwIl0sWyJwIiwidGh1bWIiLCI1OTB4NTkwXHUwMDNlIl1d?sha=13ac50941c4f85cf\" alt=\"\" \/><\/p>\n<div class=\"gallery-i-caption\"><\/div>\n<\/div>\n<div class=\"gallery-i\"><img src=\"https:\/\/cdn.oxu.az\/uploads\/W1siZiIsIjIwMjEvMTEvMDYvMTYvMjEvMjcvZGRiNmVjNjYtMGMzYi00MWZjLWFkNTctOTI1MDI1NzVhMjhhL2FtZXJpa2EzLmpwZyJdLFsicCIsImVuY29kZSIsImpwZyIsIi1xdWFsaXR5IDgwIl0sWyJwIiwidGh1bWIiLCI1OTB4NTkwXHUwMDNlIl1d?sha=d4024613d50234cf\" alt=\"\" \/><\/div>\n<\/div>\n","protected":false},"excerpt":{"rendered":"<p>Xarici i\u015fl\u0259r naziri Ceyhun Bayramov AB\u015e d\u00f6vl\u0259t katibinin k\u00f6m\u0259k\u00e7isinin Qafqaz m\u0259s\u0259l\u0259l\u0259ri, regional m\u00fcnaqi\u015f\u0259l\u0259r v\u0259 C\u0259nubi Avropa m\u0259s\u0259l\u0259l\u0259ri \u00fczr\u0259 m\u00fcavini Erika Olsonla g\u00f6r\u00fc\u015f\u00fcb. Bu bar\u0259d\u0259 Xarici \u0130\u015fl\u0259r Nazirliyind\u0259n m\u0259lumat yay\u0131b. Bildirilib ki, C.Bayramov AB\u015e d\u00f6vl\u0259t katibinin k\u00f6m\u0259k\u00e7isinin regional s\u0259f\u0259ri \u00e7\u0259r\u00e7iv\u0259sind\u0259 Az\u0259rbaycana s\u0259f\u0259r etm\u0259sinin Az\u0259rbaycan-AB\u015e ikit\u0259r\u0259fli m\u00fcnasib\u0259tl\u0259rinin inki\u015faf\u0131 perspektivl\u0259rinin m\u00fczakir\u0259si, habel\u0259 regiondak\u0131 cari v\u0259ziyy\u0259tl\u0259\u00a0tan\u0131\u015fl\u0131q bax\u0131m\u0131ndan \u0259h\u0259miyy\u0259t k\u0259sb etdiyini bildirib. \u0130ki \u00f6lk\u0259 aras\u0131nda uzun v\u0259 u\u011furlu t\u0259r\u0259fda\u015fl\u0131q m\u00fcnasib\u0259tl\u0259rinin m\u00f6vcud oldu\u011fu vur\u011fulan\u0131b. AB\u015e d\u00f6vl\u0259t katibinin k\u00f6m\u0259k\u00e7isinin Qafqaz m\u0259s\u0259l\u0259l\u0259ri, regional m\u00fcnaqi\u015f\u0259l\u0259r v\u0259 C\u0259nubi Avropa m\u0259s\u0259l\u0259l\u0259ri \u00fczr\u0259 m\u00fcavini Erika Olson s\u0259f\u0259ri \u00e7\u0259r\u00e7iv\u0259sind\u0259 Az\u0259rbaycan prezidenti il\u0259 \u00e7ox&hellip;<\/p>\n","protected":false},"author":2,"featured_media":400692,"comment_status":"closed","ping_status":"closed","sticky":false,"template":"","format":"standard","meta":{"om_disable_all_campaigns":false,"_monsterinsights_skip_tracking":false,"_monsterinsights_sitenote_active":false,"_monsterinsights_sitenote_note":"","_monsterinsights_sitenote_category":0},"categories":[4],"tags":[],"aioseo_notices":[],"gutentor_comment":0,"rttpg_featured_image_url":{"full":["https:\/\/arantv.az\/wp-content\/uploads\/2021\/11\/FotoJet-2021-11-06T162024.855.jpg",620,413,false],"landscape":["https:\/\/arantv.az\/wp-content\/uploads\/2021\/11\/FotoJet-2021-11-06T162024.855.jpg",620,413,false],"portraits":["https:\/\/arantv.az\/wp-content\/uploads\/2021\/11\/FotoJet-2021-11-06T162024.855.jpg",620,413,false],"thumbnail":["https:\/\/arantv.az\/wp-content\/uploads\/2021\/11\/FotoJet-2021-11-06T162024.855-500x280.jpg",500,280,true],"medium":["https:\/\/arantv.az\/wp-content\/uploads\/2021\/11\/FotoJet-2021-11-06T162024.855-548x365.jpg",548,365,true],"large":["https:\/\/arantv.az\/wp-content\/uploads\/2021\/11\/FotoJet-2021-11-06T162024.855.jpg",620,413,false],"1536x1536":["https:\/\/arantv.az\/wp-content\/uploads\/2021\/11\/FotoJet-2021-11-06T162024.855.jpg",620,413,false],"2048x2048":["https:\/\/arantv.az\/wp-content\/uploads\/2021\/11\/FotoJet-2021-11-06T162024.855.jpg",620,413,false],"post-thumbnail":["https:\/\/arantv.az\/wp-content\/uploads\/2021\/11\/FotoJet-2021-11-06T162024.855-240x172.jpg",240,172,true],"advps-thumb-one":["https:\/\/arantv.az\/wp-content\/uploads\/2021\/11\/FotoJet-2021-11-06T162024.855.jpg",620,413,false]},"rttpg_author":{"display_name":"V\u00fcsal Rafiqo\u011flu","author_link":"https:\/\/arantv.az\/?author=2"},"rttpg_comment":0,"rttpg_category":"<a href=\"https:\/\/arantv.az\/?cat=4\" rel=\"category\">Siyas\u0259t<\/a>","rttpg_excerpt":"Xarici i\u015fl\u0259r naziri Ceyhun Bayramov AB\u015e d\u00f6vl\u0259t katibinin k\u00f6m\u0259k\u00e7isinin Qafqaz m\u0259s\u0259l\u0259l\u0259ri, regional m\u00fcnaqi\u015f\u0259l\u0259r v\u0259 C\u0259nubi Avropa m\u0259s\u0259l\u0259l\u0259ri \u00fczr\u0259 m\u00fcavini Erika Olsonla g\u00f6r\u00fc\u015f\u00fcb. Bu bar\u0259d\u0259 Xarici \u0130\u015fl\u0259r Nazirliyind\u0259n m\u0259lumat yay\u0131b. Bildirilib ki, C.Bayramov AB\u015e d\u00f6vl\u0259t katibinin k\u00f6m\u0259k\u00e7isinin regional s\u0259f\u0259ri \u00e7\u0259r\u00e7iv\u0259sind\u0259 Az\u0259rbaycana s\u0259f\u0259r etm\u0259sinin Az\u0259rbaycan-AB\u015e ikit\u0259r\u0259fli m\u00fcnasib\u0259tl\u0259rinin inki\u015faf\u0131 perspektivl\u0259rinin m\u00fczakir\u0259si, habel\u0259 regiondak\u0131 cari v\u0259ziyy\u0259tl\u0259\u00a0tan\u0131\u015fl\u0131q bax\u0131m\u0131ndan \u0259h\u0259miyy\u0259t k\u0259sb&hellip;","_links":{"self":[{"href":"https:\/\/arantv.az\/index.php?rest_route=\/wp\/v2\/posts\/400691"}],"collection":[{"href":"https:\/\/arantv.az\/index.php?rest_route=\/wp\/v2\/posts"}],"about":[{"href":"https:\/\/arantv.az\/index.php?rest_route=\/wp\/v2\/types\/post"}],"author":[{"embeddable":true,"href":"https:\/\/arantv.az\/index.php?rest_route=\/wp\/v2\/users\/2"}],"replies":[{"embeddable":true,"href":"https:\/\/arantv.az\/index.php?rest_route=%2Fwp%2Fv2%2Fcomments&post=400691"}],"version-history":[{"count":0,"href":"https:\/\/arantv.az\/index.php?rest_route=\/wp\/v2\/posts\/400691\/revisions"}],"wp:featuredmedia":[{"embeddable":true,"href":"https:\/\/arantv.az\/index.php?rest_route=\/wp\/v2\/media\/400692"}],"wp:attachment":[{"href":"https:\/\/arantv.az\/index.php?rest_route=%2Fwp%2Fv2%2Fmedia&parent=400691"}],"wp:term":[{"taxonomy":"category","embeddable":true,"href":"https:\/\/arantv.az\/index.php?rest_route=%2Fwp%2Fv2%2Fcategories&post=400691"},{"taxonomy":"post_tag","embeddable":true,"href":"https:\/\/arantv.az\/index.php?rest_route=%2Fwp%2Fv2%2Ftags&post=400691"}],"curies":[{"name":"wp","href":"https:\/\/api.w.org\/{rel}","templated":true}]}}