{"id":400694,"date":"2021-11-06T15:51:33","date_gmt":"2021-11-06T12:51:33","guid":{"rendered":"http:\/\/arantv.az\/?p=400694"},"modified":"2021-11-06T15:51:33","modified_gmt":"2021-11-06T12:51:33","slug":"az%c9%99rbaycan-oz-torpaqlarini-isgaldan-azad-etm%c9%99kl%c9%99-bmt-q%c9%99tnam%c9%99l%c9%99rinin-icrasina-nail-oldu","status":"publish","type":"post","link":"https:\/\/arantv.az\/?p=400694","title":{"rendered":"Az\u0259rbaycan \u00f6z torpaqlar\u0131n\u0131 i\u015f\u011faldan azad etm\u0259kl\u0259 BMT q\u0259tnam\u0259l\u0259rinin icras\u0131na nail oldu"},"content":{"rendered":"<p>Az\u0259rbaycan Sosial Rifah Partiyas\u0131 Z\u0259f\u0259r G\u00fcn\u00fc m\u00fcnasib\u0259ti ba\u011fl\u0131 b\u0259yanat yay\u0131b.<\/p>\n<p><strong>ARANTV.AZ\u00a0 <\/strong>b\u0259yanat\u0131 t\u0259qdim edir:<\/p>\n<p>30 il idi ki, Az\u0259rbaycan torpaqlar\u0131n\u0131n 20 faizind\u0259n \u00e7oxu Erm\u0259nistan t\u0259r\u0259find\u0259n i\u015f\u011fal olunmu\u015fdu. Bu g\u00fcn art\u0131q Az\u0259rbaycan \u00f6z torpaqlar\u0131n\u0131 erm\u0259ni i\u015f\u011fal\u0131ndan azad etm\u0259y\u0259 m\u00fcv\u0259ff\u0259q olmu\u015f, h\u0259tta Z\u0259f\u0259r tarixinin ilk il d\u00f6n\u00fcm\u00fcn\u00fc qeyd edirik. Qazand\u0131\u011f\u0131m\u0131z Q\u0259l\u0259b\u0259d\u0259n d\u00fcz bir il ke\u00e7s\u0259 d\u0259, q\u0131sa zaman k\u0259siyind\u0259 i\u015f\u011faldan azad olunmu\u015f v\u0259 erm\u0259ni barbarlar\u0131 t\u0259r\u0259find\u0259n xarabal\u0131\u011fa \u00e7evril\u0259n \u0259razil\u0259rd\u0259 Az\u0259rbaycan\u0131n g\u00f6rd\u00fcy\u00fc yenid\u0259nqurma v\u0259 b\u0259rpa i\u015fl\u0259ri d\u0259, beyn\u0259lxalq ictimaiyy\u0259tin g\u00f6z\u00fcnd\u0259n qa\u00e7mamal\u0131d\u0131r. Bu faktd\u0131r v\u0259 Az\u0259rbaycan\u0131n tarixi \u0259dal\u0259ti b\u0259rpa etdiyi and\u0131r!<\/p>\n<p>D\u00fcnya ictimaiyy\u0259ti, x\u00fcsus\u0259n\u00a0 Q\u0259rbin apar\u0131c\u0131 d\u00f6vl\u0259tl\u0259ri, o c\u00fcml\u0259d\u0259n bir s\u0131ra beyn\u0259lxalq t\u0259\u015fkilatlar bu g\u00fcn d\u0259, Az\u0259rbaycana qar\u015f\u0131 ikili standartlar t\u0259tbiq etm\u0259y\u0259 \u00e7\u0259kinmirl\u0259r. Etiraf etm\u0259k g\u0259r\u0259kir ki, beyn\u0259lxalq h\u00fcquq v\u0259 qanunlar h\u0259r zaman Da\u011fl\u0131q Qaraba\u011f\u0131 Az\u0259rbaycan \u0259razisi kimi tan\u0131y\u0131r. Bu g\u00fcn d\u0259, bir s\u0131ra Q\u0259rb \u00f6lk\u0259l\u0259ri\u00a0 Az\u0259rbaycn t\u0259r\u0259find\u0259n qazan\u0131lm\u0131\u015f z\u0259f\u0259r\u0259 r\u0259\u011fm\u0259n, regionda s\u00fclh v\u0259 \u0259minamanl\u0131\u011f\u0131n b\u0259rq\u0259rar olmas\u0131na r\u0259\u011fm\u0259n h\u0259l\u0259 d\u0259 m\u00fcnaqi\u015f\u0259nin \u0259dal\u0259tli h\u0259llin\u0259 \u0259ng\u0259l olmaqda davam edirl\u0259r. Onlar h\u0259r zaman Az\u0259rbaycan\u0131n \u0259razi b\u00fct\u00f6vl\u00fcy\u00fcn\u00fc tan\u0131d\u0131qlar\u0131n\u0131 b\u0259yan ets\u0259l\u0259r d\u0259, AT\u018fT-in Minsk qrupu olaraq ill\u0259rl\u0259 m\u00fcnaqi\u015f\u0259nin h\u0259llin\u0259 dair q\u0259ti add\u0131mlar\u0131n at\u0131lmas\u0131na, i\u015f\u011fal\u00e7\u0131 Erm\u0259nistana t\u0259zyiq mexanizml\u0259rinin g\u00fccl\u0259ndirilm\u0259sin\u0259 s\u0259y g\u00f6st\u0259rm\u0259dil\u0259r. Bu is\u0259 onlar\u0131n vasit\u0259\u00e7i qismind\u0259 f\u0259aliyy\u0259tnin u\u011fursuz oldu\u011funu s\u00f6yl\u0259m\u0259y\u0259 \u0259sas verir.<\/p>\n<p>B\u00fct\u00fcn bunlara baxmayaraq, 44 g\u00fcnl\u00fck m\u00fcharib\u0259 d\u00fcnya ictimaiyy\u0259tin\u0259 n\u0259inki Erm\u0259nistan\u0131n i\u015f\u011fal\u00e7\u0131, terror\u00e7u v\u0259 separat\u00e7\u0131 oldu\u011funu s\u00fcbut etdi. Eyni zamanda Az\u0259rbaycan Ermenistan\u0131n ill\u0259rdir apard\u0131\u011f\u0131 m\u0259kirli siyas\u0259ti if\u015fa etm\u0259y\u0259 m\u00fcv\u0259ff\u0259q oldu. D\u00fcnya ictimaiyy\u0259ti n\u0259 q\u0259d\u0259r ikili standartlardan \u00e7\u0131x\u0131\u015f ets\u0259 d\u0259, bu Az\u0259rbaycan\u0131 \u00f6z haqq yolundan \u00e7\u0259kindirmir. Az\u0259rbaycan beyn\u0259lxalq h\u00fcququn b\u00fct\u00fcn normalar\u0131na riay\u0259t edir. Erm\u0259nistana qar\u015f\u0131 q\u0259tnam\u0259l\u0259r q\u0259bul ed\u0259n beyn\u0259lxalq t\u0259\u015fkilatlar, x\u00fcsus\u0259n BMT T\u015e-n\u0131n 4 q\u0259tnam\u0259si icra edilm\u0259di. Az\u0259rbaycan is\u0259 \u00f6z torpaqlar\u0131n\u0131 i\u015f\u011faldan azad etm\u0259kl\u0259 h\u0259m d\u0259 bu q\u0259tnam\u0259l\u0259rin icras\u0131na nail oldu.<\/p>\n<p>Az\u0259rbaycan 44 g\u00fcn \u0259rzind\u0259 d\u00f6y\u00fc\u015f meydan\u0131 il\u0259 yana\u015f\u0131, informasiya m\u0259kan\u0131nda da erm\u0259nil\u0259r\u0259 v\u0259 onlar\u0131 d\u0259st\u0259kl\u0259y\u0259n bir s\u0131ra m\u0259rk\u0259z\u0259l\u0259r\u0259 qar\u015f\u0131 u\u011furlu m\u00fcbariz\u0259 apard\u0131. Q\u0259r\u0259zli, erm\u0259nip\u0259r\u0259st, b\u0259zi hallarda a\u00e7\u0131q \u015fantaj ritorikas\u0131na ke\u00e7\u0259n &#8220;beyn\u0259lxalq m\u0259tbuat&#8221;\u0131n n\u00fcmay\u0259nd\u0259l\u0259rin\u0259 \u015f\u0259xs\u0259n Az\u0259rbaycan Respublikas\u0131n\u0131n Prezidenti cavab verdi. 44 g\u00fcn \u0259rzind\u0259 m\u00fcsahib\u0259l\u0259rind\u0259ki tutarl\u0131, arqumentli faktlar\u0131 il\u0259 d\u00fcnya ictimaiyy\u0259tinin g\u00f6z\u00fc \u00f6n\u00fcnd\u0259 ill\u0259rdir erm\u0259nil\u0259rin t\u0259bli\u011f etm\u0259y\u0259 \u00e7al\u0131\u015fd\u0131\u011f\u0131 &#8220;yalan ma\u015f\u0131n\u0131n\u0131&#8221; darmada\u011f\u0131n etm\u0259y\u0259 nail oldu. Bel\u0259l\u0259ikl\u0259, ist\u0259r m\u00fcharib\u0259 meyhdan\u0131nda, ist\u0259rs\u0259 d\u0259 informasiya m\u0259kan\u0131nda Az\u0259rbaycan q\u0259tiyy\u0259tli q\u0259l\u0259b\u0259 qazand\u0131. \u0130\u015f\u011fala son veriildi, terrora qalib g\u0259lindi, regiona bar\u0131\u015f v\u0259 s\u00fclh g\u0259trildi.<\/p>\n<p>T\u0259\u0259ss\u00fcfl\u0259ndirici hald\u0131r ik, beyn\u0259lxalq ictimaiyy\u0259t i\u015f\u011fal\u00e7\u0131 Erm\u0259nistan\u0131n t\u00f6r\u0259tdiyi cinay\u0259tl\u0259r\u0259 qar\u015f\u0131 ill\u0259rl\u0259 s\u0259ssiz qald\u0131\u011f\u0131 kimi, bu g\u00fcn d\u0259 b\u0259zi m\u0259qamlarda susma\u011fa \u00fcst\u00fcnl\u00fck verir. Az\u0259rbaycan torpaqlar\u0131n\u0131 xarabal\u0131qlara \u00e7evirmi\u015f, milli-m\u0259d\u0259ni abid\u0259l\u0259rimiz\u0259 qar\u015f\u0131 terror siyas\u0259ti h\u0259yata ke\u00e7irmi\u015f, dini m\u0259b\u0259dl\u0259rimizi \u00f6bz\u00fcn\u00fcnk\u00fcl\u0259\u015fdirm\u0259y\u0259 c\u0259hd g\u00f6st\u0259rmi\u015f erm\u0259ni vandallar\u0131 bu g\u00fcn d\u0259 beyn\u0259lxalq h\u00fcququn qar\u015f\u0131s\u0131nda cavab vermirl\u0259r.<\/p>\n<p>Az\u0259rbaycan\u0131n yolu haqq yoludur! Regionda davaml\u0131 s\u00fclh v\u0259 bar\u0131\u015f \u00fc\u00e7\u00fcn can\u0131ndan v\u0259 qan\u0131ndan ke\u00e7\u0259n Az\u0259rbaycan, cinay\u0259tkar\u0131n beyn\u0259lxalq h\u00fcquq qar\u015f\u0131s\u0131nda m\u0259suliyy\u0259t da\u015f\u0131mas\u0131na da nail olacaqd\u0131r!<\/p>\n","protected":false},"excerpt":{"rendered":"<p>Az\u0259rbaycan Sosial Rifah Partiyas\u0131 Z\u0259f\u0259r G\u00fcn\u00fc m\u00fcnasib\u0259ti ba\u011fl\u0131 b\u0259yanat yay\u0131b. ARANTV.AZ\u00a0 b\u0259yanat\u0131 t\u0259qdim edir: 30 il idi ki, Az\u0259rbaycan torpaqlar\u0131n\u0131n 20 faizind\u0259n \u00e7oxu Erm\u0259nistan t\u0259r\u0259find\u0259n i\u015f\u011fal olunmu\u015fdu. Bu g\u00fcn art\u0131q Az\u0259rbaycan \u00f6z torpaqlar\u0131n\u0131 erm\u0259ni i\u015f\u011fal\u0131ndan azad etm\u0259y\u0259 m\u00fcv\u0259ff\u0259q olmu\u015f, h\u0259tta Z\u0259f\u0259r tarixinin ilk il d\u00f6n\u00fcm\u00fcn\u00fc qeyd edirik. Qazand\u0131\u011f\u0131m\u0131z Q\u0259l\u0259b\u0259d\u0259n d\u00fcz bir il ke\u00e7s\u0259 d\u0259, q\u0131sa zaman k\u0259siyind\u0259 i\u015f\u011faldan azad olunmu\u015f v\u0259 erm\u0259ni barbarlar\u0131 t\u0259r\u0259find\u0259n xarabal\u0131\u011fa \u00e7evril\u0259n \u0259razil\u0259rd\u0259 Az\u0259rbaycan\u0131n g\u00f6rd\u00fcy\u00fc yenid\u0259nqurma v\u0259 b\u0259rpa i\u015fl\u0259ri d\u0259, beyn\u0259lxalq ictimaiyy\u0259tin g\u00f6z\u00fcnd\u0259n qa\u00e7mamal\u0131d\u0131r. Bu faktd\u0131r v\u0259 Az\u0259rbaycan\u0131n tarixi \u0259dal\u0259ti b\u0259rpa etdiyi and\u0131r! D\u00fcnya ictimaiyy\u0259ti, x\u00fcsus\u0259n\u00a0&hellip;<\/p>\n","protected":false},"author":2,"featured_media":400695,"comment_status":"closed","ping_status":"closed","sticky":false,"template":"","format":"standard","meta":{"om_disable_all_campaigns":false,"_monsterinsights_skip_tracking":false,"_monsterinsights_sitenote_active":false,"_monsterinsights_sitenote_note":"","_monsterinsights_sitenote_category":0},"categories":[4],"tags":[],"aioseo_notices":[],"gutentor_comment":0,"rttpg_featured_image_url":{"full":["https:\/\/arantv.az\/wp-content\/uploads\/2021\/11\/fcdbc4f5162860529277845194411002914.jpg",975,540,false],"landscape":["https:\/\/arantv.az\/wp-content\/uploads\/2021\/11\/fcdbc4f5162860529277845194411002914.jpg",975,540,false],"portraits":["https:\/\/arantv.az\/wp-content\/uploads\/2021\/11\/fcdbc4f5162860529277845194411002914.jpg",975,540,false],"thumbnail":["https:\/\/arantv.az\/wp-content\/uploads\/2021\/11\/fcdbc4f5162860529277845194411002914-500x280.jpg",500,280,true],"medium":["https:\/\/arantv.az\/wp-content\/uploads\/2021\/11\/fcdbc4f5162860529277845194411002914-660x365.jpg",660,365,true],"large":["https:\/\/arantv.az\/wp-content\/uploads\/2021\/11\/fcdbc4f5162860529277845194411002914-840x465.jpg",640,354,true],"1536x1536":["https:\/\/arantv.az\/wp-content\/uploads\/2021\/11\/fcdbc4f5162860529277845194411002914.jpg",975,540,false],"2048x2048":["https:\/\/arantv.az\/wp-content\/uploads\/2021\/11\/fcdbc4f5162860529277845194411002914.jpg",975,540,false],"post-thumbnail":["https:\/\/arantv.az\/wp-content\/uploads\/2021\/11\/fcdbc4f5162860529277845194411002914-240x172.jpg",240,172,true],"advps-thumb-one":["https:\/\/arantv.az\/wp-content\/uploads\/2021\/11\/fcdbc4f5162860529277845194411002914.jpg",975,540,false]},"rttpg_author":{"display_name":"V\u00fcsal Rafiqo\u011flu","author_link":"https:\/\/arantv.az\/?author=2"},"rttpg_comment":0,"rttpg_category":"<a href=\"https:\/\/arantv.az\/?cat=4\" rel=\"category\">Siyas\u0259t<\/a>","rttpg_excerpt":"Az\u0259rbaycan Sosial Rifah Partiyas\u0131 Z\u0259f\u0259r G\u00fcn\u00fc m\u00fcnasib\u0259ti ba\u011fl\u0131 b\u0259yanat yay\u0131b. ARANTV.AZ\u00a0 b\u0259yanat\u0131 t\u0259qdim edir: 30 il idi ki, Az\u0259rbaycan torpaqlar\u0131n\u0131n 20 faizind\u0259n \u00e7oxu Erm\u0259nistan t\u0259r\u0259find\u0259n i\u015f\u011fal olunmu\u015fdu. Bu g\u00fcn art\u0131q Az\u0259rbaycan \u00f6z torpaqlar\u0131n\u0131 erm\u0259ni i\u015f\u011fal\u0131ndan azad etm\u0259y\u0259 m\u00fcv\u0259ff\u0259q olmu\u015f, h\u0259tta Z\u0259f\u0259r tarixinin ilk il d\u00f6n\u00fcm\u00fcn\u00fc qeyd edirik. Qazand\u0131\u011f\u0131m\u0131z Q\u0259l\u0259b\u0259d\u0259n d\u00fcz bir il ke\u00e7s\u0259 d\u0259, q\u0131sa&hellip;","_links":{"self":[{"href":"https:\/\/arantv.az\/index.php?rest_route=\/wp\/v2\/posts\/400694"}],"collection":[{"href":"https:\/\/arantv.az\/index.php?rest_route=\/wp\/v2\/posts"}],"about":[{"href":"https:\/\/arantv.az\/index.php?rest_route=\/wp\/v2\/types\/post"}],"author":[{"embeddable":true,"href":"https:\/\/arantv.az\/index.php?rest_route=\/wp\/v2\/users\/2"}],"replies":[{"embeddable":true,"href":"https:\/\/arantv.az\/index.php?rest_route=%2Fwp%2Fv2%2Fcomments&post=400694"}],"version-history":[{"count":0,"href":"https:\/\/arantv.az\/index.php?rest_route=\/wp\/v2\/posts\/400694\/revisions"}],"wp:featuredmedia":[{"embeddable":true,"href":"https:\/\/arantv.az\/index.php?rest_route=\/wp\/v2\/media\/400695"}],"wp:attachment":[{"href":"https:\/\/arantv.az\/index.php?rest_route=%2Fwp%2Fv2%2Fmedia&parent=400694"}],"wp:term":[{"taxonomy":"category","embeddable":true,"href":"https:\/\/arantv.az\/index.php?rest_route=%2Fwp%2Fv2%2Fcategories&post=400694"},{"taxonomy":"post_tag","embeddable":true,"href":"https:\/\/arantv.az\/index.php?rest_route=%2Fwp%2Fv2%2Ftags&post=400694"}],"curies":[{"name":"wp","href":"https:\/\/api.w.org\/{rel}","templated":true}]}}