{"id":400697,"date":"2021-11-06T15:52:09","date_gmt":"2021-11-06T12:52:09","guid":{"rendered":"http:\/\/arantv.az\/?p=400697"},"modified":"2021-11-06T15:52:09","modified_gmt":"2021-11-06T12:52:09","slug":"az%c9%99rpoct-bayram-gunl%c9%99rind%c9%99-isl%c9%99y%c9%99c%c9%99k","status":"publish","type":"post","link":"https:\/\/arantv.az\/?p=400697","title":{"rendered":"\u201cAz\u0259rpo\u00e7t\u201d bayram g\u00fcnl\u0259rind\u0259 i\u015fl\u0259y\u0259c\u0259k"},"content":{"rendered":"<p>\u201cAz\u0259rpo\u00e7t\u201d MMC Z\u0259f\u0259r G\u00fcn\u00fc v\u0259 Az\u0259rbaycan Respublikas\u0131n\u0131n D\u00f6vl\u0259t Bayra\u011f\u0131 G\u00fcn\u00fc il\u0259 \u0259laq\u0259dar olaraq n\u00f6vb\u0259li i\u015f rejimind\u0259 v\u0259t\u0259nda\u015flara xidm\u0259t g\u00f6st\u0259r\u0259c\u0259k.<\/p>\n<p><strong>ARANTV.AZ\u00a0 x\u0259b\u0259r verir ki,<\/strong>\u00a0\u00a0MMC-d\u0259n bildirilib ki, noyabr\u0131n 8-i v\u0259 9-da Bak\u0131da yerl\u0259\u015f\u0259n M\u0259rk\u0259zi Po\u00e7t \u015e\u00f6b\u0259si saat 09:00-dan 18:00-a, 2 sayl\u0131 po\u00e7t filial\u0131n\u0131n 63 (MX\u015e) sayl\u0131 po\u00e7t \u015f\u00f6b\u0259si saat 10:00-dan 17:00-a, 124, 138, 144 sayl\u0131 po\u00e7t \u015f\u00f6b\u0259l\u0259ri saat 09:00-dan 17:00-a, 3 sayl\u0131 po\u00e7t filial\u0131n\u0131n 2 (MX\u015e), 40 sayl\u0131 po\u00e7t \u015f\u00f6b\u0259l\u0259ri saat 10:00-dan 17:00-a, 4 sayl\u0131 po\u00e7t filial\u0131n\u0131n 44 (\u015e\u0259b\u0259k\u0259) sayl\u0131 po\u00e7t \u015f\u00f6b\u0259si saat 09:00-dan 17:00-d\u0259k i\u015fl\u0259y\u0259c\u0259k.<\/p>\n<p>Bayram g\u00fcnl\u0259rind\u0259 regionlarda yerl\u0259\u015f\u0259n M\u00fc\u015ft\u0259ri Xidm\u0259ti \u015f\u00f6b\u0259l\u0259ri saat 10:00-dan 17:00-a q\u0259d\u0259r v\u0259t\u0259nda\u015flara xidm\u0259t g\u00f6st\u0259r\u0259c\u0259k.<\/p>\n<p>Adi g\u00fcnl\u0259rd\u0259 oldu\u011fu kimi, bayram g\u00fcnl\u0259rind\u0259 d\u0259 po\u00e7t \u015f\u00f6b\u0259l\u0259rind\u0259 \u0259haliy\u0259 po\u00e7t xidm\u0259tl\u0259rinin g\u00f6st\u0259rilm\u0259si \u2013 teleqramlar, m\u0259ktublar, banderollar, ba\u011flamalar, x\u00fcsusil\u0259 d\u0259 bayram t\u0259brikl\u0259ri, \u0259sg\u0259r g\u00f6nd\u0259ri\u015fl\u0259ri, el\u0259c\u0259 d\u0259 pul k\u00f6\u00e7\u00fcrm\u0259l\u0259rinin q\u0259bulu, kommunal xidm\u0259t haqlar\u0131n\u0131n y\u0131\u011f\u0131lmas\u0131 t\u0259min edil\u0259c\u0259k.<\/p>\n","protected":false},"excerpt":{"rendered":"<p>\u201cAz\u0259rpo\u00e7t\u201d MMC Z\u0259f\u0259r G\u00fcn\u00fc v\u0259 Az\u0259rbaycan Respublikas\u0131n\u0131n D\u00f6vl\u0259t Bayra\u011f\u0131 G\u00fcn\u00fc il\u0259 \u0259laq\u0259dar olaraq n\u00f6vb\u0259li i\u015f rejimind\u0259 v\u0259t\u0259nda\u015flara xidm\u0259t g\u00f6st\u0259r\u0259c\u0259k. ARANTV.AZ\u00a0 x\u0259b\u0259r verir ki,\u00a0\u00a0MMC-d\u0259n bildirilib ki, noyabr\u0131n 8-i v\u0259 9-da Bak\u0131da yerl\u0259\u015f\u0259n M\u0259rk\u0259zi Po\u00e7t \u015e\u00f6b\u0259si saat 09:00-dan 18:00-a, 2 sayl\u0131 po\u00e7t filial\u0131n\u0131n 63 (MX\u015e) sayl\u0131 po\u00e7t \u015f\u00f6b\u0259si saat 10:00-dan 17:00-a, 124, 138, 144 sayl\u0131 po\u00e7t \u015f\u00f6b\u0259l\u0259ri saat 09:00-dan 17:00-a, 3 sayl\u0131 po\u00e7t filial\u0131n\u0131n 2 (MX\u015e), 40 sayl\u0131 po\u00e7t \u015f\u00f6b\u0259l\u0259ri saat 10:00-dan 17:00-a, 4 sayl\u0131 po\u00e7t filial\u0131n\u0131n 44 (\u015e\u0259b\u0259k\u0259) sayl\u0131 po\u00e7t \u015f\u00f6b\u0259si saat 09:00-dan 17:00-d\u0259k i\u015fl\u0259y\u0259c\u0259k. Bayram g\u00fcnl\u0259rind\u0259 regionlarda yerl\u0259\u015f\u0259n M\u00fc\u015ft\u0259ri Xidm\u0259ti&hellip;<\/p>\n","protected":false},"author":2,"featured_media":400698,"comment_status":"closed","ping_status":"closed","sticky":false,"template":"","format":"standard","meta":{"om_disable_all_campaigns":false,"_monsterinsights_skip_tracking":false,"_monsterinsights_sitenote_active":false,"_monsterinsights_sitenote_note":"","_monsterinsights_sitenote_category":0},"categories":[26],"tags":[],"aioseo_notices":[],"gutentor_comment":0,"rttpg_featured_image_url":{"full":["https:\/\/arantv.az\/wp-content\/uploads\/2021\/11\/a42b4dde163619952949778446910463631.jpg",975,540,false],"landscape":["https:\/\/arantv.az\/wp-content\/uploads\/2021\/11\/a42b4dde163619952949778446910463631.jpg",975,540,false],"portraits":["https:\/\/arantv.az\/wp-content\/uploads\/2021\/11\/a42b4dde163619952949778446910463631.jpg",975,540,false],"thumbnail":["https:\/\/arantv.az\/wp-content\/uploads\/2021\/11\/a42b4dde163619952949778446910463631-500x280.jpg",500,280,true],"medium":["https:\/\/arantv.az\/wp-content\/uploads\/2021\/11\/a42b4dde163619952949778446910463631-660x365.jpg",660,365,true],"large":["https:\/\/arantv.az\/wp-content\/uploads\/2021\/11\/a42b4dde163619952949778446910463631-840x465.jpg",640,354,true],"1536x1536":["https:\/\/arantv.az\/wp-content\/uploads\/2021\/11\/a42b4dde163619952949778446910463631.jpg",975,540,false],"2048x2048":["https:\/\/arantv.az\/wp-content\/uploads\/2021\/11\/a42b4dde163619952949778446910463631.jpg",975,540,false],"post-thumbnail":["https:\/\/arantv.az\/wp-content\/uploads\/2021\/11\/a42b4dde163619952949778446910463631-240x172.jpg",240,172,true],"advps-thumb-one":["https:\/\/arantv.az\/wp-content\/uploads\/2021\/11\/a42b4dde163619952949778446910463631.jpg",975,540,false]},"rttpg_author":{"display_name":"V\u00fcsal Rafiqo\u011flu","author_link":"https:\/\/arantv.az\/?author=2"},"rttpg_comment":0,"rttpg_category":"<a href=\"https:\/\/arantv.az\/?cat=26\" rel=\"category\">Sosial<\/a>","rttpg_excerpt":"\u201cAz\u0259rpo\u00e7t\u201d MMC Z\u0259f\u0259r G\u00fcn\u00fc v\u0259 Az\u0259rbaycan Respublikas\u0131n\u0131n D\u00f6vl\u0259t Bayra\u011f\u0131 G\u00fcn\u00fc il\u0259 \u0259laq\u0259dar olaraq n\u00f6vb\u0259li i\u015f rejimind\u0259 v\u0259t\u0259nda\u015flara xidm\u0259t g\u00f6st\u0259r\u0259c\u0259k. ARANTV.AZ\u00a0 x\u0259b\u0259r verir ki,\u00a0\u00a0MMC-d\u0259n bildirilib ki, noyabr\u0131n 8-i v\u0259 9-da Bak\u0131da yerl\u0259\u015f\u0259n M\u0259rk\u0259zi Po\u00e7t \u015e\u00f6b\u0259si saat 09:00-dan 18:00-a, 2 sayl\u0131 po\u00e7t filial\u0131n\u0131n 63 (MX\u015e) sayl\u0131 po\u00e7t \u015f\u00f6b\u0259si saat 10:00-dan 17:00-a, 124, 138, 144 sayl\u0131 po\u00e7t \u015f\u00f6b\u0259l\u0259ri&hellip;","_links":{"self":[{"href":"https:\/\/arantv.az\/index.php?rest_route=\/wp\/v2\/posts\/400697"}],"collection":[{"href":"https:\/\/arantv.az\/index.php?rest_route=\/wp\/v2\/posts"}],"about":[{"href":"https:\/\/arantv.az\/index.php?rest_route=\/wp\/v2\/types\/post"}],"author":[{"embeddable":true,"href":"https:\/\/arantv.az\/index.php?rest_route=\/wp\/v2\/users\/2"}],"replies":[{"embeddable":true,"href":"https:\/\/arantv.az\/index.php?rest_route=%2Fwp%2Fv2%2Fcomments&post=400697"}],"version-history":[{"count":0,"href":"https:\/\/arantv.az\/index.php?rest_route=\/wp\/v2\/posts\/400697\/revisions"}],"wp:featuredmedia":[{"embeddable":true,"href":"https:\/\/arantv.az\/index.php?rest_route=\/wp\/v2\/media\/400698"}],"wp:attachment":[{"href":"https:\/\/arantv.az\/index.php?rest_route=%2Fwp%2Fv2%2Fmedia&parent=400697"}],"wp:term":[{"taxonomy":"category","embeddable":true,"href":"https:\/\/arantv.az\/index.php?rest_route=%2Fwp%2Fv2%2Fcategories&post=400697"},{"taxonomy":"post_tag","embeddable":true,"href":"https:\/\/arantv.az\/index.php?rest_route=%2Fwp%2Fv2%2Ftags&post=400697"}],"curies":[{"name":"wp","href":"https:\/\/api.w.org\/{rel}","templated":true}]}}