{"id":400706,"date":"2021-11-06T16:13:11","date_gmt":"2021-11-06T13:13:11","guid":{"rendered":"http:\/\/arantv.az\/?p=400706"},"modified":"2021-11-06T16:13:11","modified_gmt":"2021-11-06T13:13:11","slug":"%c9%99rdogan-x%c9%99b%c9%99rdarliq-etdi-abs-t%c9%99minat-verdi","status":"publish","type":"post","link":"https:\/\/arantv.az\/?p=400706","title":{"rendered":"\u018frdo\u011fan x\u0259b\u0259rdarl\u0131q etdi: AB\u015e t\u0259minat verdi"},"content":{"rendered":"<p>AB\u015e-\u0131n D\u0259d\u0259a\u011facdak\u0131 h\u0259rbi varl\u0131\u011f\u0131 T\u00fcrkiy\u0259 \u00fc\u00e7\u00fcn t\u0259hdid yaratm\u0131r.<\/p>\n<p><strong>ARANTV.AZ\u00a0<\/strong> Axar.az-a istinad\u0259n x\u0259b\u0259r verir ki, bunu AB\u015e-\u0131n Yunan\u0131standak\u0131 s\u0259firi Ceffri Payett deyib.<\/p>\n<p>&#8220;AB\u015e-\u0131n Yunan\u0131stanla eyni strateji maraqlar\u0131 m\u00f6vcuddur. Ancaq AB\u015e v\u0259 Yunan\u0131stan\u0131n \u015e\u0259rqi Makedoniya v\u0259 Trakiyadak\u0131 t\u0259r\u0259fda\u015fl\u0131q \u0259laq\u0259l\u0259ri T\u00fcrkiy\u0259 \u00fc\u00e7\u00fcn t\u0259hl\u00fck\u0259 yaratm\u0131r&#8221;, &#8211; s\u0259fir bildirib.<\/p>\n<p>Qeyd ed\u0259k ki, T\u00fcrkiy\u0259 Prezidenti R\u0259c\u0259b Tayyib \u018frdo\u011fan jurnalistl\u0259r\u0259 a\u00e7\u0131qlamas\u0131nda G-20 sammitind\u0259 m\u0259s\u0259l\u0259 il\u0259 ba\u011fl\u0131 amerikal\u0131 h\u0259mkar\u0131 Co Bayden v\u0259 Fransa lideri Emmanuel Makronla dan\u0131\u015fd\u0131\u011f\u0131n\u0131 deyib. \u018frdo\u011fan h\u0259mkarlar\u0131na D\u0259d\u0259a\u011facda h\u0259rbi bazan\u0131n yarad\u0131lmas\u0131n\u0131n T\u00fcrkiy\u0259 xalq\u0131n\u0131 ciddi m\u0259nada narahat etdiyi \u00e7atd\u0131r\u0131b.<\/p>\n","protected":false},"excerpt":{"rendered":"<p>AB\u015e-\u0131n D\u0259d\u0259a\u011facdak\u0131 h\u0259rbi varl\u0131\u011f\u0131 T\u00fcrkiy\u0259 \u00fc\u00e7\u00fcn t\u0259hdid yaratm\u0131r. ARANTV.AZ\u00a0 Axar.az-a istinad\u0259n x\u0259b\u0259r verir ki, bunu AB\u015e-\u0131n Yunan\u0131standak\u0131 s\u0259firi Ceffri Payett deyib. &#8220;AB\u015e-\u0131n Yunan\u0131stanla eyni strateji maraqlar\u0131 m\u00f6vcuddur. Ancaq AB\u015e v\u0259 Yunan\u0131stan\u0131n \u015e\u0259rqi Makedoniya v\u0259 Trakiyadak\u0131 t\u0259r\u0259fda\u015fl\u0131q \u0259laq\u0259l\u0259ri T\u00fcrkiy\u0259 \u00fc\u00e7\u00fcn t\u0259hl\u00fck\u0259 yaratm\u0131r&#8221;, &#8211; s\u0259fir bildirib. Qeyd ed\u0259k ki, T\u00fcrkiy\u0259 Prezidenti R\u0259c\u0259b Tayyib \u018frdo\u011fan jurnalistl\u0259r\u0259 a\u00e7\u0131qlamas\u0131nda G-20 sammitind\u0259 m\u0259s\u0259l\u0259 il\u0259 ba\u011fl\u0131 amerikal\u0131 h\u0259mkar\u0131 Co Bayden v\u0259 Fransa lideri Emmanuel Makronla dan\u0131\u015fd\u0131\u011f\u0131n\u0131 deyib. \u018frdo\u011fan h\u0259mkarlar\u0131na D\u0259d\u0259a\u011facda h\u0259rbi bazan\u0131n yarad\u0131lmas\u0131n\u0131n T\u00fcrkiy\u0259 xalq\u0131n\u0131 ciddi m\u0259nada narahat etdiyi \u00e7atd\u0131r\u0131b.<\/p>\n","protected":false},"author":2,"featured_media":400707,"comment_status":"closed","ping_status":"closed","sticky":false,"template":"","format":"standard","meta":{"om_disable_all_campaigns":false,"_monsterinsights_skip_tracking":false,"_monsterinsights_sitenote_active":false,"_monsterinsights_sitenote_note":"","_monsterinsights_sitenote_category":0},"categories":[7],"tags":[],"aioseo_notices":[],"gutentor_comment":0,"rttpg_featured_image_url":{"full":["https:\/\/arantv.az\/wp-content\/uploads\/2021\/11\/993938.jpg",800,600,false],"landscape":["https:\/\/arantv.az\/wp-content\/uploads\/2021\/11\/993938.jpg",800,600,false],"portraits":["https:\/\/arantv.az\/wp-content\/uploads\/2021\/11\/993938.jpg",800,600,false],"thumbnail":["https:\/\/arantv.az\/wp-content\/uploads\/2021\/11\/993938-500x280.jpg",500,280,true],"medium":["https:\/\/arantv.az\/wp-content\/uploads\/2021\/11\/993938-487x365.jpg",487,365,true],"large":["https:\/\/arantv.az\/wp-content\/uploads\/2021\/11\/993938.jpg",640,480,false],"1536x1536":["https:\/\/arantv.az\/wp-content\/uploads\/2021\/11\/993938.jpg",800,600,false],"2048x2048":["https:\/\/arantv.az\/wp-content\/uploads\/2021\/11\/993938.jpg",800,600,false],"post-thumbnail":["https:\/\/arantv.az\/wp-content\/uploads\/2021\/11\/993938-240x172.jpg",240,172,true],"advps-thumb-one":["https:\/\/arantv.az\/wp-content\/uploads\/2021\/11\/993938.jpg",800,600,false]},"rttpg_author":{"display_name":"V\u00fcsal Rafiqo\u011flu","author_link":"https:\/\/arantv.az\/?author=2"},"rttpg_comment":0,"rttpg_category":"<a href=\"https:\/\/arantv.az\/?cat=7\" rel=\"category\">D\u00fcnya<\/a>","rttpg_excerpt":"AB\u015e-\u0131n D\u0259d\u0259a\u011facdak\u0131 h\u0259rbi varl\u0131\u011f\u0131 T\u00fcrkiy\u0259 \u00fc\u00e7\u00fcn t\u0259hdid yaratm\u0131r. ARANTV.AZ\u00a0 Axar.az-a istinad\u0259n x\u0259b\u0259r verir ki, bunu AB\u015e-\u0131n Yunan\u0131standak\u0131 s\u0259firi Ceffri Payett deyib. &#8220;AB\u015e-\u0131n Yunan\u0131stanla eyni strateji maraqlar\u0131 m\u00f6vcuddur. Ancaq AB\u015e v\u0259 Yunan\u0131stan\u0131n \u015e\u0259rqi Makedoniya v\u0259 Trakiyadak\u0131 t\u0259r\u0259fda\u015fl\u0131q \u0259laq\u0259l\u0259ri T\u00fcrkiy\u0259 \u00fc\u00e7\u00fcn t\u0259hl\u00fck\u0259 yaratm\u0131r&#8221;, &#8211; s\u0259fir bildirib. Qeyd ed\u0259k ki, T\u00fcrkiy\u0259 Prezidenti R\u0259c\u0259b Tayyib \u018frdo\u011fan jurnalistl\u0259r\u0259 a\u00e7\u0131qlamas\u0131nda G-20&hellip;","_links":{"self":[{"href":"https:\/\/arantv.az\/index.php?rest_route=\/wp\/v2\/posts\/400706"}],"collection":[{"href":"https:\/\/arantv.az\/index.php?rest_route=\/wp\/v2\/posts"}],"about":[{"href":"https:\/\/arantv.az\/index.php?rest_route=\/wp\/v2\/types\/post"}],"author":[{"embeddable":true,"href":"https:\/\/arantv.az\/index.php?rest_route=\/wp\/v2\/users\/2"}],"replies":[{"embeddable":true,"href":"https:\/\/arantv.az\/index.php?rest_route=%2Fwp%2Fv2%2Fcomments&post=400706"}],"version-history":[{"count":0,"href":"https:\/\/arantv.az\/index.php?rest_route=\/wp\/v2\/posts\/400706\/revisions"}],"wp:featuredmedia":[{"embeddable":true,"href":"https:\/\/arantv.az\/index.php?rest_route=\/wp\/v2\/media\/400707"}],"wp:attachment":[{"href":"https:\/\/arantv.az\/index.php?rest_route=%2Fwp%2Fv2%2Fmedia&parent=400706"}],"wp:term":[{"taxonomy":"category","embeddable":true,"href":"https:\/\/arantv.az\/index.php?rest_route=%2Fwp%2Fv2%2Fcategories&post=400706"},{"taxonomy":"post_tag","embeddable":true,"href":"https:\/\/arantv.az\/index.php?rest_route=%2Fwp%2Fv2%2Ftags&post=400706"}],"curies":[{"name":"wp","href":"https:\/\/api.w.org\/{rel}","templated":true}]}}