{"id":400709,"date":"2021-11-06T16:13:56","date_gmt":"2021-11-06T13:13:56","guid":{"rendered":"http:\/\/arantv.az\/?p=400709"},"modified":"2021-11-06T16:13:56","modified_gmt":"2021-11-06T13:13:56","slug":"turksoy-un-bas-katibi-z%c9%99f%c9%99r-gunu-munasib%c9%99til%c9%99-prezident-ilham-%c9%99liyevi-t%c9%99brik-edib","status":"publish","type":"post","link":"https:\/\/arantv.az\/?p=400709","title":{"rendered":"T\u00dcRKSOY-un Ba\u015f katibi Z\u0259f\u0259r G\u00fcn\u00fc m\u00fcnasib\u0259til\u0259 Prezident \u0130lham \u018fliyevi t\u0259brik edib"},"content":{"rendered":"<p><strong>T\u00dcRKSOY-un Ba\u015f katibi D\u00fcsen Kaseinovdan Az\u0259rbaycan Respublikas\u0131n\u0131n Prezidenti \u0130lham \u018fliyev\u0259 t\u0259brik m\u0259ktubu g\u0259lib.<\/strong><\/p>\n<p><strong>ARANTV.AZ<\/strong>\u00a0 <a href=\"http:\/\/azertag.az\/\" target=\"_blank\" rel=\"noopener\">AZ\u018fRTAC<\/a>-a istinad\u0259n bildirir ki,\u00a0m\u0259ktubda deyilir:<\/p>\n<p>&#8220;H\u00f6rm\u0259tli c\u0259nab Prezident,<\/p>\n<p>Sizi v\u0259 Az\u0259rbaycan xalq\u0131n\u0131 8 Noyabr &#8211; Z\u0259f\u0259r G\u00fcn\u00fc m\u00fcnasib\u0259til\u0259 Beyn\u0259lxalq T\u00fcrk M\u0259d\u0259niyy\u0259ti T\u0259\u015fkilat\u0131 (T\u00dcRKSOY) ad\u0131ndan v\u0259 \u015f\u0259xs\u0259n \u00f6z ad\u0131mdan \u0259n s\u0259mimi duy\u011fular\u0131mla t\u0259brik edir\u0259m.<\/p>\n<p>Zati-alinizin liderliyi il\u0259 qazan\u0131lm\u0131\u015f bu \u015fanl\u0131 Z\u0259f\u0259r Az\u0259rbaycan xalq\u0131n\u0131n birlik v\u0259 h\u0259mr\u0259yliyini b\u00fct\u00fcn d\u00fcnyaya n\u00fcmayi\u015f etdirdi.<\/p>\n<p>\u018fmin\u0259m ki, qarda\u015f Az\u0259rbaycan\u0131n g\u0259l\u0259c\u0259k inki\u015faf\u0131nda bu Q\u0259l\u0259b\u0259nin b\u00f6y\u00fck t\u00f6hf\u0259l\u0259ri olacaq, Qaraba\u011fdak\u0131 da\u011f\u0131d\u0131lm\u0131\u015f tarixi v\u0259 m\u0259d\u0259ni miras\u0131m\u0131z tezlikl\u0259 Sizin r\u0259hb\u0259rliyinizl\u0259 b\u0259rpa edil\u0259r\u0259k d\u00fcnya m\u0259d\u0259niyy\u0259tin\u0259 qovu\u015facaqd\u0131r.<\/p>\n<p>T\u00dcRKSOY il\u0259 Az\u0259rbaycan Respublikas\u0131 aras\u0131nda m\u0259d\u0259niyy\u0259t sah\u0259sind\u0259ki \u0259laq\u0259l\u0259rin daha da inki\u015faf etdirilm\u0259sini, Zati-alinizin m\u00fcdrik v\u0259 q\u0259tiyy\u0259tli r\u0259hb\u0259rliyi il\u0259 Az\u0259rbaycan xalq\u0131n\u0131n daim m\u00fcst\u0259qillik v\u0259 \u0259min-amanl\u0131q \u015f\u0259raitind\u0259 ya\u015famas\u0131n\u0131 arzu edir\u0259m&#8221;.<\/p>\n","protected":false},"excerpt":{"rendered":"<p>T\u00dcRKSOY-un Ba\u015f katibi D\u00fcsen Kaseinovdan Az\u0259rbaycan Respublikas\u0131n\u0131n Prezidenti \u0130lham \u018fliyev\u0259 t\u0259brik m\u0259ktubu g\u0259lib. ARANTV.AZ\u00a0 AZ\u018fRTAC-a istinad\u0259n bildirir ki,\u00a0m\u0259ktubda deyilir: &#8220;H\u00f6rm\u0259tli c\u0259nab Prezident, Sizi v\u0259 Az\u0259rbaycan xalq\u0131n\u0131 8 Noyabr &#8211; Z\u0259f\u0259r G\u00fcn\u00fc m\u00fcnasib\u0259til\u0259 Beyn\u0259lxalq T\u00fcrk M\u0259d\u0259niyy\u0259ti T\u0259\u015fkilat\u0131 (T\u00dcRKSOY) ad\u0131ndan v\u0259 \u015f\u0259xs\u0259n \u00f6z ad\u0131mdan \u0259n s\u0259mimi duy\u011fular\u0131mla t\u0259brik edir\u0259m. Zati-alinizin liderliyi il\u0259 qazan\u0131lm\u0131\u015f bu \u015fanl\u0131 Z\u0259f\u0259r Az\u0259rbaycan xalq\u0131n\u0131n birlik v\u0259 h\u0259mr\u0259yliyini b\u00fct\u00fcn d\u00fcnyaya n\u00fcmayi\u015f etdirdi. \u018fmin\u0259m ki, qarda\u015f Az\u0259rbaycan\u0131n g\u0259l\u0259c\u0259k inki\u015faf\u0131nda bu Q\u0259l\u0259b\u0259nin b\u00f6y\u00fck t\u00f6hf\u0259l\u0259ri olacaq, Qaraba\u011fdak\u0131 da\u011f\u0131d\u0131lm\u0131\u015f tarixi v\u0259 m\u0259d\u0259ni miras\u0131m\u0131z tezlikl\u0259 Sizin r\u0259hb\u0259rliyinizl\u0259 b\u0259rpa edil\u0259r\u0259k d\u00fcnya m\u0259d\u0259niyy\u0259tin\u0259 qovu\u015facaqd\u0131r. T\u00dcRKSOY il\u0259&hellip;<\/p>\n","protected":false},"author":2,"featured_media":400710,"comment_status":"closed","ping_status":"closed","sticky":false,"template":"","format":"standard","meta":{"om_disable_all_campaigns":false,"_monsterinsights_skip_tracking":false,"_monsterinsights_sitenote_active":false,"_monsterinsights_sitenote_note":"","_monsterinsights_sitenote_category":0},"categories":[4],"tags":[],"aioseo_notices":[],"gutentor_comment":0,"rttpg_featured_image_url":{"full":["https:\/\/arantv.az\/wp-content\/uploads\/2021\/11\/ilham_aliyev_2020_51-1.jpg",800,600,false],"landscape":["https:\/\/arantv.az\/wp-content\/uploads\/2021\/11\/ilham_aliyev_2020_51-1.jpg",800,600,false],"portraits":["https:\/\/arantv.az\/wp-content\/uploads\/2021\/11\/ilham_aliyev_2020_51-1.jpg",800,600,false],"thumbnail":["https:\/\/arantv.az\/wp-content\/uploads\/2021\/11\/ilham_aliyev_2020_51-1-500x280.jpg",500,280,true],"medium":["https:\/\/arantv.az\/wp-content\/uploads\/2021\/11\/ilham_aliyev_2020_51-1-487x365.jpg",487,365,true],"large":["https:\/\/arantv.az\/wp-content\/uploads\/2021\/11\/ilham_aliyev_2020_51-1.jpg",640,480,false],"1536x1536":["https:\/\/arantv.az\/wp-content\/uploads\/2021\/11\/ilham_aliyev_2020_51-1.jpg",800,600,false],"2048x2048":["https:\/\/arantv.az\/wp-content\/uploads\/2021\/11\/ilham_aliyev_2020_51-1.jpg",800,600,false],"post-thumbnail":["https:\/\/arantv.az\/wp-content\/uploads\/2021\/11\/ilham_aliyev_2020_51-1-240x172.jpg",240,172,true],"advps-thumb-one":["https:\/\/arantv.az\/wp-content\/uploads\/2021\/11\/ilham_aliyev_2020_51-1.jpg",800,600,false]},"rttpg_author":{"display_name":"V\u00fcsal Rafiqo\u011flu","author_link":"https:\/\/arantv.az\/?author=2"},"rttpg_comment":0,"rttpg_category":"<a href=\"https:\/\/arantv.az\/?cat=4\" rel=\"category\">Siyas\u0259t<\/a>","rttpg_excerpt":"T\u00dcRKSOY-un Ba\u015f katibi D\u00fcsen Kaseinovdan Az\u0259rbaycan Respublikas\u0131n\u0131n Prezidenti \u0130lham \u018fliyev\u0259 t\u0259brik m\u0259ktubu g\u0259lib. ARANTV.AZ\u00a0 AZ\u018fRTAC-a istinad\u0259n bildirir ki,\u00a0m\u0259ktubda deyilir: &#8220;H\u00f6rm\u0259tli c\u0259nab Prezident, Sizi v\u0259 Az\u0259rbaycan xalq\u0131n\u0131 8 Noyabr &#8211; Z\u0259f\u0259r G\u00fcn\u00fc m\u00fcnasib\u0259til\u0259 Beyn\u0259lxalq T\u00fcrk M\u0259d\u0259niyy\u0259ti T\u0259\u015fkilat\u0131 (T\u00dcRKSOY) ad\u0131ndan v\u0259 \u015f\u0259xs\u0259n \u00f6z ad\u0131mdan \u0259n s\u0259mimi duy\u011fular\u0131mla t\u0259brik edir\u0259m. Zati-alinizin liderliyi il\u0259 qazan\u0131lm\u0131\u015f bu \u015fanl\u0131 Z\u0259f\u0259r Az\u0259rbaycan&hellip;","_links":{"self":[{"href":"https:\/\/arantv.az\/index.php?rest_route=\/wp\/v2\/posts\/400709"}],"collection":[{"href":"https:\/\/arantv.az\/index.php?rest_route=\/wp\/v2\/posts"}],"about":[{"href":"https:\/\/arantv.az\/index.php?rest_route=\/wp\/v2\/types\/post"}],"author":[{"embeddable":true,"href":"https:\/\/arantv.az\/index.php?rest_route=\/wp\/v2\/users\/2"}],"replies":[{"embeddable":true,"href":"https:\/\/arantv.az\/index.php?rest_route=%2Fwp%2Fv2%2Fcomments&post=400709"}],"version-history":[{"count":0,"href":"https:\/\/arantv.az\/index.php?rest_route=\/wp\/v2\/posts\/400709\/revisions"}],"wp:featuredmedia":[{"embeddable":true,"href":"https:\/\/arantv.az\/index.php?rest_route=\/wp\/v2\/media\/400710"}],"wp:attachment":[{"href":"https:\/\/arantv.az\/index.php?rest_route=%2Fwp%2Fv2%2Fmedia&parent=400709"}],"wp:term":[{"taxonomy":"category","embeddable":true,"href":"https:\/\/arantv.az\/index.php?rest_route=%2Fwp%2Fv2%2Fcategories&post=400709"},{"taxonomy":"post_tag","embeddable":true,"href":"https:\/\/arantv.az\/index.php?rest_route=%2Fwp%2Fv2%2Ftags&post=400709"}],"curies":[{"name":"wp","href":"https:\/\/api.w.org\/{rel}","templated":true}]}}