{"id":400713,"date":"2021-11-06T17:57:40","date_gmt":"2021-11-06T14:57:40","guid":{"rendered":"http:\/\/arantv.az\/?p=400713"},"modified":"2021-11-06T17:58:00","modified_gmt":"2021-11-06T14:58:00","slug":"suruculuk-v%c9%99siq%c9%99sini-energetik-icki-il%c9%99-yuyub-t%c9%99pikl%c9%99dil%c9%99r-video","status":"publish","type":"post","link":"https:\/\/arantv.az\/?p=400713","title":{"rendered":"S\u00fcr\u00fcc\u00fcl\u00fck v\u0259siq\u0259sini energetik i\u00e7ki il\u0259 yuyub t\u0259pikl\u0259dil\u0259r &#8211; V\u0130DEO"},"content":{"rendered":"<p>Sosial \u015f\u0259b\u0259k\u0259l\u0259rd\u0259 s\u00fcr\u00fcc\u00fcl\u00fck v\u0259siq\u0259sini energetik i\u00e7ki il\u0259 yuyan \u015f\u0259xs ciddi m\u00fczakir\u0259 m\u00f6vzusuna \u00e7evrilib.<\/p>\n<p><strong>ARANTV.AZ <\/strong>\u00a0x\u0259b\u0259r verir ki, videog\u00f6r\u00fcnt\u00fcl\u0259rd\u0259 \u015f\u0259xs s\u00fcr\u00fcc\u00fcl\u00fck v\u0259siq\u0259sini \u00f6nc\u0259 energetik i\u00e7ki il\u0259 yuyur, daha sonra t\u0259pikl\u0259 vuraraq yer\u0259 at\u0131r. \u015e\u0259xsin kimliyi, s\u00fcr\u00fcc\u00fcl\u00fck v\u0259siq\u0259sinin \u00f6z\u00fcn\u0259 aid olub-olmad\u0131\u011f\u0131 is\u0259 m\u0259lum deyil.<\/p>\n<p>Sosial \u015f\u0259b\u0259k\u0259 istifad\u0259\u00e7il\u0259ri \u015f\u0259xsin bu h\u0259r\u0259k\u0259tini birm\u0259nal\u0131 qar\u015f\u0131lamay\u0131b v\u0259 d\u00f6vl\u0259t s\u0259n\u0259din\u0259 qar\u015f\u0131 bu c\u00fcr yana\u015fman\u0131n do\u011fru olmad\u0131\u011f\u0131n\u0131 qeyd edibl\u0259r.<\/p>\n<div id=\"AdviadNativeVideo0\" class=\"AdviadNativeVideo\"><\/div>\n<p>Qanunvericilikd\u0259 bu kimi davran\u0131\u015flara qar\u015f\u0131 h\u0259r hans\u0131 inzibati t\u0259nbeh t\u0259dbirl\u0259ri varm\u0131?<\/p>\n<p>M\u0259s\u0259l\u0259 il\u0259 ba\u011fl\u0131 n\u0259qliyyat \u00fczr\u0259 ekspert Elm\u0259ddin Muradl\u0131\u00a0Oxu.Az-a a\u00e7\u0131qlamas\u0131nda bildirib ki, bu c\u00fcr davran\u0131\u015f ilk n\u00f6vb\u0259d\u0259 insan\u0131n \u00f6z m\u0259d\u0259niyy\u0259tinin g\u00f6st\u0259ricisidir:<\/p>\n<p>\u201cS\u00fcr\u00fcc\u00fcl\u00fck v\u0259siq\u0259sinin \u00fcz\u0259rind\u0259 d\u0259 bizim milli ornamentl\u0259rimiz var, \u00f6lk\u0259mizin x\u0259rit\u0259si orada \u0259ks olunub. \u0130ndi h\u0259min adam m\u0259suliyy\u0259tsizlik, m\u0259d\u0259niyy\u0259tsizlik ed\u0259r\u0259k s\u00fcr\u00fcc\u00fcl\u00fck v\u0259siq\u0259sini energetik i\u00e7ki il\u0259 yuyur. Onun \u00fcz\u0259rind\u0259 olan mikro\u00e7ip z\u0259d\u0259l\u0259nir v\u0259 \u00f6z keyfiyy\u0259tini itir\u0259 bilir. Bu sad\u0259c\u0259 har\u0131nl\u0131\u011f\u0131n, qudur\u011fanl\u0131\u011f\u0131n n\u0259tic\u0259sidir. \u0130nsan n\u0259 il\u0259 se\u00e7il\u0259 bil\u0259r? S\u00fcr\u00fcc\u00fcl\u00fck v\u0259siq\u0259sinin \u00fcz\u0259rin\u0259 energetik i\u00e7ki t\u00f6k\u00fcb, t\u0259pikl\u0259 vurub yer\u0259 atmaq normal insana aid h\u0259r\u0259k\u0259t deyil.<\/p>\n<p>D\u00fc\u015f\u00fcn\u00fcr\u0259m\u00a0ki, h\u0259min \u015f\u0259xsin s\u00fcr\u00fcc\u00fcl\u00fck v\u0259siq\u0259sini n\u0259 zaman ald\u0131\u011f\u0131, n\u0259 q\u0259d\u0259r c\u0259rim\u0259si oldu\u011fu, bu h\u0259r\u0259k\u0259ti etm\u0259kl\u0259 n\u0259 dem\u0259k ist\u0259diyi D\u00f6vl\u0259t Yol Polisi t\u0259r\u0259find\u0259n ara\u015fd\u0131r\u0131la bil\u0259r. H\u0259r halda bu \u0259d\u0259bsizlikdir, normal h\u0259r\u0259k\u0259t deyil. Psixoloqlar da buna r\u0259y ver\u0259 bil\u0259r ki, normal insan \u015f\u0259kil, ad, soyad olan v\u0259siq\u0259ni niy\u0259 t\u0259pikl\u0259yib ayaqalt\u0131na at\u0131r? H\u0259r \u015feyd\u0259n \u0259vv\u0259l s\u00fcr\u00fcc\u00fcl\u00fck v\u0259siq\u0259sinin \u00fcz\u0259rind\u0259 Az\u0259rbaycan Respublikas\u0131n\u0131n x\u0259rit\u0259si var. Bu m\u0259s\u0259l\u0259d\u0259 insanlar ictimai q\u0131naq n\u00fcmayi\u015f etdirm\u0259lidir. \u00c7\u00fcnki\u00a0bu m\u0259s\u0259l\u0259d\u0259 qanunvericilikl\u0259 h\u0259r hans\u0131 qada\u011fa, c\u0259za n\u0259z\u0259rd\u0259 tutulmur\u201d.<\/p>\n<div>\n<div><iframe loading=\"lazy\" src=\"https:\/\/player.baku.tv\/embed\/46153\" width=\"560\" height=\"315\" frameborder=\"0\" allowfullscreen=\"allowfullscreen\" data-mce-fragment=\"1\"><\/iframe><\/div>\n<\/div>\n<p>&nbsp;<\/p>\n","protected":false},"excerpt":{"rendered":"<p>Sosial \u015f\u0259b\u0259k\u0259l\u0259rd\u0259 s\u00fcr\u00fcc\u00fcl\u00fck v\u0259siq\u0259sini energetik i\u00e7ki il\u0259 yuyan \u015f\u0259xs ciddi m\u00fczakir\u0259 m\u00f6vzusuna \u00e7evrilib. ARANTV.AZ \u00a0x\u0259b\u0259r verir ki, videog\u00f6r\u00fcnt\u00fcl\u0259rd\u0259 \u015f\u0259xs s\u00fcr\u00fcc\u00fcl\u00fck v\u0259siq\u0259sini \u00f6nc\u0259 energetik i\u00e7ki il\u0259 yuyur, daha sonra t\u0259pikl\u0259 vuraraq yer\u0259 at\u0131r. \u015e\u0259xsin kimliyi, s\u00fcr\u00fcc\u00fcl\u00fck v\u0259siq\u0259sinin \u00f6z\u00fcn\u0259 aid olub-olmad\u0131\u011f\u0131 is\u0259 m\u0259lum deyil. Sosial \u015f\u0259b\u0259k\u0259 istifad\u0259\u00e7il\u0259ri \u015f\u0259xsin bu h\u0259r\u0259k\u0259tini birm\u0259nal\u0131 qar\u015f\u0131lamay\u0131b v\u0259 d\u00f6vl\u0259t s\u0259n\u0259din\u0259 qar\u015f\u0131 bu c\u00fcr yana\u015fman\u0131n do\u011fru olmad\u0131\u011f\u0131n\u0131 qeyd edibl\u0259r. Qanunvericilikd\u0259 bu kimi davran\u0131\u015flara qar\u015f\u0131 h\u0259r hans\u0131 inzibati t\u0259nbeh t\u0259dbirl\u0259ri varm\u0131? M\u0259s\u0259l\u0259 il\u0259 ba\u011fl\u0131 n\u0259qliyyat \u00fczr\u0259 ekspert Elm\u0259ddin Muradl\u0131\u00a0Oxu.Az-a a\u00e7\u0131qlamas\u0131nda bildirib ki, bu c\u00fcr davran\u0131\u015f ilk n\u00f6vb\u0259d\u0259 insan\u0131n \u00f6z&hellip;<\/p>\n","protected":false},"author":2,"featured_media":400714,"comment_status":"closed","ping_status":"closed","sticky":false,"template":"","format":"standard","meta":{"om_disable_all_campaigns":false,"_monsterinsights_skip_tracking":false,"_monsterinsights_sitenote_active":false,"_monsterinsights_sitenote_note":"","_monsterinsights_sitenote_category":0},"categories":[26],"tags":[],"aioseo_notices":[],"gutentor_comment":0,"rttpg_featured_image_url":{"full":["https:\/\/arantv.az\/wp-content\/uploads\/2021\/11\/FotoJet-2021-11-06T165154.572.jpg",620,413,false],"landscape":["https:\/\/arantv.az\/wp-content\/uploads\/2021\/11\/FotoJet-2021-11-06T165154.572.jpg",620,413,false],"portraits":["https:\/\/arantv.az\/wp-content\/uploads\/2021\/11\/FotoJet-2021-11-06T165154.572.jpg",620,413,false],"thumbnail":["https:\/\/arantv.az\/wp-content\/uploads\/2021\/11\/FotoJet-2021-11-06T165154.572-500x280.jpg",500,280,true],"medium":["https:\/\/arantv.az\/wp-content\/uploads\/2021\/11\/FotoJet-2021-11-06T165154.572-548x365.jpg",548,365,true],"large":["https:\/\/arantv.az\/wp-content\/uploads\/2021\/11\/FotoJet-2021-11-06T165154.572.jpg",620,413,false],"1536x1536":["https:\/\/arantv.az\/wp-content\/uploads\/2021\/11\/FotoJet-2021-11-06T165154.572.jpg",620,413,false],"2048x2048":["https:\/\/arantv.az\/wp-content\/uploads\/2021\/11\/FotoJet-2021-11-06T165154.572.jpg",620,413,false],"post-thumbnail":["https:\/\/arantv.az\/wp-content\/uploads\/2021\/11\/FotoJet-2021-11-06T165154.572-240x172.jpg",240,172,true],"advps-thumb-one":["https:\/\/arantv.az\/wp-content\/uploads\/2021\/11\/FotoJet-2021-11-06T165154.572.jpg",620,413,false]},"rttpg_author":{"display_name":"V\u00fcsal Rafiqo\u011flu","author_link":"https:\/\/arantv.az\/?author=2"},"rttpg_comment":0,"rttpg_category":"<a href=\"https:\/\/arantv.az\/?cat=26\" rel=\"category\">Sosial<\/a>","rttpg_excerpt":"Sosial \u015f\u0259b\u0259k\u0259l\u0259rd\u0259 s\u00fcr\u00fcc\u00fcl\u00fck v\u0259siq\u0259sini energetik i\u00e7ki il\u0259 yuyan \u015f\u0259xs ciddi m\u00fczakir\u0259 m\u00f6vzusuna \u00e7evrilib. ARANTV.AZ \u00a0x\u0259b\u0259r verir ki, videog\u00f6r\u00fcnt\u00fcl\u0259rd\u0259 \u015f\u0259xs s\u00fcr\u00fcc\u00fcl\u00fck v\u0259siq\u0259sini \u00f6nc\u0259 energetik i\u00e7ki il\u0259 yuyur, daha sonra t\u0259pikl\u0259 vuraraq yer\u0259 at\u0131r. \u015e\u0259xsin kimliyi, s\u00fcr\u00fcc\u00fcl\u00fck v\u0259siq\u0259sinin \u00f6z\u00fcn\u0259 aid olub-olmad\u0131\u011f\u0131 is\u0259 m\u0259lum deyil. Sosial \u015f\u0259b\u0259k\u0259 istifad\u0259\u00e7il\u0259ri \u015f\u0259xsin bu h\u0259r\u0259k\u0259tini birm\u0259nal\u0131 qar\u015f\u0131lamay\u0131b v\u0259 d\u00f6vl\u0259t s\u0259n\u0259din\u0259 qar\u015f\u0131 bu&hellip;","_links":{"self":[{"href":"https:\/\/arantv.az\/index.php?rest_route=\/wp\/v2\/posts\/400713"}],"collection":[{"href":"https:\/\/arantv.az\/index.php?rest_route=\/wp\/v2\/posts"}],"about":[{"href":"https:\/\/arantv.az\/index.php?rest_route=\/wp\/v2\/types\/post"}],"author":[{"embeddable":true,"href":"https:\/\/arantv.az\/index.php?rest_route=\/wp\/v2\/users\/2"}],"replies":[{"embeddable":true,"href":"https:\/\/arantv.az\/index.php?rest_route=%2Fwp%2Fv2%2Fcomments&post=400713"}],"version-history":[{"count":0,"href":"https:\/\/arantv.az\/index.php?rest_route=\/wp\/v2\/posts\/400713\/revisions"}],"wp:featuredmedia":[{"embeddable":true,"href":"https:\/\/arantv.az\/index.php?rest_route=\/wp\/v2\/media\/400714"}],"wp:attachment":[{"href":"https:\/\/arantv.az\/index.php?rest_route=%2Fwp%2Fv2%2Fmedia&parent=400713"}],"wp:term":[{"taxonomy":"category","embeddable":true,"href":"https:\/\/arantv.az\/index.php?rest_route=%2Fwp%2Fv2%2Fcategories&post=400713"},{"taxonomy":"post_tag","embeddable":true,"href":"https:\/\/arantv.az\/index.php?rest_route=%2Fwp%2Fv2%2Ftags&post=400713"}],"curies":[{"name":"wp","href":"https:\/\/api.w.org\/{rel}","templated":true}]}}