{"id":400717,"date":"2021-11-06T18:00:37","date_gmt":"2021-11-06T15:00:37","guid":{"rendered":"http:\/\/arantv.az\/?p=400717"},"modified":"2021-11-06T18:00:37","modified_gmt":"2021-11-06T15:00:37","slug":"turkiy%c9%99nin-mehteran-birliyi-olk%c9%99mizd%c9%99-s%c9%99f%c9%99rd%c9%99dir","status":"publish","type":"post","link":"https:\/\/arantv.az\/?p=400717","title":{"rendered":"T\u00fcrkiy\u0259nin Mehteran Birliyi \u00f6lk\u0259mizd\u0259 s\u0259f\u0259rd\u0259dir"},"content":{"rendered":"<p>T\u00fcrkiy\u0259 Respublikas\u0131 Milli M\u00fcdafi\u0259 Nazirliyinin Mehteran Birliyi \u00f6lk\u0259miz\u0259 s\u0259f\u0259r edib.<\/p>\n<div id=\"AdviadNativeVideo0\" class=\"AdviadNativeVideo\"><\/div>\n<p>Bu bar\u0259d\u0259 M\u00fcdafi\u0259 Nazirliyi m\u0259lumat yay\u0131b.<\/p>\n<p>Bildirilib ki, Z\u0259f\u0259r G\u00fcn\u00fc m\u00fcnasib\u0259til\u0259 Az\u0259rbaycan Ordusunda ke\u00e7iril\u0259c\u0259k silsil\u0259 t\u0259dbirl\u0259rd\u0259 \u00f6lk\u0259mizd\u0259 s\u0259f\u0259rd\u0259 olan tarixi h\u0259rbi musiqi birliyinin ifas\u0131nda musiqi n\u00f6mr\u0259l\u0259ri t\u0259qdim olunacaq.<\/p>\n","protected":false},"excerpt":{"rendered":"<p>T\u00fcrkiy\u0259 Respublikas\u0131 Milli M\u00fcdafi\u0259 Nazirliyinin Mehteran Birliyi \u00f6lk\u0259miz\u0259 s\u0259f\u0259r edib. Bu bar\u0259d\u0259 M\u00fcdafi\u0259 Nazirliyi m\u0259lumat yay\u0131b. Bildirilib ki, Z\u0259f\u0259r G\u00fcn\u00fc m\u00fcnasib\u0259til\u0259 Az\u0259rbaycan Ordusunda ke\u00e7iril\u0259c\u0259k silsil\u0259 t\u0259dbirl\u0259rd\u0259 \u00f6lk\u0259mizd\u0259 s\u0259f\u0259rd\u0259 olan tarixi h\u0259rbi musiqi birliyinin ifas\u0131nda musiqi n\u00f6mr\u0259l\u0259ri t\u0259qdim olunacaq.<\/p>\n","protected":false},"author":2,"featured_media":400718,"comment_status":"closed","ping_status":"closed","sticky":false,"template":"","format":"standard","meta":{"om_disable_all_campaigns":false,"_monsterinsights_skip_tracking":false,"_monsterinsights_sitenote_active":false,"_monsterinsights_sitenote_note":"","_monsterinsights_sitenote_category":0},"categories":[26],"tags":[],"aioseo_notices":[],"gutentor_comment":0,"rttpg_featured_image_url":{"full":["https:\/\/arantv.az\/wp-content\/uploads\/2021\/11\/975f4b9e-16d8-445d-ade2-9471ab80bc9f.jpg",620,422,false],"landscape":["https:\/\/arantv.az\/wp-content\/uploads\/2021\/11\/975f4b9e-16d8-445d-ade2-9471ab80bc9f.jpg",620,422,false],"portraits":["https:\/\/arantv.az\/wp-content\/uploads\/2021\/11\/975f4b9e-16d8-445d-ade2-9471ab80bc9f.jpg",620,422,false],"thumbnail":["https:\/\/arantv.az\/wp-content\/uploads\/2021\/11\/975f4b9e-16d8-445d-ade2-9471ab80bc9f-500x280.jpg",500,280,true],"medium":["https:\/\/arantv.az\/wp-content\/uploads\/2021\/11\/975f4b9e-16d8-445d-ade2-9471ab80bc9f-536x365.jpg",536,365,true],"large":["https:\/\/arantv.az\/wp-content\/uploads\/2021\/11\/975f4b9e-16d8-445d-ade2-9471ab80bc9f.jpg",620,422,false],"1536x1536":["https:\/\/arantv.az\/wp-content\/uploads\/2021\/11\/975f4b9e-16d8-445d-ade2-9471ab80bc9f.jpg",620,422,false],"2048x2048":["https:\/\/arantv.az\/wp-content\/uploads\/2021\/11\/975f4b9e-16d8-445d-ade2-9471ab80bc9f.jpg",620,422,false],"post-thumbnail":["https:\/\/arantv.az\/wp-content\/uploads\/2021\/11\/975f4b9e-16d8-445d-ade2-9471ab80bc9f-240x172.jpg",240,172,true],"advps-thumb-one":["https:\/\/arantv.az\/wp-content\/uploads\/2021\/11\/975f4b9e-16d8-445d-ade2-9471ab80bc9f.jpg",620,422,false]},"rttpg_author":{"display_name":"V\u00fcsal Rafiqo\u011flu","author_link":"https:\/\/arantv.az\/?author=2"},"rttpg_comment":0,"rttpg_category":"<a href=\"https:\/\/arantv.az\/?cat=26\" rel=\"category\">Sosial<\/a>","rttpg_excerpt":"T\u00fcrkiy\u0259 Respublikas\u0131 Milli M\u00fcdafi\u0259 Nazirliyinin Mehteran Birliyi \u00f6lk\u0259miz\u0259 s\u0259f\u0259r edib. Bu bar\u0259d\u0259 M\u00fcdafi\u0259 Nazirliyi m\u0259lumat yay\u0131b. Bildirilib ki, Z\u0259f\u0259r G\u00fcn\u00fc m\u00fcnasib\u0259til\u0259 Az\u0259rbaycan Ordusunda ke\u00e7iril\u0259c\u0259k silsil\u0259 t\u0259dbirl\u0259rd\u0259 \u00f6lk\u0259mizd\u0259 s\u0259f\u0259rd\u0259 olan tarixi h\u0259rbi musiqi birliyinin ifas\u0131nda musiqi n\u00f6mr\u0259l\u0259ri t\u0259qdim olunacaq.","_links":{"self":[{"href":"https:\/\/arantv.az\/index.php?rest_route=\/wp\/v2\/posts\/400717"}],"collection":[{"href":"https:\/\/arantv.az\/index.php?rest_route=\/wp\/v2\/posts"}],"about":[{"href":"https:\/\/arantv.az\/index.php?rest_route=\/wp\/v2\/types\/post"}],"author":[{"embeddable":true,"href":"https:\/\/arantv.az\/index.php?rest_route=\/wp\/v2\/users\/2"}],"replies":[{"embeddable":true,"href":"https:\/\/arantv.az\/index.php?rest_route=%2Fwp%2Fv2%2Fcomments&post=400717"}],"version-history":[{"count":0,"href":"https:\/\/arantv.az\/index.php?rest_route=\/wp\/v2\/posts\/400717\/revisions"}],"wp:featuredmedia":[{"embeddable":true,"href":"https:\/\/arantv.az\/index.php?rest_route=\/wp\/v2\/media\/400718"}],"wp:attachment":[{"href":"https:\/\/arantv.az\/index.php?rest_route=%2Fwp%2Fv2%2Fmedia&parent=400717"}],"wp:term":[{"taxonomy":"category","embeddable":true,"href":"https:\/\/arantv.az\/index.php?rest_route=%2Fwp%2Fv2%2Fcategories&post=400717"},{"taxonomy":"post_tag","embeddable":true,"href":"https:\/\/arantv.az\/index.php?rest_route=%2Fwp%2Fv2%2Ftags&post=400717"}],"curies":[{"name":"wp","href":"https:\/\/api.w.org\/{rel}","templated":true}]}}