{"id":400720,"date":"2021-11-06T18:20:24","date_gmt":"2021-11-06T15:20:24","guid":{"rendered":"http:\/\/arantv.az\/?p=400720"},"modified":"2021-11-06T18:20:24","modified_gmt":"2021-11-06T15:20:24","slug":"almaniyada-z%c9%99f%c9%99r-gunu-il%c9%99-bagli-s%c9%99rgi-t%c9%99skil-edilib-foto","status":"publish","type":"post","link":"https:\/\/arantv.az\/?p=400720","title":{"rendered":"Almaniyada Z\u0259f\u0259r G\u00fcn\u00fc il\u0259 ba\u011fl\u0131 s\u0259rgi t\u0259\u015fkil edilib &#8211; FOTO"},"content":{"rendered":"<p>Almaniyan\u0131n K\u00f6ln \u015f\u0259h\u0259rind\u0259ki Domplatte kils\u0259sinin qar\u015f\u0131s\u0131nda 8 Noyabr \u2013 Z\u0259f\u0259r G\u00fcn\u00fcn\u0259 h\u0259sr olunmu\u015f aksiya ke\u00e7irilib.<\/p>\n<p>Diasporla \u0130\u015f \u00fczr\u0259 D\u00f6vl\u0259t Komit\u0259sind\u0259n\u00a0Oxu.Az-a veril\u0259n m\u0259lumata g\u00f6r\u0259, Komit\u0259nin d\u0259st\u0259yi, Alman-Az\u0259rbaycan M\u0259d\u0259niyy\u0259t Evi v\u0259 K\u00f6ln Az\u0259rbaycan Evinin t\u0259\u015fkilat\u00e7\u0131l\u0131\u011f\u0131 il\u0259 ba\u015f tutan aksiya zaman\u0131 \u201cQaraba\u011f Az\u0259rbaycand\u0131r!\u201d \u015f\u00fcar\u0131 il\u0259 fotos\u0259rgi n\u00fcmayi\u015f etdirilib.<\/p>\n<div id=\"AdviadNativeVideo0\" class=\"AdviadNativeVideo\"><\/div>\n<p>S\u0259rgid\u0259 Erm\u0259nistan\u0131n 30 il\u0259 yax\u0131n m\u00fcdd\u0259t \u0259rzind\u0259 i\u015f\u011fal alt\u0131nda saxlad\u0131\u011f\u0131 \u0259z\u0259li Az\u0259rbaycan torpaqlar\u0131nda t\u00f6r\u0259tdiyi vandalizm aktlar\u0131n\u0131 if\u015fa ed\u0259n fotomateriallara v\u0259 m\u0259lumatlara diqq\u0259t c\u0259lb edilib. K\u00f6lnd\u0259 ya\u015fayan tarz\u0259n Vahid M\u0259mm\u0259dovun ifas\u0131nda Az\u0259rbaycan musiqisi s\u0259sl\u0259ndirilib.<\/p>\n<p>S\u0259rgi il\u0259 maraqlanan yerli sakinl\u0259r\u0259 bir il \u00f6nc\u0259 Ali Ba\u015f Komandan \u0130lham \u018fliyevin r\u0259hb\u0259rliyi il\u0259 Silahl\u0131 Q\u00fcvv\u0259l\u0259rimizin torpaqlar\u0131m\u0131z\u0131 erm\u0259ni i\u015f\u011fal\u00e7\u0131lar\u0131ndan azad etdiyi, Qaraba\u011fda irimiqyasl\u0131 b\u0259rpa-quruculuq i\u015fl\u0259rinin ba\u015flanmas\u0131 bar\u0259d\u0259 m\u0259lumatlar\u0131n \u0259ks olundu\u011fu bro\u015f\u00fcrl\u0259r v\u0259 Z\u0259f\u0259r G\u00fcn\u00fc m\u00fcnasib\u0259til\u0259 x\u00fcsusi haz\u0131rlanm\u0131\u015f \u015firniyyatlar paylan\u0131l\u0131b.<\/p>\n<p>&nbsp;<\/p>\n<div class=\"gallery\">\n<div class=\"gallery-i\"><img src=\"https:\/\/cdn.oxu.az\/uploads\/W1siZiIsIjIwMjEvMTEvMDYvMTkvMDkvNDMvN2QyMThkNDEtOTc4Yi00NGExLTk2YzgtZGY4NTgyNmYyMmRhL2YzNWQ1ODFhLWJmMGItM2JiNi04YjhkLWVmYWI1YWFjZjhjNy5qcGciXSxbInAiLCJlbmNvZGUiLCJqcGciLCItcXVhbGl0eSA4MCJdLFsicCIsInRodW1iIiwiNTkweDU5MFx1MDAzZSJdXQ?sha=ad3cd0e0924eb762\" alt=\"\" \/><\/p>\n<div class=\"gallery-i-caption\"><\/div>\n<\/div>\n<div class=\"gallery-i\"><img src=\"https:\/\/cdn.oxu.az\/uploads\/W1siZiIsIjIwMjEvMTEvMDYvMTkvMDkvNDMvZmNjZmVmM2MtZmYxNS00ZjE3LTk2NGQtMDM4ODQ5MjljYTMxL2JhMDU3ODFmLWZkNDYtM2FhNC1hNTFkLTdmM2U5OTg3OTI2OV84NTAuanBnIl0sWyJwIiwiZW5jb2RlIiwianBnIiwiLXF1YWxpdHkgODAiXSxbInAiLCJ0aHVtYiIsIjU5MHg1OTBcdTAwM2UiXV0?sha=3d194a539211c932\" alt=\"\" \/><\/div>\n<\/div>\n","protected":false},"excerpt":{"rendered":"<p>Almaniyan\u0131n K\u00f6ln \u015f\u0259h\u0259rind\u0259ki Domplatte kils\u0259sinin qar\u015f\u0131s\u0131nda 8 Noyabr \u2013 Z\u0259f\u0259r G\u00fcn\u00fcn\u0259 h\u0259sr olunmu\u015f aksiya ke\u00e7irilib. Diasporla \u0130\u015f \u00fczr\u0259 D\u00f6vl\u0259t Komit\u0259sind\u0259n\u00a0Oxu.Az-a veril\u0259n m\u0259lumata g\u00f6r\u0259, Komit\u0259nin d\u0259st\u0259yi, Alman-Az\u0259rbaycan M\u0259d\u0259niyy\u0259t Evi v\u0259 K\u00f6ln Az\u0259rbaycan Evinin t\u0259\u015fkilat\u00e7\u0131l\u0131\u011f\u0131 il\u0259 ba\u015f tutan aksiya zaman\u0131 \u201cQaraba\u011f Az\u0259rbaycand\u0131r!\u201d \u015f\u00fcar\u0131 il\u0259 fotos\u0259rgi n\u00fcmayi\u015f etdirilib. S\u0259rgid\u0259 Erm\u0259nistan\u0131n 30 il\u0259 yax\u0131n m\u00fcdd\u0259t \u0259rzind\u0259 i\u015f\u011fal alt\u0131nda saxlad\u0131\u011f\u0131 \u0259z\u0259li Az\u0259rbaycan torpaqlar\u0131nda t\u00f6r\u0259tdiyi vandalizm aktlar\u0131n\u0131 if\u015fa ed\u0259n fotomateriallara v\u0259 m\u0259lumatlara diqq\u0259t c\u0259lb edilib. K\u00f6lnd\u0259 ya\u015fayan tarz\u0259n Vahid M\u0259mm\u0259dovun ifas\u0131nda Az\u0259rbaycan musiqisi s\u0259sl\u0259ndirilib. S\u0259rgi il\u0259 maraqlanan yerli sakinl\u0259r\u0259 bir il \u00f6nc\u0259 Ali Ba\u015f Komandan \u0130lham&hellip;<\/p>\n","protected":false},"author":2,"featured_media":400722,"comment_status":"closed","ping_status":"closed","sticky":false,"template":"","format":"standard","meta":{"om_disable_all_campaigns":false,"_monsterinsights_skip_tracking":false,"_monsterinsights_sitenote_active":false,"_monsterinsights_sitenote_note":"","_monsterinsights_sitenote_category":0},"categories":[26],"tags":[],"aioseo_notices":[],"gutentor_comment":0,"rttpg_featured_image_url":{"full":["https:\/\/arantv.az\/wp-content\/uploads\/2021\/11\/c14a72ca-db4b-3413-baf6-6f8a17b5c36e-1.jpg",620,413,false],"landscape":["https:\/\/arantv.az\/wp-content\/uploads\/2021\/11\/c14a72ca-db4b-3413-baf6-6f8a17b5c36e-1.jpg",620,413,false],"portraits":["https:\/\/arantv.az\/wp-content\/uploads\/2021\/11\/c14a72ca-db4b-3413-baf6-6f8a17b5c36e-1.jpg",620,413,false],"thumbnail":["https:\/\/arantv.az\/wp-content\/uploads\/2021\/11\/c14a72ca-db4b-3413-baf6-6f8a17b5c36e-1-500x280.jpg",500,280,true],"medium":["https:\/\/arantv.az\/wp-content\/uploads\/2021\/11\/c14a72ca-db4b-3413-baf6-6f8a17b5c36e-1-548x365.jpg",548,365,true],"large":["https:\/\/arantv.az\/wp-content\/uploads\/2021\/11\/c14a72ca-db4b-3413-baf6-6f8a17b5c36e-1.jpg",620,413,false],"1536x1536":["https:\/\/arantv.az\/wp-content\/uploads\/2021\/11\/c14a72ca-db4b-3413-baf6-6f8a17b5c36e-1.jpg",620,413,false],"2048x2048":["https:\/\/arantv.az\/wp-content\/uploads\/2021\/11\/c14a72ca-db4b-3413-baf6-6f8a17b5c36e-1.jpg",620,413,false],"post-thumbnail":["https:\/\/arantv.az\/wp-content\/uploads\/2021\/11\/c14a72ca-db4b-3413-baf6-6f8a17b5c36e-1-240x172.jpg",240,172,true],"advps-thumb-one":["https:\/\/arantv.az\/wp-content\/uploads\/2021\/11\/c14a72ca-db4b-3413-baf6-6f8a17b5c36e-1.jpg",620,413,false]},"rttpg_author":{"display_name":"V\u00fcsal Rafiqo\u011flu","author_link":"https:\/\/arantv.az\/?author=2"},"rttpg_comment":0,"rttpg_category":"<a href=\"https:\/\/arantv.az\/?cat=26\" rel=\"category\">Sosial<\/a>","rttpg_excerpt":"Almaniyan\u0131n K\u00f6ln \u015f\u0259h\u0259rind\u0259ki Domplatte kils\u0259sinin qar\u015f\u0131s\u0131nda 8 Noyabr \u2013 Z\u0259f\u0259r G\u00fcn\u00fcn\u0259 h\u0259sr olunmu\u015f aksiya ke\u00e7irilib. Diasporla \u0130\u015f \u00fczr\u0259 D\u00f6vl\u0259t Komit\u0259sind\u0259n\u00a0Oxu.Az-a veril\u0259n m\u0259lumata g\u00f6r\u0259, Komit\u0259nin d\u0259st\u0259yi, Alman-Az\u0259rbaycan M\u0259d\u0259niyy\u0259t Evi v\u0259 K\u00f6ln Az\u0259rbaycan Evinin t\u0259\u015fkilat\u00e7\u0131l\u0131\u011f\u0131 il\u0259 ba\u015f tutan aksiya zaman\u0131 \u201cQaraba\u011f Az\u0259rbaycand\u0131r!\u201d \u015f\u00fcar\u0131 il\u0259 fotos\u0259rgi n\u00fcmayi\u015f etdirilib. S\u0259rgid\u0259 Erm\u0259nistan\u0131n 30 il\u0259 yax\u0131n m\u00fcdd\u0259t \u0259rzind\u0259 i\u015f\u011fal alt\u0131nda saxlad\u0131\u011f\u0131&hellip;","_links":{"self":[{"href":"https:\/\/arantv.az\/index.php?rest_route=\/wp\/v2\/posts\/400720"}],"collection":[{"href":"https:\/\/arantv.az\/index.php?rest_route=\/wp\/v2\/posts"}],"about":[{"href":"https:\/\/arantv.az\/index.php?rest_route=\/wp\/v2\/types\/post"}],"author":[{"embeddable":true,"href":"https:\/\/arantv.az\/index.php?rest_route=\/wp\/v2\/users\/2"}],"replies":[{"embeddable":true,"href":"https:\/\/arantv.az\/index.php?rest_route=%2Fwp%2Fv2%2Fcomments&post=400720"}],"version-history":[{"count":0,"href":"https:\/\/arantv.az\/index.php?rest_route=\/wp\/v2\/posts\/400720\/revisions"}],"wp:featuredmedia":[{"embeddable":true,"href":"https:\/\/arantv.az\/index.php?rest_route=\/wp\/v2\/media\/400722"}],"wp:attachment":[{"href":"https:\/\/arantv.az\/index.php?rest_route=%2Fwp%2Fv2%2Fmedia&parent=400720"}],"wp:term":[{"taxonomy":"category","embeddable":true,"href":"https:\/\/arantv.az\/index.php?rest_route=%2Fwp%2Fv2%2Fcategories&post=400720"},{"taxonomy":"post_tag","embeddable":true,"href":"https:\/\/arantv.az\/index.php?rest_route=%2Fwp%2Fv2%2Ftags&post=400720"}],"curies":[{"name":"wp","href":"https:\/\/api.w.org\/{rel}","templated":true}]}}