{"id":401087,"date":"2021-11-07T19:36:36","date_gmt":"2021-11-07T16:36:36","guid":{"rendered":"http:\/\/arantv.az\/?p=401087"},"modified":"2021-11-07T19:36:36","modified_gmt":"2021-11-07T16:36:36","slug":"prezident-susada-mehmandarovlarin-malikan%c9%99-kompleksind%c9%99-aparilan-b%c9%99rpa-isl%c9%99ri-il%c9%99-tanis-olub-foto","status":"publish","type":"post","link":"https:\/\/arantv.az\/?p=401087","title":{"rendered":"Prezident \u015eu\u015fada Mehmandarovlar\u0131n malikan\u0259 kompleksind\u0259 apar\u0131lan b\u0259rpa i\u015fl\u0259ri il\u0259 tan\u0131\u015f olub &#8211; FOTO"},"content":{"rendered":"<p>Az\u0259rbaycan Respublikas\u0131n\u0131n Prezidenti \u0130lham \u018fliyev v\u0259 birinci xan\u0131m Mehriban \u018fliyeva noyabr\u0131n 7-d\u0259 \u015eu\u015fada Mehmandarovlar\u0131n malikan\u0259 kompleksind\u0259 apar\u0131lan b\u0259rpa i\u015fl\u0259ri il\u0259 tan\u0131\u015f olublar.<\/p>\n<p><a href=\"https:\/\/azertag.az\/\" target=\"_blank\" rel=\"noopener\">AZ\u018fRTAC<\/a>\u00a0x\u0259b\u0259r verir ki, d\u00f6vl\u0259timizin ba\u015f\u00e7\u0131s\u0131na v\u0259 birinci xan\u0131ma kompleksd\u0259 g\u00f6r\u00fcl\u0259n i\u015fl\u0259r bar\u0259d\u0259 m\u0259lumat verildi.<\/p>\n<p>Bildirildi ki, i\u015f\u011fal d\u00f6vr\u00fcnd\u0259 erm\u0259nil\u0259r Az\u0259rbaycan\u0131n bu \u0259razid\u0259 \u0259srl\u0259r boyu ya\u015fayan b\u00f6y\u00fck \u015f\u0259xsiyy\u0259tl\u0259rinin tarixi irsini m\u0259hv etm\u0259y\u0259 \u00e7al\u0131\u015f\u0131blar. \u015eu\u015fadan Az\u0259rbaycan izinin silinm\u0259si \u00fc\u00e7\u00fcn tarixi-m\u0259d\u0259ni abid\u0259l\u0259ri da\u011f\u0131daraq milli d\u0259y\u0259rl\u0259rimiz\u0259 ciddi ziyan vurublar. Mehmandarovlar\u0131n da malikan\u0259si m\u0259hz bu \u00e7irkin niyy\u0259tl\u0259rin qurban\u0131 olub.<\/p>\n<p>M\u00fch\u00fcm m\u0259d\u0259ni-tarixi memarl\u0131q abid\u0259si olan Mehmandarovlar\u0131n malikan\u0259 kompleksind\u0259 b\u0259rpa i\u015fl\u0259rini Heyd\u0259r \u018fliyev Fondu apar\u0131r. Kompleks\u0259 m\u0259scid, ki\u00e7ik v\u0259 b\u00f6y\u00fck ya\u015fay\u0131\u015f evl\u0259ri daxildir. \u0130\u015f\u011fal d\u00f6vr\u00fcnd\u0259 ciddi ziyan d\u0259y\u0259n, erm\u0259nil\u0259r t\u0259r\u0259find\u0259n da\u011f\u0131nt\u0131lara m\u0259ruz qalan malikan\u0259 kompleksind\u0259 m\u00fct\u0259x\u0259ssisl\u0259r qiym\u0259tl\u0259ndirm\u0259 i\u015fl\u0259ri apar\u0131blar. Qiym\u0259tl\u0259ndirm\u0259 i\u015fl\u0259rin\u0259 uy\u011fun olaraq ilkin layih\u0259 \u0259sas\u0131nda b\u0259rpa i\u015fl\u0259rin\u0259 ba\u015flan\u0131l\u0131b.<\/p>\n<p>&nbsp;<\/p>\n<div class=\"gallery\">\n<div class=\"gallery-i\"><img src=\"https:\/\/cdn.oxu.az\/uploads\/W1siZiIsIjIwMjEvMTEvMDcvMjAvMzMvMDgvZmY1MmFmY2QtNTgwNi00YTc2LTg3MzMtNWI2NWM3NmNlYzg4LzE2MzYzMDIyMDc0Nzg2NzUyNzM2XzEwMDB4NjY5LmpwZyJdLFsicCIsImVuY29kZSIsImpwZyIsIi1xdWFsaXR5IDgwIl0sWyJwIiwidGh1bWIiLCI1OTB4NTkwXHUwMDNlIl1d?sha=4f8f9727c8429c7c\" alt=\"\" \/><\/p>\n<div class=\"gallery-i-caption\"><\/div>\n<\/div>\n<div class=\"gallery-i\"><img src=\"https:\/\/cdn.oxu.az\/uploads\/W1siZiIsIjIwMjEvMTEvMDcvMjAvMzMvMDgvYjViZDZhMjctNjNjNi00OTZiLWE5MGUtOGE3NTY3ZTBjYmE3LzE2MzYzMDIyMDcyNTIzMTQ4MzgyXzEwMDB4NjY5LmpwZyJdLFsicCIsImVuY29kZSIsImpwZyIsIi1xdWFsaXR5IDgwIl0sWyJwIiwidGh1bWIiLCI1OTB4NTkwXHUwMDNlIl1d?sha=44627ba405e4abdf\" alt=\"\" \/><\/p>\n<div class=\"gallery-i-caption\"><\/div>\n<\/div>\n<div class=\"gallery-i\"><img src=\"https:\/\/cdn.oxu.az\/uploads\/W1siZiIsIjIwMjEvMTEvMDcvMjAvMzMvMDgvM2VlZTkzMjItMTQ2NC00MjU4LWFmOWQtMDY2ZDMwMDIzMGI3LzE2MzYzMDIyMDc0NDMwMTQ3OTZfMTAwMHg2NjkuanBnIl0sWyJwIiwiZW5jb2RlIiwianBnIiwiLXF1YWxpdHkgODAiXSxbInAiLCJ0aHVtYiIsIjU5MHg1OTBcdTAwM2UiXV0?sha=0bf32f5e16c7112c\" alt=\"\" \/><\/p>\n<div class=\"gallery-i-caption\"><\/div>\n<\/div>\n<div class=\"gallery-i\"><img src=\"https:\/\/cdn.oxu.az\/uploads\/W1siZiIsIjIwMjEvMTEvMDcvMjAvMzMvMDkvOGEzOThjNjQtNjk5ZS00YTQ2LWJiMzMtYTg2NWY5NWYxOWY3LzE2MzYzMDIyMDY0Mjc3ODMwNTgxXzEwMDB4NjY5LmpwZyJdLFsicCIsImVuY29kZSIsImpwZyIsIi1xdWFsaXR5IDgwIl0sWyJwIiwidGh1bWIiLCI1OTB4NTkwXHUwMDNlIl1d?sha=3d8b396ef4d3a3aa\" alt=\"\" \/><\/div>\n<\/div>\n","protected":false},"excerpt":{"rendered":"<p>Az\u0259rbaycan Respublikas\u0131n\u0131n Prezidenti \u0130lham \u018fliyev v\u0259 birinci xan\u0131m Mehriban \u018fliyeva noyabr\u0131n 7-d\u0259 \u015eu\u015fada Mehmandarovlar\u0131n malikan\u0259 kompleksind\u0259 apar\u0131lan b\u0259rpa i\u015fl\u0259ri il\u0259 tan\u0131\u015f olublar. AZ\u018fRTAC\u00a0x\u0259b\u0259r verir ki, d\u00f6vl\u0259timizin ba\u015f\u00e7\u0131s\u0131na v\u0259 birinci xan\u0131ma kompleksd\u0259 g\u00f6r\u00fcl\u0259n i\u015fl\u0259r bar\u0259d\u0259 m\u0259lumat verildi. Bildirildi ki, i\u015f\u011fal d\u00f6vr\u00fcnd\u0259 erm\u0259nil\u0259r Az\u0259rbaycan\u0131n bu \u0259razid\u0259 \u0259srl\u0259r boyu ya\u015fayan b\u00f6y\u00fck \u015f\u0259xsiyy\u0259tl\u0259rinin tarixi irsini m\u0259hv etm\u0259y\u0259 \u00e7al\u0131\u015f\u0131blar. \u015eu\u015fadan Az\u0259rbaycan izinin silinm\u0259si \u00fc\u00e7\u00fcn tarixi-m\u0259d\u0259ni abid\u0259l\u0259ri da\u011f\u0131daraq milli d\u0259y\u0259rl\u0259rimiz\u0259 ciddi ziyan vurublar. Mehmandarovlar\u0131n da malikan\u0259si m\u0259hz bu \u00e7irkin niyy\u0259tl\u0259rin qurban\u0131 olub. M\u00fch\u00fcm m\u0259d\u0259ni-tarixi memarl\u0131q abid\u0259si olan Mehmandarovlar\u0131n malikan\u0259 kompleksind\u0259 b\u0259rpa i\u015fl\u0259rini Heyd\u0259r \u018fliyev Fondu apar\u0131r.&hellip;<\/p>\n","protected":false},"author":2,"featured_media":401088,"comment_status":"closed","ping_status":"closed","sticky":false,"template":"","format":"standard","meta":{"om_disable_all_campaigns":false,"_monsterinsights_skip_tracking":false,"_monsterinsights_sitenote_active":false,"_monsterinsights_sitenote_note":"","_monsterinsights_sitenote_category":0},"categories":[4],"tags":[],"aioseo_notices":[],"gutentor_comment":0,"rttpg_featured_image_url":{"full":["https:\/\/arantv.az\/wp-content\/uploads\/2021\/11\/1636302207443014796_1000x669.jpg",620,412,false],"landscape":["https:\/\/arantv.az\/wp-content\/uploads\/2021\/11\/1636302207443014796_1000x669.jpg",620,412,false],"portraits":["https:\/\/arantv.az\/wp-content\/uploads\/2021\/11\/1636302207443014796_1000x669.jpg",620,412,false],"thumbnail":["https:\/\/arantv.az\/wp-content\/uploads\/2021\/11\/1636302207443014796_1000x669-500x280.jpg",500,280,true],"medium":["https:\/\/arantv.az\/wp-content\/uploads\/2021\/11\/1636302207443014796_1000x669-549x365.jpg",549,365,true],"large":["https:\/\/arantv.az\/wp-content\/uploads\/2021\/11\/1636302207443014796_1000x669.jpg",620,412,false],"1536x1536":["https:\/\/arantv.az\/wp-content\/uploads\/2021\/11\/1636302207443014796_1000x669.jpg",620,412,false],"2048x2048":["https:\/\/arantv.az\/wp-content\/uploads\/2021\/11\/1636302207443014796_1000x669.jpg",620,412,false],"post-thumbnail":["https:\/\/arantv.az\/wp-content\/uploads\/2021\/11\/1636302207443014796_1000x669-240x172.jpg",240,172,true],"advps-thumb-one":["https:\/\/arantv.az\/wp-content\/uploads\/2021\/11\/1636302207443014796_1000x669.jpg",620,412,false]},"rttpg_author":{"display_name":"V\u00fcsal Rafiqo\u011flu","author_link":"https:\/\/arantv.az\/?author=2"},"rttpg_comment":0,"rttpg_category":"<a href=\"https:\/\/arantv.az\/?cat=4\" rel=\"category\">Siyas\u0259t<\/a>","rttpg_excerpt":"Az\u0259rbaycan Respublikas\u0131n\u0131n Prezidenti \u0130lham \u018fliyev v\u0259 birinci xan\u0131m Mehriban \u018fliyeva noyabr\u0131n 7-d\u0259 \u015eu\u015fada Mehmandarovlar\u0131n malikan\u0259 kompleksind\u0259 apar\u0131lan b\u0259rpa i\u015fl\u0259ri il\u0259 tan\u0131\u015f olublar. AZ\u018fRTAC\u00a0x\u0259b\u0259r verir ki, d\u00f6vl\u0259timizin ba\u015f\u00e7\u0131s\u0131na v\u0259 birinci xan\u0131ma kompleksd\u0259 g\u00f6r\u00fcl\u0259n i\u015fl\u0259r bar\u0259d\u0259 m\u0259lumat verildi. Bildirildi ki, i\u015f\u011fal d\u00f6vr\u00fcnd\u0259 erm\u0259nil\u0259r Az\u0259rbaycan\u0131n bu \u0259razid\u0259 \u0259srl\u0259r boyu ya\u015fayan b\u00f6y\u00fck \u015f\u0259xsiyy\u0259tl\u0259rinin tarixi irsini m\u0259hv etm\u0259y\u0259 \u00e7al\u0131\u015f\u0131blar. \u015eu\u015fadan&hellip;","_links":{"self":[{"href":"https:\/\/arantv.az\/index.php?rest_route=\/wp\/v2\/posts\/401087"}],"collection":[{"href":"https:\/\/arantv.az\/index.php?rest_route=\/wp\/v2\/posts"}],"about":[{"href":"https:\/\/arantv.az\/index.php?rest_route=\/wp\/v2\/types\/post"}],"author":[{"embeddable":true,"href":"https:\/\/arantv.az\/index.php?rest_route=\/wp\/v2\/users\/2"}],"replies":[{"embeddable":true,"href":"https:\/\/arantv.az\/index.php?rest_route=%2Fwp%2Fv2%2Fcomments&post=401087"}],"version-history":[{"count":0,"href":"https:\/\/arantv.az\/index.php?rest_route=\/wp\/v2\/posts\/401087\/revisions"}],"wp:featuredmedia":[{"embeddable":true,"href":"https:\/\/arantv.az\/index.php?rest_route=\/wp\/v2\/media\/401088"}],"wp:attachment":[{"href":"https:\/\/arantv.az\/index.php?rest_route=%2Fwp%2Fv2%2Fmedia&parent=401087"}],"wp:term":[{"taxonomy":"category","embeddable":true,"href":"https:\/\/arantv.az\/index.php?rest_route=%2Fwp%2Fv2%2Fcategories&post=401087"},{"taxonomy":"post_tag","embeddable":true,"href":"https:\/\/arantv.az\/index.php?rest_route=%2Fwp%2Fv2%2Ftags&post=401087"}],"curies":[{"name":"wp","href":"https:\/\/api.w.org\/{rel}","templated":true}]}}