{"id":401136,"date":"2021-11-08T07:45:55","date_gmt":"2021-11-08T04:45:55","guid":{"rendered":"http:\/\/arantv.az\/?p=401136"},"modified":"2021-11-08T07:45:55","modified_gmt":"2021-11-08T04:45:55","slug":"turkiy%c9%99-parlamenti-ordunun-az%c9%99rbaycanda-qalma-mandatinin-uzadilmasini-muzakir%c9%99-ed%c9%99c%c9%99k","status":"publish","type":"post","link":"https:\/\/arantv.az\/?p=401136","title":{"rendered":"T\u00fcrkiy\u0259 parlamenti ordunun Az\u0259rbaycanda qalma mandat\u0131n\u0131n uzad\u0131lmas\u0131n\u0131 m\u00fczakir\u0259 ed\u0259c\u0259k"},"content":{"rendered":"<p>T\u00fcrkiy\u0259 B\u00f6y\u00fck Mill\u0259t M\u0259clisi (parlament) bu h\u0259ft\u0259 T\u00fcrkiy\u0259 ordusunun Az\u0259rbaycanda qalma mandat\u0131n\u0131n uzad\u0131lmas\u0131n\u0131 m\u00fczakir\u0259 ed\u0259c\u0259k.<\/p>\n<p><strong>ARANTV.AZ<\/strong> <a href=\"https:\/\/az.trend.az\/\" target=\"_blank\" rel=\"noopener\">Trend<\/a>-\u0259 istinad\u0259n bildirir ki, m\u0259s\u0259l\u0259 noyabr\u0131n 9-u TBMM-in plenar iclas\u0131nda m\u00fczakir\u0259y\u0259 \u00e7\u0131xar\u0131lacaq.<\/p>\n<p>T\u00fcrkiy\u0259nin \u018fdal\u0259t v\u0259 \u0130nki\u015faf Partiyas\u0131n\u0131n parlamentd\u0259ki fraksiyas\u0131n\u0131n s\u0259dr m\u00fcavini B\u00fcl\u0259nt Turan &#8220;Anadolu&#8221; agentliyin\u0259 bildirib ki, Ankara regiondak\u0131 b\u00fct\u00fcn probleml\u0259rin h\u0259llind\u0259 maraql\u0131d\u0131r:<\/p>\n<p>&#8220;\u00d6t\u0259n il parlamentd\u0259 Az\u0259rbaycanla ba\u011fl\u0131 qanun layih\u0259si Xalqlar\u0131n Demokratik Partiyas\u0131 (HDP) istisna olmaqla, b\u00fct\u00fcn partiyalar t\u0259r\u0259find\u0259n d\u0259st\u0259kl\u0259nib. \u00dcmid edir\u0259m ki, bu il s\u0259n\u0259d b\u00fct\u00fcn partiyalar t\u0259r\u0259find\u0259n d\u0259st\u0259kl\u0259n\u0259c\u0259k v\u0259 biz T\u00fcrkiy\u0259, onun ordusu, t\u0259hl\u00fck\u0259sizlik q\u00fcvv\u0259l\u0259ri v\u0259 d\u00f6vl\u0259tinin az\u0259rbaycanl\u0131 qarda\u015flar\u0131m\u0131z\u0131n yan\u0131nda oldu\u011funu vur\u011fulaya bil\u0259c\u0259yik&#8221;.<\/p>\n<p>Turan vur\u011fulay\u0131b ki, Az\u0259rbaycanla ba\u011fl\u0131 qanun layih\u0259sinin parlamentd\u0259ki b\u00fct\u00fcn partiyalar t\u0259r\u0259find\u0259n d\u0259st\u0259kl\u0259nm\u0259si qarda\u015f v\u0259 dost \u00f6lk\u0259 il\u0259 birlik mesaj\u0131 bax\u0131m\u0131ndan \u00e7ox vacibdir:<\/p>\n<div>\n<div id=\"AdviadNativeVideo0\" class=\"AdviadNativeVideo\">\n<div class=\"adviad-inboard\">\n<div>\n<div id=\"teads0\" class=\"adviad-player\"><\/div>\n<\/div>\n<\/div>\n<\/div>\n<\/div>\n<p>&#8220;Bel\u0259 m\u0259s\u0259l\u0259l\u0259rd\u0259 birlik laz\u0131md\u0131r. T\u0259bii ki, siyasi polemikalar, m\u00fcbahis\u0259l\u0259r ola bil\u0259r, amma b\u0259zi m\u0259s\u0259l\u0259l\u0259r bu polemikadan k\u0259narda qalmal\u0131d\u0131r. Az\u0259rbaycan haqq\u0131nda qanun layih\u0259si d\u0259 bel\u0259 m\u0259s\u0259l\u0259l\u0259rd\u0259n biridir. \u0130st\u0259rdik ki, s\u0259n\u0259d istisnas\u0131z olaraq b\u00fct\u00fcn partiyalar t\u0259r\u0259find\u0259n d\u0259st\u0259kl\u0259nsin&#8221;.<\/p>\n","protected":false},"excerpt":{"rendered":"<p>T\u00fcrkiy\u0259 B\u00f6y\u00fck Mill\u0259t M\u0259clisi (parlament) bu h\u0259ft\u0259 T\u00fcrkiy\u0259 ordusunun Az\u0259rbaycanda qalma mandat\u0131n\u0131n uzad\u0131lmas\u0131n\u0131 m\u00fczakir\u0259 ed\u0259c\u0259k. ARANTV.AZ Trend-\u0259 istinad\u0259n bildirir ki, m\u0259s\u0259l\u0259 noyabr\u0131n 9-u TBMM-in plenar iclas\u0131nda m\u00fczakir\u0259y\u0259 \u00e7\u0131xar\u0131lacaq. T\u00fcrkiy\u0259nin \u018fdal\u0259t v\u0259 \u0130nki\u015faf Partiyas\u0131n\u0131n parlamentd\u0259ki fraksiyas\u0131n\u0131n s\u0259dr m\u00fcavini B\u00fcl\u0259nt Turan &#8220;Anadolu&#8221; agentliyin\u0259 bildirib ki, Ankara regiondak\u0131 b\u00fct\u00fcn probleml\u0259rin h\u0259llind\u0259 maraql\u0131d\u0131r: &#8220;\u00d6t\u0259n il parlamentd\u0259 Az\u0259rbaycanla ba\u011fl\u0131 qanun layih\u0259si Xalqlar\u0131n Demokratik Partiyas\u0131 (HDP) istisna olmaqla, b\u00fct\u00fcn partiyalar t\u0259r\u0259find\u0259n d\u0259st\u0259kl\u0259nib. \u00dcmid edir\u0259m ki, bu il s\u0259n\u0259d b\u00fct\u00fcn partiyalar t\u0259r\u0259find\u0259n d\u0259st\u0259kl\u0259n\u0259c\u0259k v\u0259 biz T\u00fcrkiy\u0259, onun ordusu, t\u0259hl\u00fck\u0259sizlik q\u00fcvv\u0259l\u0259ri v\u0259 d\u00f6vl\u0259tinin az\u0259rbaycanl\u0131 qarda\u015flar\u0131m\u0131z\u0131n yan\u0131nda oldu\u011funu vur\u011fulaya&hellip;<\/p>\n","protected":false},"author":2,"featured_media":401137,"comment_status":"closed","ping_status":"closed","sticky":false,"template":"","format":"standard","meta":{"om_disable_all_campaigns":false,"_monsterinsights_skip_tracking":false,"_monsterinsights_sitenote_active":false,"_monsterinsights_sitenote_note":"","_monsterinsights_sitenote_category":0},"categories":[19],"tags":[],"aioseo_notices":[],"gutentor_comment":0,"rttpg_featured_image_url":{"full":["https:\/\/arantv.az\/wp-content\/uploads\/2021\/11\/994170.jpg",625,424,false],"landscape":["https:\/\/arantv.az\/wp-content\/uploads\/2021\/11\/994170.jpg",625,424,false],"portraits":["https:\/\/arantv.az\/wp-content\/uploads\/2021\/11\/994170.jpg",625,424,false],"thumbnail":["https:\/\/arantv.az\/wp-content\/uploads\/2021\/11\/994170-500x280.jpg",500,280,true],"medium":["https:\/\/arantv.az\/wp-content\/uploads\/2021\/11\/994170-538x365.jpg",538,365,true],"large":["https:\/\/arantv.az\/wp-content\/uploads\/2021\/11\/994170.jpg",625,424,false],"1536x1536":["https:\/\/arantv.az\/wp-content\/uploads\/2021\/11\/994170.jpg",625,424,false],"2048x2048":["https:\/\/arantv.az\/wp-content\/uploads\/2021\/11\/994170.jpg",625,424,false],"post-thumbnail":["https:\/\/arantv.az\/wp-content\/uploads\/2021\/11\/994170-240x172.jpg",240,172,true],"advps-thumb-one":["https:\/\/arantv.az\/wp-content\/uploads\/2021\/11\/994170.jpg",625,424,false]},"rttpg_author":{"display_name":"V\u00fcsal Rafiqo\u011flu","author_link":"https:\/\/arantv.az\/?author=2"},"rttpg_comment":0,"rttpg_category":"<a href=\"https:\/\/arantv.az\/?cat=19\" rel=\"category\">G\u00fcnd\u0259m<\/a>","rttpg_excerpt":"T\u00fcrkiy\u0259 B\u00f6y\u00fck Mill\u0259t M\u0259clisi (parlament) bu h\u0259ft\u0259 T\u00fcrkiy\u0259 ordusunun Az\u0259rbaycanda qalma mandat\u0131n\u0131n uzad\u0131lmas\u0131n\u0131 m\u00fczakir\u0259 ed\u0259c\u0259k. ARANTV.AZ Trend-\u0259 istinad\u0259n bildirir ki, m\u0259s\u0259l\u0259 noyabr\u0131n 9-u TBMM-in plenar iclas\u0131nda m\u00fczakir\u0259y\u0259 \u00e7\u0131xar\u0131lacaq. T\u00fcrkiy\u0259nin \u018fdal\u0259t v\u0259 \u0130nki\u015faf Partiyas\u0131n\u0131n parlamentd\u0259ki fraksiyas\u0131n\u0131n s\u0259dr m\u00fcavini B\u00fcl\u0259nt Turan &#8220;Anadolu&#8221; agentliyin\u0259 bildirib ki, Ankara regiondak\u0131 b\u00fct\u00fcn probleml\u0259rin h\u0259llind\u0259 maraql\u0131d\u0131r: &#8220;\u00d6t\u0259n il parlamentd\u0259 Az\u0259rbaycanla ba\u011fl\u0131 qanun&hellip;","_links":{"self":[{"href":"https:\/\/arantv.az\/index.php?rest_route=\/wp\/v2\/posts\/401136"}],"collection":[{"href":"https:\/\/arantv.az\/index.php?rest_route=\/wp\/v2\/posts"}],"about":[{"href":"https:\/\/arantv.az\/index.php?rest_route=\/wp\/v2\/types\/post"}],"author":[{"embeddable":true,"href":"https:\/\/arantv.az\/index.php?rest_route=\/wp\/v2\/users\/2"}],"replies":[{"embeddable":true,"href":"https:\/\/arantv.az\/index.php?rest_route=%2Fwp%2Fv2%2Fcomments&post=401136"}],"version-history":[{"count":0,"href":"https:\/\/arantv.az\/index.php?rest_route=\/wp\/v2\/posts\/401136\/revisions"}],"wp:featuredmedia":[{"embeddable":true,"href":"https:\/\/arantv.az\/index.php?rest_route=\/wp\/v2\/media\/401137"}],"wp:attachment":[{"href":"https:\/\/arantv.az\/index.php?rest_route=%2Fwp%2Fv2%2Fmedia&parent=401136"}],"wp:term":[{"taxonomy":"category","embeddable":true,"href":"https:\/\/arantv.az\/index.php?rest_route=%2Fwp%2Fv2%2Fcategories&post=401136"},{"taxonomy":"post_tag","embeddable":true,"href":"https:\/\/arantv.az\/index.php?rest_route=%2Fwp%2Fv2%2Ftags&post=401136"}],"curies":[{"name":"wp","href":"https:\/\/api.w.org\/{rel}","templated":true}]}}