{"id":401142,"date":"2021-11-08T07:48:34","date_gmt":"2021-11-08T04:48:34","guid":{"rendered":"http:\/\/arantv.az\/?p=401142"},"modified":"2021-11-08T07:48:34","modified_gmt":"2021-11-08T04:48:34","slug":"44-gunluk-v%c9%99t%c9%99n-muharib%c9%99sinin-xronikasi-8-noyabr","status":"publish","type":"post","link":"https:\/\/arantv.az\/?p=401142","title":{"rendered":"44 g\u00fcnl\u00fck V\u0259t\u0259n m\u00fcharib\u0259sinin xronikas\u0131: 8 noyabr"},"content":{"rendered":"<p>2020-ci il sentyabr\u0131n 27-d\u0259 Erm\u0259nistan silahl\u0131 q\u00fcvv\u0259l\u0259rinin c\u0259bh\u0259boyu geni\u015fmiqyasl\u0131 t\u0259xribat t\u00f6r\u0259tm\u0259sin\u0259 cavab olaraq Az\u0259rbaycan Ordusu sonradan &#8220;D\u0259mir yumruq&#8221; adland\u0131r\u0131lan \u0259ks-h\u00fccum \u0259m\u0259liyyat\u0131na ba\u015flad\u0131. 44 g\u00fcn davam ed\u0259n V\u0259t\u0259n m\u00fcharib\u0259si t\u0259xmin\u0259n otuzillik i\u015f\u011fala son qoyulmas\u0131 v\u0259 \u0259razi b\u00fct\u00f6vl\u00fcy\u00fcm\u00fcz\u00fcn b\u0259rpas\u0131 il\u0259 n\u0259tic\u0259l\u0259ndi.<\/p>\n<p><strong>ARANTV.AZ\u00a0<\/strong> <a href=\"https:\/\/az.trend.az\/\" target=\"_blank\" rel=\"noopener\">Trend<\/a>-\u0259 istinad\u0259n\u00a0V\u0259t\u0259n m\u00fcharib\u0259sinin xronikas\u0131n\u0131 t\u0259qdim edir.<\/p>\n<p>&#8211; Az\u0259rbaycan Prezidenti \u0130lham \u018fliyev v\u0259 Birinci xan\u0131m Mehriban \u018fliyeva F\u0259xri xiyabanda v\u0259 \u015e\u0259hidl\u0259r xiyaban\u0131nda olublar. Prezident \u0130lham \u018fliyev noyabr\u0131n 8-d\u0259 \u015e\u0259hidl\u0259r xiyaban\u0131ndan xalqa etdiyi m\u00fcraci\u0259td\u0259 \u015eu\u015fan\u0131n \u015f\u0259h\u0259rinin i\u015f\u011faldan azad olundu\u011funu bildirib.<\/p>\n<p>&#8211; Birinci vitse-prezident Mehriban \u018fliyeva \u015eu\u015fa \u015f\u0259h\u0259rinin azad olunmas\u0131 m\u00fcnasib\u0259til\u0259 r\u0259smi &#8220;\u0130nstagram&#8221; s\u0259hif\u0259sind\u0259 etdiyi payla\u015f\u0131mda Az\u0259rbaycan xaql\u0131n\u0131 t\u0259brik edib.<\/p>\n<p>&#8211; Ali Ba\u015f Komandan \u0130lham \u018fliyev general Hikm\u0259t Mirz\u0259yevi q\u0259l\u0259b\u0259 m\u00fcnasib\u0259til\u0259 t\u0259brik edib.<\/p>\n<p>&#8211; Prezident \u0130lham \u018fliyev T\u00fcrkiy\u0259nin xarici i\u015fl\u0259r v\u0259 milli m\u00fcdafi\u0259 nazirl\u0259rini q\u0259bul edib.<\/p>\n<p>&#8211; D\u00fc\u015fm\u0259n itkil\u0259r ver\u0259r\u0259k geri \u00e7\u0259kilm\u0259y\u0259 m\u0259cbur edilib. D\u00fc\u015fm\u0259nin bir g\u00fcnd\u0259 darmada\u011f\u0131n edil\u0259n texnikalar\u0131 siyah\u0131s\u0131 a\u00e7\u0131qlan\u0131b.<\/p>\n<p>&#8211; Erm\u0259nistan d\u00f6vl\u0259t s\u0259rh\u0259dind\u0259 at\u0259\u015fk\u0259s rejimini pozub. D\u00fc\u015fm\u0259n T\u0259rt\u0259r, A\u011fdam v\u0259 A\u011fcab\u0259dini at\u0259\u015f\u0259 tutub.<\/p>\n<p>&#8211; Qubadl\u0131n\u0131n i\u015f\u011faldan azad olunan Balasoltanl\u0131 k\u0259ndinin videog\u00f6r\u00fcnt\u00fcs\u00fc yay\u0131l\u0131b.<\/p>\n<p>&#8211; Az\u0259rbaycan Ordusu c\u0259bh\u0259nin Xocav\u0259nd istiqam\u0259tind\u0259 \u00fcst\u00fcnl\u00fcy\u00fcn\u00fc art\u0131r\u0131r. C\u0259bh\u0259nin Xocav\u0259nd istiqam\u0259tind\u0259 d\u00fc\u015fm\u0259n y\u00fcks\u0259k v\u0259zif\u0259li \u015f\u0259xsl\u0259ri m\u0259hv edilib. Xocav\u0259ndin i\u015f\u011faldan azad olunan Tsakuri k\u0259ndinin videog\u00f6r\u00fcnt\u00fcs\u00fc yay\u0131l\u0131b. Az\u0259rbaycan Ordusunun c\u0259bh\u0259nin Xocav\u0259nd istiqam\u0259tind\u0259 ke\u00e7irdiyi h\u00fccum \u0259m\u0259liyyat\u0131 n\u0259tic\u0259sind\u0259 d\u00fc\u015fm\u0259n\u0259 a\u011f\u0131r z\u0259rb\u0259l\u0259r endirilib.<\/p>\n<p>&#8211; Az\u0259rbaycan Ordusu \u015eu\u015fa \u015f\u0259h\u0259rin\u0259 tam n\u0259zar\u0259t edir.<\/p>\n<p>&#8211; Z\u0259ngilan rayonunun i\u015f\u011faldan azad olunan Vejn\u0259li k\u0259ndinin videog\u00f6r\u00fcnt\u00fcl\u0259ri yay\u0131mlan\u0131b.<\/p>\n<p>&#8211; C\u0259bh\u0259nin Xocav\u0259nd istiqam\u0259tind\u0259 d\u00fc\u015fm\u0259n b\u0259zi m\u00f6vqel\u0259ri ataraq qa\u00e7mas\u0131n\u0131n videog\u00f6r\u00fcnt\u00fcs\u00fc yay\u0131l\u0131b.<\/p>\n","protected":false},"excerpt":{"rendered":"<p>2020-ci il sentyabr\u0131n 27-d\u0259 Erm\u0259nistan silahl\u0131 q\u00fcvv\u0259l\u0259rinin c\u0259bh\u0259boyu geni\u015fmiqyasl\u0131 t\u0259xribat t\u00f6r\u0259tm\u0259sin\u0259 cavab olaraq Az\u0259rbaycan Ordusu sonradan &#8220;D\u0259mir yumruq&#8221; adland\u0131r\u0131lan \u0259ks-h\u00fccum \u0259m\u0259liyyat\u0131na ba\u015flad\u0131. 44 g\u00fcn davam ed\u0259n V\u0259t\u0259n m\u00fcharib\u0259si t\u0259xmin\u0259n otuzillik i\u015f\u011fala son qoyulmas\u0131 v\u0259 \u0259razi b\u00fct\u00f6vl\u00fcy\u00fcm\u00fcz\u00fcn b\u0259rpas\u0131 il\u0259 n\u0259tic\u0259l\u0259ndi. ARANTV.AZ\u00a0 Trend-\u0259 istinad\u0259n\u00a0V\u0259t\u0259n m\u00fcharib\u0259sinin xronikas\u0131n\u0131 t\u0259qdim edir. &#8211; Az\u0259rbaycan Prezidenti \u0130lham \u018fliyev v\u0259 Birinci xan\u0131m Mehriban \u018fliyeva F\u0259xri xiyabanda v\u0259 \u015e\u0259hidl\u0259r xiyaban\u0131nda olublar. Prezident \u0130lham \u018fliyev noyabr\u0131n 8-d\u0259 \u015e\u0259hidl\u0259r xiyaban\u0131ndan xalqa etdiyi m\u00fcraci\u0259td\u0259 \u015eu\u015fan\u0131n \u015f\u0259h\u0259rinin i\u015f\u011faldan azad olundu\u011funu bildirib. &#8211; Birinci vitse-prezident Mehriban \u018fliyeva \u015eu\u015fa \u015f\u0259h\u0259rinin azad olunmas\u0131 m\u00fcnasib\u0259til\u0259 r\u0259smi &#8220;\u0130nstagram&#8221;&hellip;<\/p>\n","protected":false},"author":2,"featured_media":401143,"comment_status":"closed","ping_status":"closed","sticky":false,"template":"","format":"standard","meta":{"om_disable_all_campaigns":false,"_monsterinsights_skip_tracking":false,"_monsterinsights_sitenote_active":false,"_monsterinsights_sitenote_note":"","_monsterinsights_sitenote_category":0},"categories":[4],"tags":[],"aioseo_notices":[],"gutentor_comment":0,"rttpg_featured_image_url":{"full":["https:\/\/arantv.az\/wp-content\/uploads\/2021\/11\/turk_esker_28ss486.jpg",1000,669,false],"landscape":["https:\/\/arantv.az\/wp-content\/uploads\/2021\/11\/turk_esker_28ss486.jpg",1000,669,false],"portraits":["https:\/\/arantv.az\/wp-content\/uploads\/2021\/11\/turk_esker_28ss486.jpg",1000,669,false],"thumbnail":["https:\/\/arantv.az\/wp-content\/uploads\/2021\/11\/turk_esker_28ss486-500x280.jpg",500,280,true],"medium":["https:\/\/arantv.az\/wp-content\/uploads\/2021\/11\/turk_esker_28ss486-546x365.jpg",546,365,true],"large":["https:\/\/arantv.az\/wp-content\/uploads\/2021\/11\/turk_esker_28ss486-840x562.jpg",640,428,true],"1536x1536":["https:\/\/arantv.az\/wp-content\/uploads\/2021\/11\/turk_esker_28ss486.jpg",1000,669,false],"2048x2048":["https:\/\/arantv.az\/wp-content\/uploads\/2021\/11\/turk_esker_28ss486.jpg",1000,669,false],"post-thumbnail":["https:\/\/arantv.az\/wp-content\/uploads\/2021\/11\/turk_esker_28ss486-240x172.jpg",240,172,true],"advps-thumb-one":["https:\/\/arantv.az\/wp-content\/uploads\/2021\/11\/turk_esker_28ss486-1000x620.jpg",1000,620,true]},"rttpg_author":{"display_name":"V\u00fcsal Rafiqo\u011flu","author_link":"https:\/\/arantv.az\/?author=2"},"rttpg_comment":0,"rttpg_category":"<a href=\"https:\/\/arantv.az\/?cat=4\" rel=\"category\">Siyas\u0259t<\/a>","rttpg_excerpt":"2020-ci il sentyabr\u0131n 27-d\u0259 Erm\u0259nistan silahl\u0131 q\u00fcvv\u0259l\u0259rinin c\u0259bh\u0259boyu geni\u015fmiqyasl\u0131 t\u0259xribat t\u00f6r\u0259tm\u0259sin\u0259 cavab olaraq Az\u0259rbaycan Ordusu sonradan &#8220;D\u0259mir yumruq&#8221; adland\u0131r\u0131lan \u0259ks-h\u00fccum \u0259m\u0259liyyat\u0131na ba\u015flad\u0131. 44 g\u00fcn davam ed\u0259n V\u0259t\u0259n m\u00fcharib\u0259si t\u0259xmin\u0259n otuzillik i\u015f\u011fala son qoyulmas\u0131 v\u0259 \u0259razi b\u00fct\u00f6vl\u00fcy\u00fcm\u00fcz\u00fcn b\u0259rpas\u0131 il\u0259 n\u0259tic\u0259l\u0259ndi. ARANTV.AZ\u00a0 Trend-\u0259 istinad\u0259n\u00a0V\u0259t\u0259n m\u00fcharib\u0259sinin xronikas\u0131n\u0131 t\u0259qdim edir. &#8211; Az\u0259rbaycan Prezidenti \u0130lham \u018fliyev v\u0259 Birinci xan\u0131m Mehriban&hellip;","_links":{"self":[{"href":"https:\/\/arantv.az\/index.php?rest_route=\/wp\/v2\/posts\/401142"}],"collection":[{"href":"https:\/\/arantv.az\/index.php?rest_route=\/wp\/v2\/posts"}],"about":[{"href":"https:\/\/arantv.az\/index.php?rest_route=\/wp\/v2\/types\/post"}],"author":[{"embeddable":true,"href":"https:\/\/arantv.az\/index.php?rest_route=\/wp\/v2\/users\/2"}],"replies":[{"embeddable":true,"href":"https:\/\/arantv.az\/index.php?rest_route=%2Fwp%2Fv2%2Fcomments&post=401142"}],"version-history":[{"count":0,"href":"https:\/\/arantv.az\/index.php?rest_route=\/wp\/v2\/posts\/401142\/revisions"}],"wp:featuredmedia":[{"embeddable":true,"href":"https:\/\/arantv.az\/index.php?rest_route=\/wp\/v2\/media\/401143"}],"wp:attachment":[{"href":"https:\/\/arantv.az\/index.php?rest_route=%2Fwp%2Fv2%2Fmedia&parent=401142"}],"wp:term":[{"taxonomy":"category","embeddable":true,"href":"https:\/\/arantv.az\/index.php?rest_route=%2Fwp%2Fv2%2Fcategories&post=401142"},{"taxonomy":"post_tag","embeddable":true,"href":"https:\/\/arantv.az\/index.php?rest_route=%2Fwp%2Fv2%2Ftags&post=401142"}],"curies":[{"name":"wp","href":"https:\/\/api.w.org\/{rel}","templated":true}]}}