{"id":401149,"date":"2021-11-08T08:08:24","date_gmt":"2021-11-08T05:08:24","guid":{"rendered":"http:\/\/arantv.az\/?p=401149"},"modified":"2021-11-08T08:08:24","modified_gmt":"2021-11-08T05:08:24","slug":"butun-s%c9%99hidl%c9%99rimizin-%c9%99ziz-xatir%c9%99sini-d%c9%99rin-horm%c9%99t-v%c9%99-ehtiramla-aniriq","status":"publish","type":"post","link":"https:\/\/arantv.az\/?p=401149","title":{"rendered":"B\u00fct\u00fcn \u015e\u0259hidl\u0259rimizin \u0259ziz xatir\u0259sini d\u0259rin h\u00f6rm\u0259t v\u0259 ehtiramla an\u0131r\u0131q"},"content":{"rendered":"<p><em><strong>Xarici \u0130\u015fl\u0259r Nazirliyi 8 Noyabr \u2013 Z\u0259f\u0259r G\u00fcn\u00fc m\u00fcnasib\u0259til\u0259 b\u0259yanat yay\u0131b.<\/strong><\/em><\/p>\n<p><strong>ARANTV.AZ x\u0259b\u0259r verir ki,<\/strong>\u00a0\u00a0b\u0259yanatda deyilir: \u201c8 noyabr 2021-ci il tarixind\u0259 Az\u0259rbaycan Respublikas\u0131, xalq\u0131m\u0131z\u0131n q\u00fcdr\u0259tinin v\u0259 milli q\u00fcrurumuzun t\u0259nt\u0259n\u0259sin\u0259 \u00e7evril\u0259n, d\u00f6vl\u0259timizin n\u00fcfuzu v\u0259 g\u0259l\u0259c\u0259k inki\u015faf\u0131 bax\u0131m\u0131ndan m\u00fcst\u0259sna \u0259h\u0259miyy\u0259t k\u0259sb ed\u0259n Z\u0259f\u0259r G\u00fcn\u00fcn\u00fc qeyd edir.<\/p>\n<p>Erm\u0259nistan\u0131n t\u0259xribat\u0131na v\u0259 n\u00f6vb\u0259ti h\u0259rbi t\u0259cav\u00fcz\u00fcn\u0259 cavab olaraq, 27 sentyabr 2020-ci ild\u0259 ba\u015flanan v\u0259 44 g\u00fcn davam ed\u0259n V\u0259t\u0259n m\u00fcharib\u0259si n\u0259tic\u0259sind\u0259 Az\u0259rbaycan torpaqlar\u0131n\u0131 i\u015f\u011faldan azad etdi, BMT T\u0259hl\u00fck\u0259sizlik \u015euras\u0131n\u0131n m\u00fcvafiq q\u0259tnam\u0259l\u0259ri, habel\u0259 dig\u0259r beyn\u0259lxalq t\u0259\u015fkilatlar\u0131n \u00e7oxsayl\u0131 q\u0259rar v\u0259 q\u0259tnam\u0259l\u0259rinin t\u0259l\u0259bl\u0259rin\u0259 uy\u011fun olaraq, Az\u0259rbaycan\u0131n beyn\u0259lxalq s\u0259rh\u0259dl\u0259ri \u00e7\u0259r\u00e7iv\u0259sind\u0259 \u0259razi b\u00fct\u00f6vl\u00fcy\u00fc t\u0259min edildi, bir milyona yax\u0131n az\u0259rbaycanl\u0131 m\u0259cburi k\u00f6\u00e7k\u00fcnl\u0259rin \u00f6z do\u011fma evl\u0259rind\u0259 ya\u015famaq h\u00fcququ b\u0259rpa edildi.<\/p>\n<p>44 g\u00fcn s\u00fcr\u0259n h\u0259rbi \u0259m\u0259liyyatlar n\u0259tic\u0259sind\u0259 m\u00fcz\u0259ff\u0259r Ali Ba\u015f Komandan, Prezident \u0130lham \u018fliyevin r\u0259hb\u0259rliyi alt\u0131nda q\u0259hr\u0259man Az\u0259rbaycan Ordusu C\u0259bray\u0131l, F\u00fczuli, Z\u0259ngilan, Qubadl\u0131 \u015f\u0259h\u0259rl\u0259rini, Az\u0259rbaycan xalq\u0131n\u0131n tarixind\u0259 v\u0259 m\u0259d\u0259niyy\u0259tind\u0259 x\u00fcsusi yeri olan \u015eu\u015fa \u015f\u0259h\u0259ri d\u0259 daxil olmaqla, \u00fcmumilikd\u0259, 300-d\u0259n \u00e7ox ya\u015fay\u0131\u015f m\u0259nt\u0259q\u0259sini i\u015f\u011faldan azad etdi. 10 noyabr 2020-ci il tarixind\u0259 Az\u0259rbaycan, Rusiya v\u0259 Erm\u0259nistan liderl\u0259rinin imzalad\u0131\u011f\u0131 \u00fc\u00e7t\u0259r\u0259fli b\u0259yanatla h\u0259rbi \u0259m\u0259liyyatlara son qoyuldu v\u0259 Erm\u0259nistan \u00f6z m\u0259\u011flubiyy\u0259tini etiraf ed\u0259r\u0259k, K\u0259lb\u0259c\u0259r, A\u011fdam v\u0259 La\u00e7\u0131n rayonlar\u0131ndan silahl\u0131 q\u00fcvv\u0259l\u0259rini \u00e7\u0131xartd\u0131. Bel\u0259likl\u0259 d\u0259, m\u00fcnaqi\u015f\u0259 h\u0259rbi-siyasi yolla \u00f6z h\u0259llini tapd\u0131.<\/p>\n<p>M\u00fcharib\u0259 sonras\u0131 Az\u0259rbaycan qar\u015f\u0131s\u0131nda azad olunmu\u015f \u0259razil\u0259rinin yenid\u0259n tikilm\u0259si v\u0259 b\u0259rpas\u0131, bu \u0259razil\u0259rin minalardan t\u0259mizl\u0259nm\u0259si kimi m\u00fch\u00fcm v\u0259zif\u0259 dayan\u0131r. Bu i\u015fl\u0259rin m\u0259rk\u0259zind\u0259 on illikl\u0259r \u0259rzind\u0259 fundamental h\u00fcquqlar\u0131 pozulan az\u0259rbaycanl\u0131 m\u0259cburi k\u00f6\u00e7k\u00fcnl\u0259rin \u00f6z evl\u0259rin\u0259 t\u0259hl\u00fck\u0259siz v\u0259 l\u0259yaq\u0259tli \u015f\u0259kild\u0259 geri d\u00f6n\u00fc\u015f\u00fcn\u00fc t\u0259min etm\u0259k dayan\u0131r. Zaman, maliyy\u0259 v\u0259 ciddi s\u0259yl\u0259r t\u0259l\u0259b ed\u0259n bu prosesd\u0259 Az\u0259rbaycan t\u0259k deyil, dost v\u0259 t\u0259r\u0259fda\u015f \u00f6lk\u0259l\u0259r biziml\u0259 birlikd\u0259 azad olunmu\u015f \u0259razil\u0259rin yenid\u0259n canland\u0131r\u0131lmas\u0131nda i\u015ftirak edirl\u0259r. Qar\u015f\u0131dan g\u0259l\u0259n ill\u0259rd\u0259 biz, ilk m\u0259cburi k\u00f6\u00e7k\u00fcn\u00fcl\u0259rin \u00f6z evl\u0259rin\u0259 geri qay\u0131d\u0131\u015f\u0131n\u0131n \u015fahidi olaca\u011f\u0131q.<\/p>\n<p>30 il\u0259 yax\u0131n davam ed\u0259n t\u0259cav\u00fcz siyas\u0259ti \u00e7\u0259r\u00e7iv\u0259sind\u0259 Erm\u0259nistan t\u0259r\u0259find\u0259n t\u00f6r\u0259dil\u0259n qeyri-qanuni f\u0259aliyy\u0259t, beyn\u0259lxalq h\u00fcquq pozuntular\u0131, m\u00fcharib\u0259 cinay\u0259tl\u0259ri, o c\u00fcml\u0259d\u0259n urbisid, kultursid, ekosid cinay\u0259tl\u0259rinin ara\u015fd\u0131r\u0131lmas\u0131 v\u0259 bu pozuntulara g\u00f6r\u0259 m\u0259suliyy\u0259t da\u015f\u0131yanlar\u0131n beyn\u0259lxalq \u0259dal\u0259t qar\u015f\u0131s\u0131nda cavab verm\u0259si \u00fc\u00e7\u00fcn Az\u0259rbaycan t\u0259r\u0259find\u0259n m\u00fcvafiq add\u0131mlar at\u0131l\u0131b v\u0259 bu add\u0131mlar n\u00f6vb\u0259ti m\u0259rh\u0259l\u0259d\u0259 davam ed\u0259c\u0259kdir. G\u00fcnahkarlar\u0131n c\u0259zaland\u0131r\u0131lmas\u0131, \u0259dal\u0259tin t\u0259min olunmas\u0131 v\u0259 g\u0259l\u0259c\u0259kd\u0259 bu hallar\u0131n t\u0259krarlanmas\u0131n\u0131n qar\u015f\u0131s\u0131n\u0131n al\u0131nmas\u0131 bax\u0131m\u0131ndan vacibdir.<\/p>\n<p>Az\u0259rbaycan\u0131n g\u0259l\u0259c\u0259y\u0259 bax\u0131\u015f strategiyas\u0131n\u0131n \u0259sas\u0131n\u0131 dayan\u0131ql\u0131 s\u00fclh, inki\u015faf v\u0259 t\u0259r\u0259qqinin t\u0259min edilm\u0259si t\u0259\u015fkil edir. \u018frazil\u0259rinin i\u015f\u011fal\u0131 faktorunun aradan qald\u0131r\u0131lmas\u0131 il\u0259 Az\u0259rbaycan, beyn\u0259lxalq h\u00fcququn prinsipl\u0259ri, x\u00fcsusil\u0259 d\u0259 suverenlik, \u0259razi b\u00fct\u00f6vl\u00fcy\u00fc, beyn\u0259lxalq s\u0259rh\u0259dl\u0259rin toxunulmazl\u0131\u011f\u0131 prinsipl\u0259rin\u0259 ciddi riay\u0259t edilm\u0259si \u0259sas\u0131nda Erm\u0259nistanla m\u00fcnasib\u0259tl\u0259rin normalla\u015fd\u0131r\u0131lmas\u0131na haz\u0131rd\u0131r. B\u00f6lg\u0259d\u0259 g\u0259l\u0259c\u0259k s\u00fclh v\u0259 t\u0259hl\u00fck\u0259sizliyin t\u0259minat\u0131 \u00fc\u00e7\u00fcn haz\u0131rk\u0131 m\u0259rh\u0259l\u0259d\u0259 \u00fc\u00e7t\u0259r\u0259fli b\u0259yanatlar\u0131n tam \u015f\u0259kild\u0259 icras\u0131 vacibdir v\u0259 Az\u0259rbaycan bu istiqam\u0259td\u0259 atd\u0131\u011f\u0131 add\u0131mlara Erm\u0259nistan t\u0259r\u0259find\u0259n qar\u015f\u0131l\u0131q verilm\u0259sini g\u00f6zl\u0259yir.<\/p>\n<p>M\u00fcnaqi\u015f\u0259nin bitm\u0259si il\u0259 C\u0259nubi Qafqaz regionunda yeni reall\u0131qlar yaran\u0131b v\u0259 h\u0259r k\u0259s bu reall\u0131qlar\u0131 q\u0259bul etm\u0259lidir. Erm\u0259nistan regional \u0259m\u0259kda\u015fl\u0131q v\u0259 qon\u015fular\u0131na qar\u015f\u0131 qanunsuz v\u0259 \u0259sass\u0131z \u0259razi iddialar\u0131 aras\u0131nda se\u00e7im etm\u0259lidir. Beyn\u0259lxalq ictimaiyy\u0259t bu m\u0259nada m\u00fcsb\u0259t rol oynamal\u0131 v\u0259 s\u00fclh\u00fcn alternativinin olmamas\u0131n\u0131 d\u0259rk etm\u0259k \u00fc\u00e7\u00fcn Erm\u0259nistana \u00e7a\u011f\u0131r\u0131\u015f etm\u0259lidir. Erm\u0259nistanda revan\u015fizmin v\u0259 onun silahland\u0131r\u0131lmas\u0131n\u0131n birba\u015fa v\u0259 ya dolay\u0131 \u015f\u0259kild\u0259 d\u0259st\u0259kl\u0259nm\u0259si c\u0259hdl\u0259rin\u0259 son qoyulmal\u0131d\u0131r.<\/p>\n<p>8 noyabr &#8211; Z\u0259f\u0259r G\u00fcn\u00fc, Az\u0259rbaycan xalq\u0131n\u0131n tarixinin \u015fanl\u0131 s\u0259hif\u0259sini t\u0259\u015fkil etm\u0259kl\u0259, beyn\u0259lxalq h\u00fcquq v\u0259 \u0259dal\u0259tin t\u0259nt\u0259n\u0259sidir. Bu \u00f6n\u0259mli g\u00fcnd\u0259 Az\u0259rbaycan\u0131n m\u00fcst\u0259qilliyi, suverenliyi v\u0259 b\u00fct\u00f6vl\u00fcy\u00fc u\u011frunda canlar\u0131ndan ke\u00e7\u0259n b\u00fct\u00fcn \u015e\u0259hidl\u0259rimizin \u0259ziz xatir\u0259sini d\u0259rin h\u00f6rm\u0259t v\u0259 ehtiramla an\u0131r\u0131q&#8221;.<\/p>\n","protected":false},"excerpt":{"rendered":"<p>Xarici \u0130\u015fl\u0259r Nazirliyi 8 Noyabr \u2013 Z\u0259f\u0259r G\u00fcn\u00fc m\u00fcnasib\u0259til\u0259 b\u0259yanat yay\u0131b. ARANTV.AZ x\u0259b\u0259r verir ki,\u00a0\u00a0b\u0259yanatda deyilir: \u201c8 noyabr 2021-ci il tarixind\u0259 Az\u0259rbaycan Respublikas\u0131, xalq\u0131m\u0131z\u0131n q\u00fcdr\u0259tinin v\u0259 milli q\u00fcrurumuzun t\u0259nt\u0259n\u0259sin\u0259 \u00e7evril\u0259n, d\u00f6vl\u0259timizin n\u00fcfuzu v\u0259 g\u0259l\u0259c\u0259k inki\u015faf\u0131 bax\u0131m\u0131ndan m\u00fcst\u0259sna \u0259h\u0259miyy\u0259t k\u0259sb ed\u0259n Z\u0259f\u0259r G\u00fcn\u00fcn\u00fc qeyd edir. Erm\u0259nistan\u0131n t\u0259xribat\u0131na v\u0259 n\u00f6vb\u0259ti h\u0259rbi t\u0259cav\u00fcz\u00fcn\u0259 cavab olaraq, 27 sentyabr 2020-ci ild\u0259 ba\u015flanan v\u0259 44 g\u00fcn davam ed\u0259n V\u0259t\u0259n m\u00fcharib\u0259si n\u0259tic\u0259sind\u0259 Az\u0259rbaycan torpaqlar\u0131n\u0131 i\u015f\u011faldan azad etdi, BMT T\u0259hl\u00fck\u0259sizlik \u015euras\u0131n\u0131n m\u00fcvafiq q\u0259tnam\u0259l\u0259ri, habel\u0259 dig\u0259r beyn\u0259lxalq t\u0259\u015fkilatlar\u0131n \u00e7oxsayl\u0131 q\u0259rar v\u0259 q\u0259tnam\u0259l\u0259rinin t\u0259l\u0259bl\u0259rin\u0259 uy\u011fun olaraq, Az\u0259rbaycan\u0131n beyn\u0259lxalq s\u0259rh\u0259dl\u0259ri \u00e7\u0259r\u00e7iv\u0259sind\u0259&hellip;<\/p>\n","protected":false},"author":2,"featured_media":401150,"comment_status":"closed","ping_status":"closed","sticky":false,"template":"","format":"standard","meta":{"om_disable_all_campaigns":false,"_monsterinsights_skip_tracking":false,"_monsterinsights_sitenote_active":false,"_monsterinsights_sitenote_note":"","_monsterinsights_sitenote_category":0},"categories":[26],"tags":[],"aioseo_notices":[],"gutentor_comment":0,"rttpg_featured_image_url":{"full":["https:\/\/arantv.az\/wp-content\/uploads\/2021\/11\/ff7a2112163420264946017226010205819.jpg",975,540,false],"landscape":["https:\/\/arantv.az\/wp-content\/uploads\/2021\/11\/ff7a2112163420264946017226010205819.jpg",975,540,false],"portraits":["https:\/\/arantv.az\/wp-content\/uploads\/2021\/11\/ff7a2112163420264946017226010205819.jpg",975,540,false],"thumbnail":["https:\/\/arantv.az\/wp-content\/uploads\/2021\/11\/ff7a2112163420264946017226010205819-500x280.jpg",500,280,true],"medium":["https:\/\/arantv.az\/wp-content\/uploads\/2021\/11\/ff7a2112163420264946017226010205819-660x365.jpg",660,365,true],"large":["https:\/\/arantv.az\/wp-content\/uploads\/2021\/11\/ff7a2112163420264946017226010205819-840x465.jpg",640,354,true],"1536x1536":["https:\/\/arantv.az\/wp-content\/uploads\/2021\/11\/ff7a2112163420264946017226010205819.jpg",975,540,false],"2048x2048":["https:\/\/arantv.az\/wp-content\/uploads\/2021\/11\/ff7a2112163420264946017226010205819.jpg",975,540,false],"post-thumbnail":["https:\/\/arantv.az\/wp-content\/uploads\/2021\/11\/ff7a2112163420264946017226010205819-240x172.jpg",240,172,true],"advps-thumb-one":["https:\/\/arantv.az\/wp-content\/uploads\/2021\/11\/ff7a2112163420264946017226010205819.jpg",975,540,false]},"rttpg_author":{"display_name":"V\u00fcsal Rafiqo\u011flu","author_link":"https:\/\/arantv.az\/?author=2"},"rttpg_comment":0,"rttpg_category":"<a href=\"https:\/\/arantv.az\/?cat=26\" rel=\"category\">Sosial<\/a>","rttpg_excerpt":"Xarici \u0130\u015fl\u0259r Nazirliyi 8 Noyabr \u2013 Z\u0259f\u0259r G\u00fcn\u00fc m\u00fcnasib\u0259til\u0259 b\u0259yanat yay\u0131b. ARANTV.AZ x\u0259b\u0259r verir ki,\u00a0\u00a0b\u0259yanatda deyilir: \u201c8 noyabr 2021-ci il tarixind\u0259 Az\u0259rbaycan Respublikas\u0131, xalq\u0131m\u0131z\u0131n q\u00fcdr\u0259tinin v\u0259 milli q\u00fcrurumuzun t\u0259nt\u0259n\u0259sin\u0259 \u00e7evril\u0259n, d\u00f6vl\u0259timizin n\u00fcfuzu v\u0259 g\u0259l\u0259c\u0259k inki\u015faf\u0131 bax\u0131m\u0131ndan m\u00fcst\u0259sna \u0259h\u0259miyy\u0259t k\u0259sb ed\u0259n Z\u0259f\u0259r G\u00fcn\u00fcn\u00fc qeyd edir. Erm\u0259nistan\u0131n t\u0259xribat\u0131na v\u0259 n\u00f6vb\u0259ti h\u0259rbi t\u0259cav\u00fcz\u00fcn\u0259 cavab olaraq, 27 sentyabr 2020-ci&hellip;","_links":{"self":[{"href":"https:\/\/arantv.az\/index.php?rest_route=\/wp\/v2\/posts\/401149"}],"collection":[{"href":"https:\/\/arantv.az\/index.php?rest_route=\/wp\/v2\/posts"}],"about":[{"href":"https:\/\/arantv.az\/index.php?rest_route=\/wp\/v2\/types\/post"}],"author":[{"embeddable":true,"href":"https:\/\/arantv.az\/index.php?rest_route=\/wp\/v2\/users\/2"}],"replies":[{"embeddable":true,"href":"https:\/\/arantv.az\/index.php?rest_route=%2Fwp%2Fv2%2Fcomments&post=401149"}],"version-history":[{"count":0,"href":"https:\/\/arantv.az\/index.php?rest_route=\/wp\/v2\/posts\/401149\/revisions"}],"wp:featuredmedia":[{"embeddable":true,"href":"https:\/\/arantv.az\/index.php?rest_route=\/wp\/v2\/media\/401150"}],"wp:attachment":[{"href":"https:\/\/arantv.az\/index.php?rest_route=%2Fwp%2Fv2%2Fmedia&parent=401149"}],"wp:term":[{"taxonomy":"category","embeddable":true,"href":"https:\/\/arantv.az\/index.php?rest_route=%2Fwp%2Fv2%2Fcategories&post=401149"},{"taxonomy":"post_tag","embeddable":true,"href":"https:\/\/arantv.az\/index.php?rest_route=%2Fwp%2Fv2%2Ftags&post=401149"}],"curies":[{"name":"wp","href":"https:\/\/api.w.org\/{rel}","templated":true}]}}