{"id":401158,"date":"2021-11-08T08:12:00","date_gmt":"2021-11-08T05:12:00","guid":{"rendered":"http:\/\/arantv.az\/?p=401158"},"modified":"2021-11-08T08:12:00","modified_gmt":"2021-11-08T05:12:00","slug":"bitm%c9%99y%c9%99n-44-h%c9%99r-gun-davam-ed%c9%99n-z%c9%99f%c9%99r","status":"publish","type":"post","link":"https:\/\/arantv.az\/?p=401158","title":{"rendered":"B\u0130TM\u018fY\u018fN 44, H\u018fR G\u00dcN DAVAM ED\u018fN Z\u018fF\u018fR&#8230;"},"content":{"rendered":"<h3>G\u00fcn\u00fcm\u00fcz Z\u0259f\u0259rimizdir!<\/h3>\n<h3>O Z\u0259f\u0259r ki, 1 il \u00f6nc\u0259 d\u00fc\u015fm\u0259nl\u0259rimizin \u00fcz\u0259rind\u0259 qazand\u0131q, torpaqlar\u0131m\u0131z\u0131 azad etdik, 30 illik m\u0259\u011flubiyy\u0259t d\u00f6ng\u00fcs\u00fcn\u00fc durdurduq.<\/h3>\n<h3>O Z\u0259f\u0259r ki, Az\u0259rbaycan xalq\u0131n\u0131 d\u0259yi\u015fdirdi, yenil\u0259di, g\u00fccl\u0259ndirdi, ruhland\u0131rd\u0131, b\u00f6y\u00fctd\u00fc!<\/h3>\n<h3>\u00d6 Z\u0259f\u0259r ki, d\u00f6vl\u0259timizin tarixd\u0259ki v\u0259 d\u00fcnyadak\u0131 yerini y\u00fcks\u0259ltdi, \u00f6lk\u0259miz\u0259 m\u00fcnasib\u0259ti planetar \u00e7apda d\u0259yi\u015fdirdi.<\/h3>\n<h3>O Z\u0259f\u0259r ki, d\u00fcnya h\u0259rb tarixin\u0259 d\u00fc\u015fd\u00fc, ordumuza heyranl\u0131q g\u0259tirdi, d\u0259rslikl\u0259r\u0259 yaz\u0131ld\u0131.<\/h3>\n<h3>O Z\u0259f\u0259r ki, &#8230; \u015e\u0259hidl\u0259rimizin V\u0259t\u0259n u\u011frunda axan qan\u0131 i\u015f\u011fal t\u0259qviml\u0259rimizi d\u0259yi\u015fdirdi, bizi m\u0259\u011flubiyy\u0259t sindromundan \u00e7\u0131xartd\u0131.<\/h3>\n<h3>Sanki d\u00fcn\u0259n idi &#8211; i\u015f\u011fal t\u0259qviml\u0259ri bir milli \u0259n\u0259n\u0259y\u0259 d\u00f6nm\u00fc\u015fd\u00fc.<\/h3>\n<h3>\u2018\u2019Filank\u0259s La\u00e7\u0131n\u0131n i\u015f\u011fal g\u00fcn\u00fc toy el\u0259di, filan deputat Z\u0259ngilan\u0131n i\u015f\u011fal g\u00fcn\u00fcnd\u0259 \u00f6z\u00fcn\u0259 ad g\u00fcn\u00fc ke\u00e7irtdi, filan m\u00fc\u011f\u0259nni F\u00fczulinin i\u015f\u011fal g\u00fcn\u00fcnd\u0259 konsert verdi&#8230;\u2019\u2019<\/h3>\n<h3>Bu kimi ittihamlar q\u0259zet v\u0259 saytlar\u0131n man\u015fetl\u0259rind\u0259n d\u00fc\u015fm\u00fcrd\u00fc.<\/h3>\n<h3>\u015e\u0259xs\u0259n m\u0259n 27 il sonra ilk d\u0259f\u0259 ad g\u00fcn\u00fcm\u00fc \u00f6z vaxt\u0131nda qeyd etdim &#8211; 23 iyulda!<\/h3>\n<h3>\u0130\u015e\u011eAL T\u018fQV\u0130M\u0130 h\u0259r \u015feyimizi qaralam\u0131\u015fd\u0131 (1993-c\u00fc ilin 23 iyulunda A\u011fdam erm\u0259ni q\u0259sbkarlar\u0131 t\u0259r\u0259find\u0259n \u0259l\u0259 ke\u00e7irilmi\u015fdi&#8230; )&#8230;<\/h3>\n<h3>Ordumuzun b\u00f6y\u00fck q\u0259l\u0259b\u0259sind\u0259n f\u0259rdl\u0259rin d\u0259 taleyin\u0259, g\u00fcn\u00fcn\u0259-g\u00fcz\u0259ran\u0131na yazq\u0131lar d\u00fc\u015fd\u00fc.<\/h3>\n<h3>\u0130ndi mill\u0259t olaraq, t\u0259qviml\u0259rimiz tam yenil\u0259nib.<\/h3>\n<h3>A\u011fdam\u0131n azad edildiyi g\u00fcn, F\u00fczulinin qurtar\u0131ld\u0131\u011f\u0131 g\u00fcn, Z\u0259ngilan\u0131n, Qubadl\u0131n\u0131n, C\u0259bray\u0131l\u0131n, La\u00e7\u0131n\u0131n, K\u0259lb\u0259c\u0259rin azadl\u0131\u011f\u0131 g\u00fcn\u00fc!<\/h3>\n<h3>\u015eu\u015fa g\u00fcn\u00fc&#8230;<\/h3>\n<h3>Z\u018fF\u018fR G\u00dcN\u00dc&#8230;<\/h3>\n<h3>***<\/h3>\n<h3>\u015eu\u015fa Z\u0259f\u0259rin \u00f6z\u00fc oldu!<\/h3>\n<h3>\u015e\u0259hidl\u0259rimizin ruhuna v\u0259 \u015e\u0259hid analar\u0131na minn\u0259tdar\u0131q, Ordumuza minn\u0259tdar\u0131q.<\/h3>\n<h3>Mill\u0259ti, Ordunu, D\u00f6vl\u0259ti v\u0259 &#8230; d\u00fcnyadak\u0131 b\u00fct\u00fcn dostlar\u0131m\u0131z\u0131 bir yer\u0259 y\u0131\u011faraq, d\u00fc\u015fm\u0259nin dostlar\u0131n\u0131 ustal\u0131qla neytralla\u015fd\u0131raraq, milli v\u0259 siyasi h\u0259mr\u0259yliyi t\u0259\u015fkil ed\u0259r\u0259k, Az\u0259rbaycan\u0131 Z\u0259f\u0259r\u0259 da\u015f\u0131yan, V\u0259t\u0259n m\u00fcharib\u0259sinin \u0259sas q\u0259hr\u0259man\u0131 olan Ali Ba\u015f Komandana minn\u0259tdar\u0131q.<\/h3>\n<h3>O, Z\u018fF\u018fR YOLUnun sehrli bir formulunu tapd\u0131.<\/h3>\n<h3>Sonra da xalq\u0131n\u0131 arxas\u0131na al\u0131b, \u018fsg\u0259rin\u0259 \u2018\u2019vur\u2019\u2019 dedi!<\/h3>\n<h3>Vurhavurlu m\u00f6ht\u0259\u015f\u0259m 44 g\u00fcn\u00fc ya\u015fatd\u0131!<\/h3>\n<h3>BMT T\u0259hl\u00fck\u0259sizlik \u015euras\u0131n\u0131n, AT\u018fT-in Minsk Qrupu h\u0259ms\u0259drl\u0259rinin&#8230;<\/h3>\n<h3>(AB\u015e, Fransa, Rusiya&#8230;)<\/h3>\n<h3>&#8230;h\u0259ll ed\u0259 bilm\u0259diyi bir problemi Az\u0259rbaycan t\u0259kba\u015f\u0131na v\u0259 44 g\u00fcn\u0259 h\u0259ll etdi!<\/h3>\n<h3>C\u0259mi 44 g\u00fcn\u0259 200 illik erm\u0259ni iddialar\u0131n\u0131 v\u0259 ideologiyalar\u0131n\u0131 bitirdik!<\/h3>\n<h3>Erm\u0259ni mifini, erm\u0259ni ordusunu, erm\u0259ni lobbisinin 2-ci erm\u0259ni d\u00f6vl\u0259ti layih\u0259sini s\u0131f\u0131rlad\u0131q!<\/h3>\n<h3>\u0130ndi Az\u0259rbaycan \u00fcz\u0259rind\u0259n c\u0259mi 1 il ke\u00e7m\u0259mi\u015f, d\u00f6y\u00fc\u015f\u0259r\u0259k i\u015f\u011faldan azad etdiyi \u0259razil\u0259rimizi b\u0259rpa edir, v\u0259h\u015fi bir tayfan\u0131n &#8211; erm\u0259nil\u0259rin xaraba qoyduqlar\u0131 Qaraba\u011f\u0131, \u015e\u0259rqi Z\u0259ng\u0259zuru yenid\u0259n in\u015fa edir, kommunikasiyalar\u0131 a\u00e7\u0131r, hava limanlar\u0131 tikir, yeni \u0259m\u0259kda\u015fl\u0131q platformalar\u0131 v\u0259 formatlar\u0131 t\u0259min edir.<\/h3>\n<h3>\u0130ndi biz Q\u0259rbi Z\u0259ng\u0259zur deyirik&#8230;<\/h3>\n<h3>T\u00fcrk d\u00fcnyas\u0131n\u0131 v\u0259 3 min kilometrlik T\u018fK YOLu birl\u0259\u015fdir\u0259c\u0259k D\u018fHL\u0130Z deyirik.<\/h3>\n<h3>Az\u0259rbaycan v\u0259 onun dostlar\u0131 V\u0259t\u0259n m\u00fcharib\u0259sind\u0259 qan t\u00f6k\u00fcb, \u015e\u0259hid verib, qazand\u0131\u011f\u0131m\u0131z q\u0259l\u0259b\u0259nin &#8211; Z\u018fF\u018fR G\u00dcN\u00dcn\u00fcn ilk yubileyini qeyd edirl\u0259r.<\/h3>\n<h3>\u018fmin\u0259m ki, Z\u018fF\u018fR G\u00dcN\u00dcn\u00fc, Q\u0259l\u0259b\u0259mizi milli bayram kimi qeyd etm\u0259k bundan sonra \u0259n\u0259n\u0259 hal\u0131n\u0131 alacaq.<\/h3>\n<h3>V\u0259 o 44 g\u00fcn h\u0259r zaman biziml\u0259 olacaq.<\/h3>\n<h3>R\u018fSM\u0130 ARAYI\u015e! Az\u0259rbaycan Ordusunun 2020-ci il sentyabr\u0131n 27-d\u0259 Qaraba\u011fda ba\u015flad\u0131\u011f\u0131 u\u011furlu \u0259ks-h\u00fccum \u0259m\u0259liyyat\u0131 n\u0259tic\u0259sind\u0259 noyabr\u0131n 9-d\u0259k 5 \u015f\u0259h\u0259r, 4 q\u0259s\u0259b\u0259 v\u0259 286 k\u0259nd i\u015f\u011faldan azad edilib. C\u0259bray\u0131l \u015f\u0259h\u0259ri v\u0259 rayonun 90 k\u0259ndi, F\u00fczuli \u015f\u0259h\u0259ri v\u0259 rayonun 53 k\u0259ndi, Z\u0259ngilan \u015f\u0259h\u0259ri, rayonun Mincivan, A\u011fb\u0259nd, Bartaz q\u0259s\u0259b\u0259l\u0259ri v\u0259 52 k\u0259ndi, Xocav\u0259nd rayonunun Hadrut q\u0259s\u0259b\u0259si v\u0259 35 k\u0259ndi, T\u0259rt\u0259r rayonunun 3 k\u0259ndi, Qubadl\u0131 \u015f\u0259h\u0259ri v\u0259 rayonun 41 k\u0259ndi, Xocal\u0131 rayonunun 9 k\u0259ndi, \u015eu\u015fa \u015f\u0259h\u0259ri, Lac\u0327\u0131n rayonunun 3 k\u0259ndi, h\u0259m\u00e7inin A\u011fd\u0259r\u0259 v\u0259 Murovda\u011f istiqam\u0259tl\u0259rind\u0259 bir ne\u00e7\u0259 strateji y\u00fcks\u0259kliyi, Z\u0259ngilanda is\u0259 Bartaz, S\u0131g\u0306\u0131rt, S\u0327u\u0308ku\u0308rataz y\u00fcks\u0259kl\u0259ri v\u0259 daha 5 ads\u0131z y\u00fcks\u0259klik azad olunub.<\/h3>\n<h3>Davam\u0131 is\u0259 10 noyabrdan sonra g\u0259l\u0259c\u0259kdi!<\/h3>\n<h3>G\u0259ldi!<\/h3>\n<h3>A\u011fdam, K\u0259lb\u0259c\u0259r v\u0259 La\u00e7\u0131n!<\/h3>\n<h3>Davam\u0131 g\u0259lir!<\/h3>\n<h3>&#8230;Xank\u0259ndi, Xocal\u0131, Z\u0259ng\u0259zur!<\/h3>\n<h3>Sad\u0259c\u0259, o g\u0259li\u015f\u0259 tan\u0131d\u0131\u011f\u0131m\u0131z zamanda f\u0259rq var&#8230;<\/h3>\n<h3>BAYRAMIMIZ 44 K\u018fR\u018f QUTLU OLSUN!<\/h3>\n<p><img loading=\"lazy\" src=\"https:\/\/cdn.musavat.com\/news\/thumbnails\/3f5d6a7755c28f5b289482eb54c12c70.jpg\" alt=\"8bb6118e-f0c3-4150-9dba-f551e005565c.jpg (401 KB)\" width=\"300\" height=\"400\" \/><\/p>\n","protected":false},"excerpt":{"rendered":"<p>G\u00fcn\u00fcm\u00fcz Z\u0259f\u0259rimizdir! O Z\u0259f\u0259r ki, 1 il \u00f6nc\u0259 d\u00fc\u015fm\u0259nl\u0259rimizin \u00fcz\u0259rind\u0259 qazand\u0131q, torpaqlar\u0131m\u0131z\u0131 azad etdik, 30 illik m\u0259\u011flubiyy\u0259t d\u00f6ng\u00fcs\u00fcn\u00fc durdurduq. O Z\u0259f\u0259r ki, Az\u0259rbaycan xalq\u0131n\u0131 d\u0259yi\u015fdirdi, yenil\u0259di, g\u00fccl\u0259ndirdi, ruhland\u0131rd\u0131, b\u00f6y\u00fctd\u00fc! \u00d6 Z\u0259f\u0259r ki, d\u00f6vl\u0259timizin tarixd\u0259ki v\u0259 d\u00fcnyadak\u0131 yerini y\u00fcks\u0259ltdi, \u00f6lk\u0259miz\u0259 m\u00fcnasib\u0259ti planetar \u00e7apda d\u0259yi\u015fdirdi. O Z\u0259f\u0259r ki, d\u00fcnya h\u0259rb tarixin\u0259 d\u00fc\u015fd\u00fc, ordumuza heyranl\u0131q g\u0259tirdi, d\u0259rslikl\u0259r\u0259 yaz\u0131ld\u0131. O Z\u0259f\u0259r ki, &#8230; \u015e\u0259hidl\u0259rimizin V\u0259t\u0259n u\u011frunda axan qan\u0131 i\u015f\u011fal t\u0259qviml\u0259rimizi d\u0259yi\u015fdirdi, bizi m\u0259\u011flubiyy\u0259t sindromundan \u00e7\u0131xartd\u0131. Sanki d\u00fcn\u0259n idi &#8211; i\u015f\u011fal t\u0259qviml\u0259ri bir milli \u0259n\u0259n\u0259y\u0259 d\u00f6nm\u00fc\u015fd\u00fc. \u2018\u2019Filank\u0259s La\u00e7\u0131n\u0131n i\u015f\u011fal g\u00fcn\u00fc toy el\u0259di, filan deputat Z\u0259ngilan\u0131n&hellip;<\/p>\n","protected":false},"author":2,"featured_media":401159,"comment_status":"closed","ping_status":"closed","sticky":false,"template":"","format":"standard","meta":{"om_disable_all_campaigns":false,"_monsterinsights_skip_tracking":false,"_monsterinsights_sitenote_active":false,"_monsterinsights_sitenote_note":"","_monsterinsights_sitenote_category":0},"categories":[26],"tags":[],"aioseo_notices":[],"gutentor_comment":0,"rttpg_featured_image_url":{"full":["https:\/\/arantv.az\/wp-content\/uploads\/2021\/11\/c3b42154c75aed031581e321e7999616.png",450,300,false],"landscape":["https:\/\/arantv.az\/wp-content\/uploads\/2021\/11\/c3b42154c75aed031581e321e7999616.png",450,300,false],"portraits":["https:\/\/arantv.az\/wp-content\/uploads\/2021\/11\/c3b42154c75aed031581e321e7999616.png",450,300,false],"thumbnail":["https:\/\/arantv.az\/wp-content\/uploads\/2021\/11\/c3b42154c75aed031581e321e7999616-450x280.png",450,280,true],"medium":["https:\/\/arantv.az\/wp-content\/uploads\/2021\/11\/c3b42154c75aed031581e321e7999616.png",450,300,false],"large":["https:\/\/arantv.az\/wp-content\/uploads\/2021\/11\/c3b42154c75aed031581e321e7999616.png",450,300,false],"1536x1536":["https:\/\/arantv.az\/wp-content\/uploads\/2021\/11\/c3b42154c75aed031581e321e7999616.png",450,300,false],"2048x2048":["https:\/\/arantv.az\/wp-content\/uploads\/2021\/11\/c3b42154c75aed031581e321e7999616.png",450,300,false],"post-thumbnail":["https:\/\/arantv.az\/wp-content\/uploads\/2021\/11\/c3b42154c75aed031581e321e7999616-240x172.png",240,172,true],"advps-thumb-one":["https:\/\/arantv.az\/wp-content\/uploads\/2021\/11\/c3b42154c75aed031581e321e7999616.png",450,300,false]},"rttpg_author":{"display_name":"V\u00fcsal Rafiqo\u011flu","author_link":"https:\/\/arantv.az\/?author=2"},"rttpg_comment":0,"rttpg_category":"<a href=\"https:\/\/arantv.az\/?cat=26\" rel=\"category\">Sosial<\/a>","rttpg_excerpt":"G\u00fcn\u00fcm\u00fcz Z\u0259f\u0259rimizdir! O Z\u0259f\u0259r ki, 1 il \u00f6nc\u0259 d\u00fc\u015fm\u0259nl\u0259rimizin \u00fcz\u0259rind\u0259 qazand\u0131q, torpaqlar\u0131m\u0131z\u0131 azad etdik, 30 illik m\u0259\u011flubiyy\u0259t d\u00f6ng\u00fcs\u00fcn\u00fc durdurduq. O Z\u0259f\u0259r ki, Az\u0259rbaycan xalq\u0131n\u0131 d\u0259yi\u015fdirdi, yenil\u0259di, g\u00fccl\u0259ndirdi, ruhland\u0131rd\u0131, b\u00f6y\u00fctd\u00fc! \u00d6 Z\u0259f\u0259r ki, d\u00f6vl\u0259timizin tarixd\u0259ki v\u0259 d\u00fcnyadak\u0131 yerini y\u00fcks\u0259ltdi, \u00f6lk\u0259miz\u0259 m\u00fcnasib\u0259ti planetar \u00e7apda d\u0259yi\u015fdirdi. O Z\u0259f\u0259r ki, d\u00fcnya h\u0259rb tarixin\u0259 d\u00fc\u015fd\u00fc, ordumuza heyranl\u0131q g\u0259tirdi, d\u0259rslikl\u0259r\u0259 yaz\u0131ld\u0131.&hellip;","_links":{"self":[{"href":"https:\/\/arantv.az\/index.php?rest_route=\/wp\/v2\/posts\/401158"}],"collection":[{"href":"https:\/\/arantv.az\/index.php?rest_route=\/wp\/v2\/posts"}],"about":[{"href":"https:\/\/arantv.az\/index.php?rest_route=\/wp\/v2\/types\/post"}],"author":[{"embeddable":true,"href":"https:\/\/arantv.az\/index.php?rest_route=\/wp\/v2\/users\/2"}],"replies":[{"embeddable":true,"href":"https:\/\/arantv.az\/index.php?rest_route=%2Fwp%2Fv2%2Fcomments&post=401158"}],"version-history":[{"count":0,"href":"https:\/\/arantv.az\/index.php?rest_route=\/wp\/v2\/posts\/401158\/revisions"}],"wp:featuredmedia":[{"embeddable":true,"href":"https:\/\/arantv.az\/index.php?rest_route=\/wp\/v2\/media\/401159"}],"wp:attachment":[{"href":"https:\/\/arantv.az\/index.php?rest_route=%2Fwp%2Fv2%2Fmedia&parent=401158"}],"wp:term":[{"taxonomy":"category","embeddable":true,"href":"https:\/\/arantv.az\/index.php?rest_route=%2Fwp%2Fv2%2Fcategories&post=401158"},{"taxonomy":"post_tag","embeddable":true,"href":"https:\/\/arantv.az\/index.php?rest_route=%2Fwp%2Fv2%2Ftags&post=401158"}],"curies":[{"name":"wp","href":"https:\/\/api.w.org\/{rel}","templated":true}]}}