{"id":401167,"date":"2021-11-08T12:22:45","date_gmt":"2021-11-08T09:22:45","guid":{"rendered":"http:\/\/arantv.az\/?p=401167"},"modified":"2021-11-08T12:22:45","modified_gmt":"2021-11-08T09:22:45","slug":"mehriban-%c9%99liyeva-omrumun-%c9%99n-xosb%c9%99xt-gunl%c9%99rind%c9%99n-biri-foto","status":"publish","type":"post","link":"https:\/\/arantv.az\/?p=401167","title":{"rendered":"Mehriban \u018fliyeva: \u201c\u00d6mr\u00fcm\u00fcn \u0259n xo\u015fb\u0259xt g\u00fcnl\u0259rind\u0259n biri!\u201d &#8211; FOTO"},"content":{"rendered":"<p>Birinci vitse-prezident Mehriban \u018fliyeva \u015eu\u015fadan yeni fotolar payla\u015f\u0131b.<\/p>\n<p>Mehriban \u018fliyeva \u201cInstagram\u201d hesab\u0131nda h\u0259rb\u00e7il\u0259rl\u0259 birlikd\u0259 \u00e7\u0259kdirdiyi \u015f\u0259kill\u0259ri yay\u0131mlay\u0131b.<\/p>\n<div id=\"AdviadNativeVideo0\" class=\"AdviadNativeVideo\"><\/div>\n<p>Birinci vitse-prezident fotolara bu \u015f\u0259rhi yaz\u0131b:<\/p>\n<p>\u201c\u00d6mr\u00fcm\u00fcn \u0259n xo\u015fb\u0259xt g\u00fcnl\u0259rind\u0259n biri! C\u0131d\u0131r d\u00fcz\u00fcnd\u0259 Q\u0259l\u0259b\u0259 bayram\u0131n\u0131n ilk ild\u00f6n\u00fcm\u00fcnd\u0259 Az\u0259rbaycan Respublikas\u0131n\u0131n Silahl\u0131 Q\u00fcvv\u0259l\u0259rinin c\u0259sur \u0259sg\u0259r v\u0259 zabitl\u0259ri il\u0259! \u00c7ox sa\u011f olun! Uca Tanr\u0131 sizl\u0259ri qorusun!\u201d<\/p>\n<div><iframe id=\"instagram-embed-0\" class=\"instagram-media instagram-media-rendered\" src=\"https:\/\/www.instagram.com\/p\/CWAjUtHA84K\/embed\/captioned\/?cr=1&amp;v=14&amp;wp=540&amp;rd=https%3A%2F%2Foxu.az&amp;rp=%2Fpolitics%2F544522#%7B%22ci%22%3A0%2C%22os%22%3A504.60000014305115%2C%22ls%22%3A415.2000000476837%2C%22le%22%3A416%7D\" height=\"961\" frameborder=\"0\" scrolling=\"no\" allowfullscreen=\"allowfullscreen\" data-instgrm-payload-id=\"instagram-media-payload-0\" data-mce-fragment=\"1\"><\/iframe><\/div>\n<div><iframe id=\"instagram-embed-1\" class=\"instagram-media instagram-media-rendered\" src=\"https:\/\/www.instagram.com\/p\/CWAjik-A84L\/embed\/captioned\/?cr=1&amp;v=14&amp;wp=540&amp;rd=https%3A%2F%2Foxu.az&amp;rp=%2Fpolitics%2F544522#%7B%22ci%22%3A1%2C%22os%22%3A508.60000014305115%2C%22ls%22%3A415.2000000476837%2C%22le%22%3A416%7D\" height=\"961\" frameborder=\"0\" scrolling=\"no\" allowfullscreen=\"allowfullscreen\" data-instgrm-payload-id=\"instagram-media-payload-1\" data-mce-fragment=\"1\"><\/iframe><\/div>\n<div><iframe id=\"instagram-embed-2\" class=\"instagram-media instagram-media-rendered\" src=\"https:\/\/www.instagram.com\/p\/CWAlBjrAnXB\/embed\/captioned\/?cr=1&amp;v=14&amp;wp=540&amp;rd=https%3A%2F%2Foxu.az&amp;rp=%2Fpolitics%2F544522#%7B%22ci%22%3A2%2C%22os%22%3A512.9000000953674%2C%22ls%22%3A415.2000000476837%2C%22le%22%3A416%7D\" height=\"961\" frameborder=\"0\" scrolling=\"no\" allowfullscreen=\"allowfullscreen\" data-instgrm-payload-id=\"instagram-media-payload-2\" data-mce-fragment=\"1\"><\/iframe><\/div>\n<div><iframe id=\"instagram-embed-3\" class=\"instagram-media instagram-media-rendered\" src=\"https:\/\/www.instagram.com\/p\/CWAltLwAjOM\/embed\/captioned\/?cr=1&amp;v=14&amp;wp=540&amp;rd=https%3A%2F%2Foxu.az&amp;rp=%2Fpolitics%2F544522#%7B%22ci%22%3A3%2C%22os%22%3A2214.2999999523163%2C%22ls%22%3A415.2000000476837%2C%22le%22%3A416%7D\" height=\"961\" frameborder=\"0\" scrolling=\"no\" allowfullscreen=\"allowfullscreen\" data-instgrm-payload-id=\"instagram-media-payload-3\" data-mce-fragment=\"1\"><\/iframe><\/div>\n<div><iframe id=\"instagram-embed-4\" class=\"instagram-media instagram-media-rendered\" src=\"https:\/\/www.instagram.com\/p\/CWAlzhggXbn\/embed\/captioned\/?cr=1&amp;v=14&amp;wp=540&amp;rd=https%3A%2F%2Foxu.az&amp;rp=%2Fpolitics%2F544522#%7B%22ci%22%3A4%2C%22os%22%3A2299.2999999523163%2C%22ls%22%3A415.2000000476837%2C%22le%22%3A416%7D\" height=\"961\" frameborder=\"0\" scrolling=\"no\" allowfullscreen=\"allowfullscreen\" data-instgrm-payload-id=\"instagram-media-payload-4\" data-mce-fragment=\"1\"><\/iframe><\/div>\n<p>&nbsp;<\/p>\n","protected":false},"excerpt":{"rendered":"<p>Birinci vitse-prezident Mehriban \u018fliyeva \u015eu\u015fadan yeni fotolar payla\u015f\u0131b. Mehriban \u018fliyeva \u201cInstagram\u201d hesab\u0131nda h\u0259rb\u00e7il\u0259rl\u0259 birlikd\u0259 \u00e7\u0259kdirdiyi \u015f\u0259kill\u0259ri yay\u0131mlay\u0131b. Birinci vitse-prezident fotolara bu \u015f\u0259rhi yaz\u0131b: \u201c\u00d6mr\u00fcm\u00fcn \u0259n xo\u015fb\u0259xt g\u00fcnl\u0259rind\u0259n biri! C\u0131d\u0131r d\u00fcz\u00fcnd\u0259 Q\u0259l\u0259b\u0259 bayram\u0131n\u0131n ilk ild\u00f6n\u00fcm\u00fcnd\u0259 Az\u0259rbaycan Respublikas\u0131n\u0131n Silahl\u0131 Q\u00fcvv\u0259l\u0259rinin c\u0259sur \u0259sg\u0259r v\u0259 zabitl\u0259ri il\u0259! \u00c7ox sa\u011f olun! Uca Tanr\u0131 sizl\u0259ri qorusun!\u201d &nbsp;<\/p>\n","protected":false},"author":2,"featured_media":401168,"comment_status":"closed","ping_status":"closed","sticky":false,"template":"","format":"standard","meta":{"om_disable_all_campaigns":false,"_monsterinsights_skip_tracking":false,"_monsterinsights_sitenote_active":false,"_monsterinsights_sitenote_note":"","_monsterinsights_sitenote_category":0},"categories":[4],"tags":[],"aioseo_notices":[],"gutentor_comment":0,"rttpg_featured_image_url":{"full":["https:\/\/arantv.az\/wp-content\/uploads\/2021\/11\/2021-01-15-12-56-48SIN9FOd2Fra0IJYMpuZV_file.jpg",612,465,false],"landscape":["https:\/\/arantv.az\/wp-content\/uploads\/2021\/11\/2021-01-15-12-56-48SIN9FOd2Fra0IJYMpuZV_file.jpg",612,465,false],"portraits":["https:\/\/arantv.az\/wp-content\/uploads\/2021\/11\/2021-01-15-12-56-48SIN9FOd2Fra0IJYMpuZV_file.jpg",612,465,false],"thumbnail":["https:\/\/arantv.az\/wp-content\/uploads\/2021\/11\/2021-01-15-12-56-48SIN9FOd2Fra0IJYMpuZV_file-500x280.jpg",500,280,true],"medium":["https:\/\/arantv.az\/wp-content\/uploads\/2021\/11\/2021-01-15-12-56-48SIN9FOd2Fra0IJYMpuZV_file-480x365.jpg",480,365,true],"large":["https:\/\/arantv.az\/wp-content\/uploads\/2021\/11\/2021-01-15-12-56-48SIN9FOd2Fra0IJYMpuZV_file.jpg",612,465,false],"1536x1536":["https:\/\/arantv.az\/wp-content\/uploads\/2021\/11\/2021-01-15-12-56-48SIN9FOd2Fra0IJYMpuZV_file.jpg",612,465,false],"2048x2048":["https:\/\/arantv.az\/wp-content\/uploads\/2021\/11\/2021-01-15-12-56-48SIN9FOd2Fra0IJYMpuZV_file.jpg",612,465,false],"post-thumbnail":["https:\/\/arantv.az\/wp-content\/uploads\/2021\/11\/2021-01-15-12-56-48SIN9FOd2Fra0IJYMpuZV_file-240x172.jpg",240,172,true],"advps-thumb-one":["https:\/\/arantv.az\/wp-content\/uploads\/2021\/11\/2021-01-15-12-56-48SIN9FOd2Fra0IJYMpuZV_file.jpg",612,465,false]},"rttpg_author":{"display_name":"V\u00fcsal Rafiqo\u011flu","author_link":"https:\/\/arantv.az\/?author=2"},"rttpg_comment":0,"rttpg_category":"<a href=\"https:\/\/arantv.az\/?cat=4\" rel=\"category\">Siyas\u0259t<\/a>","rttpg_excerpt":"Birinci vitse-prezident Mehriban \u018fliyeva \u015eu\u015fadan yeni fotolar payla\u015f\u0131b. Mehriban \u018fliyeva \u201cInstagram\u201d hesab\u0131nda h\u0259rb\u00e7il\u0259rl\u0259 birlikd\u0259 \u00e7\u0259kdirdiyi \u015f\u0259kill\u0259ri yay\u0131mlay\u0131b. Birinci vitse-prezident fotolara bu \u015f\u0259rhi yaz\u0131b: \u201c\u00d6mr\u00fcm\u00fcn \u0259n xo\u015fb\u0259xt g\u00fcnl\u0259rind\u0259n biri! C\u0131d\u0131r d\u00fcz\u00fcnd\u0259 Q\u0259l\u0259b\u0259 bayram\u0131n\u0131n ilk ild\u00f6n\u00fcm\u00fcnd\u0259 Az\u0259rbaycan Respublikas\u0131n\u0131n Silahl\u0131 Q\u00fcvv\u0259l\u0259rinin c\u0259sur \u0259sg\u0259r v\u0259 zabitl\u0259ri il\u0259! \u00c7ox sa\u011f olun! Uca Tanr\u0131 sizl\u0259ri qorusun!\u201d &nbsp;","_links":{"self":[{"href":"https:\/\/arantv.az\/index.php?rest_route=\/wp\/v2\/posts\/401167"}],"collection":[{"href":"https:\/\/arantv.az\/index.php?rest_route=\/wp\/v2\/posts"}],"about":[{"href":"https:\/\/arantv.az\/index.php?rest_route=\/wp\/v2\/types\/post"}],"author":[{"embeddable":true,"href":"https:\/\/arantv.az\/index.php?rest_route=\/wp\/v2\/users\/2"}],"replies":[{"embeddable":true,"href":"https:\/\/arantv.az\/index.php?rest_route=%2Fwp%2Fv2%2Fcomments&post=401167"}],"version-history":[{"count":0,"href":"https:\/\/arantv.az\/index.php?rest_route=\/wp\/v2\/posts\/401167\/revisions"}],"wp:featuredmedia":[{"embeddable":true,"href":"https:\/\/arantv.az\/index.php?rest_route=\/wp\/v2\/media\/401168"}],"wp:attachment":[{"href":"https:\/\/arantv.az\/index.php?rest_route=%2Fwp%2Fv2%2Fmedia&parent=401167"}],"wp:term":[{"taxonomy":"category","embeddable":true,"href":"https:\/\/arantv.az\/index.php?rest_route=%2Fwp%2Fv2%2Fcategories&post=401167"},{"taxonomy":"post_tag","embeddable":true,"href":"https:\/\/arantv.az\/index.php?rest_route=%2Fwp%2Fv2%2Ftags&post=401167"}],"curies":[{"name":"wp","href":"https:\/\/api.w.org\/{rel}","templated":true}]}}