{"id":401176,"date":"2021-11-08T12:26:38","date_gmt":"2021-11-08T09:26:38","guid":{"rendered":"http:\/\/arantv.az\/?p=401176"},"modified":"2021-11-08T12:26:38","modified_gmt":"2021-11-08T09:26:38","slug":"turk-surasi-bas-katibi-az%c9%99rbaycan-prezidentin%c9%99-t%c9%99brik-m%c9%99ktubu-gond%c9%99rdi","status":"publish","type":"post","link":"https:\/\/arantv.az\/?p=401176","title":{"rendered":"T\u00fcrk \u015euras\u0131 Ba\u015f katibi Az\u0259rbaycan Prezidentin\u0259 t\u0259brik m\u0259ktubu g\u00f6nd\u0259rdi"},"content":{"rendered":"<p>T\u00fcrkdilli D\u00f6vl\u0259tl\u0259rin \u018fm\u0259kda\u015fl\u0131q \u015euras\u0131n\u0131n (T\u00fcrk \u015euras\u0131) Ba\u015f katibi Ba\u011fdad Amreyev Az\u0259rbaycan Prezidenti \u0130lham \u018fliyev\u0259 t\u0259brik m\u0259ktubu \u00fcnvanlay\u0131b.<\/p>\n<p>Prezident.az x\u0259b\u0259r verir ki, m\u0259ktubda deyilir:<\/p>\n<p>\u201cMilli bayram\u0131n\u0131z &#8211; 8 Noyabr &#8211; Z\u0259f\u0259r G\u00fcn\u00fc m\u00fcnasib\u0259til\u0259 T\u00fcrk \u015euras\u0131 ad\u0131ndan v\u0259 \u015f\u0259xs\u0259n \u00f6z ad\u0131mdan Az\u0259rbaycan xalq\u0131n\u0131, Ordusunu v\u0259 M\u00fcz\u0259ff\u0259r Ali Ba\u015f Komandan kimi Zati-alinizi s\u0259mimi q\u0259lbd\u0259n t\u0259brik edir, \u0259n xo\u015f arzular\u0131m\u0131 \u00e7atd\u0131r\u0131ram.<\/p>\n<div id=\"AdviadNativeVideo0\" class=\"AdviadNativeVideo\"><\/div>\n<p>Bu \u015fanl\u0131 Z\u0259f\u0259r t\u0259kc\u0259 qarda\u015f Az\u0259rbaycanda deyil, \u00fcmumiyy\u0259tl\u0259 b\u00fct\u00fcn t\u00fcrk d\u00fcnyas\u0131nda milli kimliyin v\u0259 h\u0259mr\u0259yliyin g\u00fccl\u0259nm\u0259sin\u0259 s\u0259b\u0259b olmaqla \u0259m\u0259kda\u015fl\u0131\u011f\u0131m\u0131z\u0131n daha da d\u0259rinl\u0259\u015fm\u0259si \u00fc\u00e7\u00fcn yeni \u00fcf\u00fcql\u0259r a\u00e7m\u0131\u015fd\u0131r.<\/p>\n<p>Eyni zamanda, Zati-alinizin Az\u0259rbaycan Respublikas\u0131n\u0131n beyn\u0259lxalq m\u00fcst\u0259vid\u0259 tan\u0131nm\u0131\u015f \u0259razi b\u00fct\u00f6vl\u00fcy\u00fcn\u00fcn b\u0259rpas\u0131 il\u0259 yaratd\u0131\u011f\u0131 yeni siyasi reall\u0131q v\u0259 \u015f\u0259rait regionumuzda sabitlik, h\u0259rt\u0259r\u0259fli \u0259m\u0259kda\u015fl\u0131q v\u0259 davaml\u0131 inki\u015fafa t\u0259kan ver\u0259c\u0259kdir.<\/p>\n<p>X\u00fcsusil\u0259 vur\u011fulamaq ist\u0259rdim ki, bu ilin 31 mart tarixind\u0259 T\u00fcrk\u00fcstan Zirv\u0259 g\u00f6r\u00fc\u015f\u00fcnd\u0259 \u00fczv d\u00f6vl\u0259tl\u0259rimiz bir daha yekdillikl\u0259 Az\u0259rbaycan torpaqlar\u0131n\u0131n i\u015f\u011faldan azad edilm\u0259sini t\u0259qdirl\u0259 qar\u015f\u0131layaraq m\u00fcnaqi\u015f\u0259nin t\u0259sirin\u0259 m\u0259ruz qalm\u0131\u015f \u0259razil\u0259rin b\u0259rpas\u0131, yenid\u0259n qurulmas\u0131 v\u0259 reinteqrasiyas\u0131 istiqam\u0259tind\u0259ki s\u0259yl\u0259rind\u0259 Az\u0259rbaycan H\u00f6kum\u0259ti v\u0259 xalq\u0131 il\u0259 h\u0259mr\u0259y olduqlar\u0131n\u0131 ifad\u0259 etmi\u015fl\u0259r.<\/p>\n<p>Zati-alinizin liderliyi v\u0259 q\u0259tiyy\u0259ti say\u0259sind\u0259 t\u00fcrk d\u00fcnyas\u0131n\u0131 birl\u0259\u015fdir\u0259c\u0259k Z\u0259ng\u0259zur d\u0259hlizind\u0259 yenid\u0259n yarad\u0131lacaq n\u0259qliyyat, kommunikasiya, infrastruktur layih\u0259l\u0259rinin \u00fczv d\u00f6vl\u0259tl\u0259rimiz ba\u015fda olmaqla b\u00fct\u00fcn region \u00f6lk\u0259l\u0259rinin iqtisadiyyat\u0131n\u0131n inki\u015faf\u0131na, s\u00fclh v\u0259 sabitliyin m\u00f6hk\u0259ml\u0259nm\u0259sin\u0259 m\u00fch\u00fcm t\u00f6hf\u0259 ver\u0259c\u0259yin\u0259 \u0259min oldu\u011fumu bir daha bildirm\u0259k ist\u0259rdim.<\/p>\n<p>\u015e\u0259hid olmu\u015f q\u0259hr\u0259man Az\u0259rbaycan \u0259sg\u0259rl\u0259rini d\u0259rin h\u00f6rm\u0259tl\u0259 yad ed\u0259r\u0259k Zati-alinizi Z\u0259f\u0259r bayram\u0131 m\u00fcnasib\u0259til\u0259 bir daha t\u0259brik edir, b\u00fct\u00fcn Az\u0259rbaycan xalq\u0131na s\u00fclh, rifah v\u0259 t\u0259r\u0259qqi arzulay\u0131ram\u201d.<\/p>\n","protected":false},"excerpt":{"rendered":"<p>T\u00fcrkdilli D\u00f6vl\u0259tl\u0259rin \u018fm\u0259kda\u015fl\u0131q \u015euras\u0131n\u0131n (T\u00fcrk \u015euras\u0131) Ba\u015f katibi Ba\u011fdad Amreyev Az\u0259rbaycan Prezidenti \u0130lham \u018fliyev\u0259 t\u0259brik m\u0259ktubu \u00fcnvanlay\u0131b. Prezident.az x\u0259b\u0259r verir ki, m\u0259ktubda deyilir: \u201cMilli bayram\u0131n\u0131z &#8211; 8 Noyabr &#8211; Z\u0259f\u0259r G\u00fcn\u00fc m\u00fcnasib\u0259til\u0259 T\u00fcrk \u015euras\u0131 ad\u0131ndan v\u0259 \u015f\u0259xs\u0259n \u00f6z ad\u0131mdan Az\u0259rbaycan xalq\u0131n\u0131, Ordusunu v\u0259 M\u00fcz\u0259ff\u0259r Ali Ba\u015f Komandan kimi Zati-alinizi s\u0259mimi q\u0259lbd\u0259n t\u0259brik edir, \u0259n xo\u015f arzular\u0131m\u0131 \u00e7atd\u0131r\u0131ram. Bu \u015fanl\u0131 Z\u0259f\u0259r t\u0259kc\u0259 qarda\u015f Az\u0259rbaycanda deyil, \u00fcmumiyy\u0259tl\u0259 b\u00fct\u00fcn t\u00fcrk d\u00fcnyas\u0131nda milli kimliyin v\u0259 h\u0259mr\u0259yliyin g\u00fccl\u0259nm\u0259sin\u0259 s\u0259b\u0259b olmaqla \u0259m\u0259kda\u015fl\u0131\u011f\u0131m\u0131z\u0131n daha da d\u0259rinl\u0259\u015fm\u0259si \u00fc\u00e7\u00fcn yeni \u00fcf\u00fcql\u0259r a\u00e7m\u0131\u015fd\u0131r. Eyni zamanda, Zati-alinizin Az\u0259rbaycan Respublikas\u0131n\u0131n beyn\u0259lxalq m\u00fcst\u0259vid\u0259&hellip;<\/p>\n","protected":false},"author":2,"featured_media":401177,"comment_status":"closed","ping_status":"closed","sticky":false,"template":"","format":"standard","meta":{"om_disable_all_campaigns":false,"_monsterinsights_skip_tracking":false,"_monsterinsights_sitenote_active":false,"_monsterinsights_sitenote_note":"","_monsterinsights_sitenote_category":0},"categories":[4],"tags":[],"aioseo_notices":[],"gutentor_comment":0,"rttpg_featured_image_url":{"full":["https:\/\/arantv.az\/wp-content\/uploads\/2021\/11\/1594814467-4.jpg",620,413,false],"landscape":["https:\/\/arantv.az\/wp-content\/uploads\/2021\/11\/1594814467-4.jpg",620,413,false],"portraits":["https:\/\/arantv.az\/wp-content\/uploads\/2021\/11\/1594814467-4.jpg",620,413,false],"thumbnail":["https:\/\/arantv.az\/wp-content\/uploads\/2021\/11\/1594814467-4-500x280.jpg",500,280,true],"medium":["https:\/\/arantv.az\/wp-content\/uploads\/2021\/11\/1594814467-4-548x365.jpg",548,365,true],"large":["https:\/\/arantv.az\/wp-content\/uploads\/2021\/11\/1594814467-4.jpg",620,413,false],"1536x1536":["https:\/\/arantv.az\/wp-content\/uploads\/2021\/11\/1594814467-4.jpg",620,413,false],"2048x2048":["https:\/\/arantv.az\/wp-content\/uploads\/2021\/11\/1594814467-4.jpg",620,413,false],"post-thumbnail":["https:\/\/arantv.az\/wp-content\/uploads\/2021\/11\/1594814467-4-240x172.jpg",240,172,true],"advps-thumb-one":["https:\/\/arantv.az\/wp-content\/uploads\/2021\/11\/1594814467-4.jpg",620,413,false]},"rttpg_author":{"display_name":"V\u00fcsal Rafiqo\u011flu","author_link":"https:\/\/arantv.az\/?author=2"},"rttpg_comment":0,"rttpg_category":"<a href=\"https:\/\/arantv.az\/?cat=4\" rel=\"category\">Siyas\u0259t<\/a>","rttpg_excerpt":"T\u00fcrkdilli D\u00f6vl\u0259tl\u0259rin \u018fm\u0259kda\u015fl\u0131q \u015euras\u0131n\u0131n (T\u00fcrk \u015euras\u0131) Ba\u015f katibi Ba\u011fdad Amreyev Az\u0259rbaycan Prezidenti \u0130lham \u018fliyev\u0259 t\u0259brik m\u0259ktubu \u00fcnvanlay\u0131b. Prezident.az x\u0259b\u0259r verir ki, m\u0259ktubda deyilir: \u201cMilli bayram\u0131n\u0131z &#8211; 8 Noyabr &#8211; Z\u0259f\u0259r G\u00fcn\u00fc m\u00fcnasib\u0259til\u0259 T\u00fcrk \u015euras\u0131 ad\u0131ndan v\u0259 \u015f\u0259xs\u0259n \u00f6z ad\u0131mdan Az\u0259rbaycan xalq\u0131n\u0131, Ordusunu v\u0259 M\u00fcz\u0259ff\u0259r Ali Ba\u015f Komandan kimi Zati-alinizi s\u0259mimi q\u0259lbd\u0259n t\u0259brik edir, \u0259n xo\u015f&hellip;","_links":{"self":[{"href":"https:\/\/arantv.az\/index.php?rest_route=\/wp\/v2\/posts\/401176"}],"collection":[{"href":"https:\/\/arantv.az\/index.php?rest_route=\/wp\/v2\/posts"}],"about":[{"href":"https:\/\/arantv.az\/index.php?rest_route=\/wp\/v2\/types\/post"}],"author":[{"embeddable":true,"href":"https:\/\/arantv.az\/index.php?rest_route=\/wp\/v2\/users\/2"}],"replies":[{"embeddable":true,"href":"https:\/\/arantv.az\/index.php?rest_route=%2Fwp%2Fv2%2Fcomments&post=401176"}],"version-history":[{"count":0,"href":"https:\/\/arantv.az\/index.php?rest_route=\/wp\/v2\/posts\/401176\/revisions"}],"wp:featuredmedia":[{"embeddable":true,"href":"https:\/\/arantv.az\/index.php?rest_route=\/wp\/v2\/media\/401177"}],"wp:attachment":[{"href":"https:\/\/arantv.az\/index.php?rest_route=%2Fwp%2Fv2%2Fmedia&parent=401176"}],"wp:term":[{"taxonomy":"category","embeddable":true,"href":"https:\/\/arantv.az\/index.php?rest_route=%2Fwp%2Fv2%2Fcategories&post=401176"},{"taxonomy":"post_tag","embeddable":true,"href":"https:\/\/arantv.az\/index.php?rest_route=%2Fwp%2Fv2%2Ftags&post=401176"}],"curies":[{"name":"wp","href":"https:\/\/api.w.org\/{rel}","templated":true}]}}