{"id":401185,"date":"2021-11-08T12:29:11","date_gmt":"2021-11-08T09:29:11","guid":{"rendered":"http:\/\/arantv.az\/?p=401185"},"modified":"2021-11-08T12:29:11","modified_gmt":"2021-11-08T09:29:11","slug":"susa-doyusl%c9%99rind%c9%99-s%c9%99hid-olan-hikm%c9%99t-sixm%c9%99mm%c9%99dovun-anim-gunudur-foto","status":"publish","type":"post","link":"https:\/\/arantv.az\/?p=401185","title":{"rendered":"\u015eu\u015fa d\u00f6y\u00fc\u015fl\u0259rind\u0259 \u015f\u0259hid olan Hikm\u0259t \u015e\u0131xm\u0259mm\u0259dovun an\u0131m g\u00fcn\u00fcd\u00fcr &#8211; FOTO"},"content":{"rendered":"<p>Az\u0259rbaycan 44 g\u00fcn davam ed\u0259n V\u0259t\u0259n m\u00fcharib\u0259si n\u0259tic\u0259sind\u0259 \u00f6z do\u011fma torpaqlar\u0131na qovu\u015fdu v\u0259 30 illik h\u0259sr\u0259t sona \u00e7atd\u0131.<\/p>\n<p>Torpaqlar\u0131m\u0131z\u0131n i\u015f\u011faldan azad edilm\u0259sind\u0259 Az\u0259rbaycan\u0131n v\u0259t\u0259np\u0259rv\u0259r o\u011fullar\u0131 canlar\u0131ndan ke\u00e7dil\u0259r.<\/p>\n<p>V\u0259t\u0259n m\u00fcharib\u0259sind\u0259 \u015f\u0259hid olmu\u015f q\u0259hr\u0259manlar\u0131m\u0131zdan biri d\u0259 \u015e\u0131xm\u0259mm\u0259dov Hikm\u0259t Az\u0259r o\u011fludur.<\/p>\n<div id=\"AdviadNativeVideo0\" class=\"AdviadNativeVideo\"><\/div>\n<p>O, 6 dekabr 1995-ci ild\u0259 A\u011fstafa rayonu Da\u011f K\u0259s\u0259m\u0259n k\u0259ndind\u0259 anadan olub.<\/p>\n<p>2002-2013-c\u00fc ill\u0259rd\u0259 2 sayl\u0131 Da\u011f K\u0259s\u0259m\u0259n k\u0259nd tam orta m\u0259kt\u0259bind\u0259, 2013\u20132017-ci ill\u0259rd\u0259 Az\u0259rbaycan D\u00f6vl\u0259t \u0130qtisad Universitetinin \u201cBiznesin idar\u0259edilm\u0259si\u201d fak\u00fclt\u0259sind\u0259 t\u0259hsil al\u0131b.<\/p>\n<p>Az\u0259rbaycan Silahl\u0131 Q\u00fcvv\u0259l\u0259rinin \u0259sg\u0259ri olan Hikm\u0259t \u015e\u0131xm\u0259mm\u0259dov 2020-ci il sentyabr\u0131n 27-d\u0259 Az\u0259rbaycan Silahl\u0131 Q\u00fcvv\u0259l\u0259ri t\u0259r\u0259find\u0259n Erm\u0259nistan\u0131n t\u0259xribatlar\u0131na qar\u015f\u0131 ba\u015flad\u0131lan\u00a0\u0259ks-h\u00fccum \u0259m\u0259liyyatlar\u0131na k\u00f6n\u00fcll\u00fc olaraq qat\u0131l\u0131b.<\/p>\n<p>Hikm\u0259t \u015e\u0131xm\u0259mm\u0259dov noyabr\u0131n 8-d\u0259 \u015eu\u015fa d\u00f6y\u00fc\u015fl\u0259ri zaman\u0131 \u015f\u0259hid olub v\u0259 A\u011fstafa rayonunun Da\u011f K\u0259s\u0259m\u0259n k\u0259ndind\u0259 d\u0259fn olunub.<\/p>\n<p>O, \u201cV\u0259t\u0259n u\u011frunda\u201d, \u201cC\u0259sur d\u00f6y\u00fc\u015f\u00e7\u00fc\u201d v\u0259 \u201c\u015eu\u015fan\u0131n azad olunmas\u0131na g\u00f6r\u0259\u201d medallar\u0131 il\u0259 t\u0259ltif edilib.<\/p>\n<p>\u015e\u0259hidimiz ail\u0259li idi.<\/p>\n<p>&nbsp;<\/p>\n<div class=\"gallery\">\n<div class=\"gallery-i\"><img src=\"https:\/\/cdn.oxu.az\/uploads\/W1siZiIsIjIwMjEvMTEvMDgvMDkvMzkvNDEvOGQxZDlhYjYtNGU0OS00MDQxLWFkM2QtNzQ3ZDZiNzI4MGQzL3VubmFtZWQgKDEpLmpwZyJdLFsicCIsImVuY29kZSIsImpwZyIsIi1xdWFsaXR5IDgwIl0sWyJwIiwidGh1bWIiLCI1OTB4NTkwXHUwMDNlIl1d?sha=6e573cf301707b6a\" alt=\"\" \/><\/p>\n<div class=\"gallery-i-caption\"><\/div>\n<\/div>\n<div class=\"gallery-i\"><img src=\"https:\/\/cdn.oxu.az\/uploads\/W1siZiIsIjIwMjEvMTEvMDgvMDkvMzkvNDIvZjY4YzIxZTEtNzgwMC00NTVlLTk0NmQtZWM4MjZkMjFhMThkL2Rvd25sb2FkICgyKS5qcGciXSxbInAiLCJlbmNvZGUiLCJqcGciLCItcXVhbGl0eSA4MCJdLFsicCIsInRodW1iIiwiNTkweDU5MFx1MDAzZSJdXQ?sha=6b02f6c8f1fd6ff6\" alt=\"\" \/><\/p>\n<div class=\"gallery-i-caption\"><\/div>\n<\/div>\n<div class=\"gallery-i\"><img src=\"https:\/\/cdn.oxu.az\/uploads\/W1siZiIsIjIwMjEvMTEvMDgvMDkvMzkvNDIvMjM2NmQ4OTMtMDk5NS00ZDE1LThmMzgtYzNjNTU1ZDY0MTgxL1doYXRzQXBwIEltYWdlIDIwMjEtMTEtMDMgYXQgMTUuMTIuMzguanBlZyJdLFsicCIsImVuY29kZSIsImpwZyIsIi1xdWFsaXR5IDgwIl0sWyJwIiwidGh1bWIiLCI1OTB4NTkwXHUwMDNlIl1d?sha=9a569a7bdad2e02f\" alt=\"\" \/><\/p>\n<div class=\"gallery-i-caption\"><\/div>\n<\/div>\n<div class=\"gallery-i\"><img src=\"https:\/\/cdn.oxu.az\/uploads\/W1siZiIsIjIwMjEvMTEvMDgvMDkvMzkvNDIvMTQwYWEwOGMtNjVlNi00MGQ3LTg0MDYtYzJlNzk1YzE0YmMzL1doYXRzQXBwIEltYWdlIDIwMjEtMTEtMDMgYXQgMTUuMjcuMDkuanBlZyJdLFsicCIsImVuY29kZSIsImpwZyIsIi1xdWFsaXR5IDgwIl0sWyJwIiwidGh1bWIiLCI1OTB4NTkwXHUwMDNlIl1d?sha=dc71b80d83f45abf\" alt=\"\" \/><\/p>\n<div class=\"gallery-i-caption\"><\/div>\n<\/div>\n<div class=\"gallery-i\"><img src=\"https:\/\/cdn.oxu.az\/uploads\/W1siZiIsIjIwMjEvMTEvMDgvMDkvMzkvNDIvOWRmNTFkZTYtNDExOC00NzM1LWI2MDMtYjJiYzA1YjQyZjczL1doYXRzQXBwIEltYWdlIDIwMjEtMTEtMDMgYXQgMTUuMzAuMzYuanBlZyJdLFsicCIsImVuY29kZSIsImpwZyIsIi1xdWFsaXR5IDgwIl0sWyJwIiwidGh1bWIiLCI1OTB4NTkwXHUwMDNlIl1d?sha=e4130ebdfe2d6198\" alt=\"\" \/><\/div>\n<\/div>\n","protected":false},"excerpt":{"rendered":"<p>Az\u0259rbaycan 44 g\u00fcn davam ed\u0259n V\u0259t\u0259n m\u00fcharib\u0259si n\u0259tic\u0259sind\u0259 \u00f6z do\u011fma torpaqlar\u0131na qovu\u015fdu v\u0259 30 illik h\u0259sr\u0259t sona \u00e7atd\u0131. Torpaqlar\u0131m\u0131z\u0131n i\u015f\u011faldan azad edilm\u0259sind\u0259 Az\u0259rbaycan\u0131n v\u0259t\u0259np\u0259rv\u0259r o\u011fullar\u0131 canlar\u0131ndan ke\u00e7dil\u0259r. V\u0259t\u0259n m\u00fcharib\u0259sind\u0259 \u015f\u0259hid olmu\u015f q\u0259hr\u0259manlar\u0131m\u0131zdan biri d\u0259 \u015e\u0131xm\u0259mm\u0259dov Hikm\u0259t Az\u0259r o\u011fludur. O, 6 dekabr 1995-ci ild\u0259 A\u011fstafa rayonu Da\u011f K\u0259s\u0259m\u0259n k\u0259ndind\u0259 anadan olub. 2002-2013-c\u00fc ill\u0259rd\u0259 2 sayl\u0131 Da\u011f K\u0259s\u0259m\u0259n k\u0259nd tam orta m\u0259kt\u0259bind\u0259, 2013\u20132017-ci ill\u0259rd\u0259 Az\u0259rbaycan D\u00f6vl\u0259t \u0130qtisad Universitetinin \u201cBiznesin idar\u0259edilm\u0259si\u201d fak\u00fclt\u0259sind\u0259 t\u0259hsil al\u0131b. Az\u0259rbaycan Silahl\u0131 Q\u00fcvv\u0259l\u0259rinin \u0259sg\u0259ri olan Hikm\u0259t \u015e\u0131xm\u0259mm\u0259dov 2020-ci il sentyabr\u0131n 27-d\u0259 Az\u0259rbaycan Silahl\u0131 Q\u00fcvv\u0259l\u0259ri t\u0259r\u0259find\u0259n Erm\u0259nistan\u0131n t\u0259xribatlar\u0131na qar\u015f\u0131 ba\u015flad\u0131lan\u00a0\u0259ks-h\u00fccum&hellip;<\/p>\n","protected":false},"author":2,"featured_media":401186,"comment_status":"closed","ping_status":"closed","sticky":false,"template":"","format":"standard","meta":{"om_disable_all_campaigns":false,"_monsterinsights_skip_tracking":false,"_monsterinsights_sitenote_active":false,"_monsterinsights_sitenote_note":"","_monsterinsights_sitenote_category":0},"categories":[26],"tags":[],"aioseo_notices":[],"gutentor_comment":0,"rttpg_featured_image_url":{"full":["https:\/\/arantv.az\/wp-content\/uploads\/2021\/11\/unnamed-1-1.jpg",436,512,false],"landscape":["https:\/\/arantv.az\/wp-content\/uploads\/2021\/11\/unnamed-1-1.jpg",436,512,false],"portraits":["https:\/\/arantv.az\/wp-content\/uploads\/2021\/11\/unnamed-1-1.jpg",436,512,false],"thumbnail":["https:\/\/arantv.az\/wp-content\/uploads\/2021\/11\/unnamed-1-1-436x280.jpg",436,280,true],"medium":["https:\/\/arantv.az\/wp-content\/uploads\/2021\/11\/unnamed-1-1-311x365.jpg",311,365,true],"large":["https:\/\/arantv.az\/wp-content\/uploads\/2021\/11\/unnamed-1-1.jpg",436,512,false],"1536x1536":["https:\/\/arantv.az\/wp-content\/uploads\/2021\/11\/unnamed-1-1.jpg",436,512,false],"2048x2048":["https:\/\/arantv.az\/wp-content\/uploads\/2021\/11\/unnamed-1-1.jpg",436,512,false],"post-thumbnail":["https:\/\/arantv.az\/wp-content\/uploads\/2021\/11\/unnamed-1-1-240x172.jpg",240,172,true],"advps-thumb-one":["https:\/\/arantv.az\/wp-content\/uploads\/2021\/11\/unnamed-1-1.jpg",436,512,false]},"rttpg_author":{"display_name":"V\u00fcsal Rafiqo\u011flu","author_link":"https:\/\/arantv.az\/?author=2"},"rttpg_comment":0,"rttpg_category":"<a href=\"https:\/\/arantv.az\/?cat=26\" rel=\"category\">Sosial<\/a>","rttpg_excerpt":"Az\u0259rbaycan 44 g\u00fcn davam ed\u0259n V\u0259t\u0259n m\u00fcharib\u0259si n\u0259tic\u0259sind\u0259 \u00f6z do\u011fma torpaqlar\u0131na qovu\u015fdu v\u0259 30 illik h\u0259sr\u0259t sona \u00e7atd\u0131. Torpaqlar\u0131m\u0131z\u0131n i\u015f\u011faldan azad edilm\u0259sind\u0259 Az\u0259rbaycan\u0131n v\u0259t\u0259np\u0259rv\u0259r o\u011fullar\u0131 canlar\u0131ndan ke\u00e7dil\u0259r. V\u0259t\u0259n m\u00fcharib\u0259sind\u0259 \u015f\u0259hid olmu\u015f q\u0259hr\u0259manlar\u0131m\u0131zdan biri d\u0259 \u015e\u0131xm\u0259mm\u0259dov Hikm\u0259t Az\u0259r o\u011fludur. O, 6 dekabr 1995-ci ild\u0259 A\u011fstafa rayonu Da\u011f K\u0259s\u0259m\u0259n k\u0259ndind\u0259 anadan olub. 2002-2013-c\u00fc ill\u0259rd\u0259 2 sayl\u0131 Da\u011f&hellip;","_links":{"self":[{"href":"https:\/\/arantv.az\/index.php?rest_route=\/wp\/v2\/posts\/401185"}],"collection":[{"href":"https:\/\/arantv.az\/index.php?rest_route=\/wp\/v2\/posts"}],"about":[{"href":"https:\/\/arantv.az\/index.php?rest_route=\/wp\/v2\/types\/post"}],"author":[{"embeddable":true,"href":"https:\/\/arantv.az\/index.php?rest_route=\/wp\/v2\/users\/2"}],"replies":[{"embeddable":true,"href":"https:\/\/arantv.az\/index.php?rest_route=%2Fwp%2Fv2%2Fcomments&post=401185"}],"version-history":[{"count":0,"href":"https:\/\/arantv.az\/index.php?rest_route=\/wp\/v2\/posts\/401185\/revisions"}],"wp:featuredmedia":[{"embeddable":true,"href":"https:\/\/arantv.az\/index.php?rest_route=\/wp\/v2\/media\/401186"}],"wp:attachment":[{"href":"https:\/\/arantv.az\/index.php?rest_route=%2Fwp%2Fv2%2Fmedia&parent=401185"}],"wp:term":[{"taxonomy":"category","embeddable":true,"href":"https:\/\/arantv.az\/index.php?rest_route=%2Fwp%2Fv2%2Fcategories&post=401185"},{"taxonomy":"post_tag","embeddable":true,"href":"https:\/\/arantv.az\/index.php?rest_route=%2Fwp%2Fv2%2Ftags&post=401185"}],"curies":[{"name":"wp","href":"https:\/\/api.w.org\/{rel}","templated":true}]}}