{"id":401191,"date":"2021-11-08T12:30:43","date_gmt":"2021-11-08T09:30:43","guid":{"rendered":"http:\/\/arantv.az\/?p=401191"},"modified":"2021-11-08T12:30:43","modified_gmt":"2021-11-08T09:30:43","slug":"hulusi-akar-bu-q%c9%99l%c9%99b%c9%99-h%c9%99m-d%c9%99-haqsizliga-qanunsuzluga-goz-yumanlara-%c9%99n-goz%c9%99l-cavab-oldu-foto-video","status":"publish","type":"post","link":"https:\/\/arantv.az\/?p=401191","title":{"rendered":"Hulusi Akar: \u201cBu q\u0259l\u0259b\u0259 h\u0259m d\u0259 haqs\u0131zl\u0131\u011fa, qanunsuzlu\u011fa g\u00f6z yumanlara \u0259n g\u00f6z\u0259l cavab oldu\u201d &#8211; FOTO\/V\u0130DEO"},"content":{"rendered":"<p>T\u00fcrkiy\u0259nin Milli M\u00fcdafi\u0259 naziri Hulusi Akar ba\u015fda olmaqla qarda\u015f \u00f6lk\u0259d\u0259n g\u0259l\u0259n n\u00fcmay\u0259nd\u0259 hey\u0259ti Bak\u0131da Heyd\u0259r \u018fliyev M\u0259rk\u0259zind\u0259 Z\u0259f\u0259r G\u00fcn\u00fc m\u00fcnasib\u0259til\u0259 ke\u00e7iril\u0259n bayram t\u0259dbirind\u0259 i\u015ftirak edib.<\/p>\n<p>T\u0259dbird\u0259 \u00e7\u0131x\u0131\u015f ed\u0259n t\u00fcrkiy\u0259li nazir bu q\u00fcrur g\u00fcn\u00fcnd\u0259 can qarda\u015flar\u0131 il\u0259 bir yerd\u0259 olma\u011f\u0131n sevincini ifad\u0259 edib.<\/p>\n<p>\u201c\u00c7ox \u015f\u00fck\u00fcr, Qaraba\u011f bu g\u00fcn azadd\u0131r\u2026 Az\u0259rbaycan xalq\u0131 ke\u00e7irdiyi \u00e7\u0259tinlikl\u0259r qar\u015f\u0131s\u0131nda t\u0259slim olmad\u0131, \u201cart\u0131q b\u0259sdir\u201d dey\u0259r\u0259k V\u0259t\u0259nin\u0259, haqq\u0131na, h\u00fcququna, \u00f6z torpaqlar\u0131na sahib \u00e7\u0131xd\u0131\u201d, &#8211; dey\u0259 nazir bildirib.<\/p>\n<div id=\"AdviadNativeVideo0\" class=\"AdviadNativeVideo\"><\/div>\n<p>Qaraba\u011f\u0131n azad edilm\u0259sind\u0259 \u0259n b\u00f6y\u00fck pay\u0131 olan \u015f\u0259hidl\u0259rimiz\u0259 r\u0259hm\u0259t, qazil\u0259r\u0259 is\u0259 tezlikl\u0259 \u015f\u0259fa dil\u0259y\u0259n nazir adlar\u0131 \u015fanl\u0131 tariximizin \u0259n m\u00fcst\u0259sna s\u0259hif\u0259l\u0259rin\u0259 yaz\u0131lm\u0131\u015f bu igidl\u0259rin Ali Ba\u015f Komandan \u0130lham \u018fliyevin liderliyind\u0259 h\u0259yata ke\u00e7irdikl\u0259ri f\u0259dakarl\u0131qlar\u0131n\u0131n, q\u0259hr\u0259manl\u0131qlar\u0131n\u0131n he\u00e7 vaxt unudulmayaca\u011f\u0131n\u0131, h\u0259r zaman minn\u0259tdarl\u0131qla xat\u0131rlanaca\u011f\u0131n\u0131 vur\u011fulay\u0131b.<\/p>\n<p>\u201cQ\u0259hr\u0259man Az\u0259rbaycan ordusunun bu q\u0259l\u0259b\u0259si t\u0259kc\u0259 44 g\u00fcnl\u00fck m\u00fcbariz\u0259d\u0259n sonra deyil, 30 illik \u0259zmkarl\u0131q v\u0259 inam\u0131n n\u0259tic\u0259sind\u0259 \u0259ld\u0259 olunub\u201d, &#8211; dey\u0259 nazir \u0259lav\u0259 edib.<\/p>\n<div>\n<div class=\"twitter-tweet twitter-tweet-rendered\"><iframe id=\"twitter-widget-0\" class=\"\" title=\"Twitter Tweet\" src=\"https:\/\/platform.twitter.com\/embed\/Tweet.html?creatorScreenName=oxuaz&amp;dnt=false&amp;embedId=twitter-widget-0&amp;features=eyJ0ZndfZXhwZXJpbWVudHNfY29va2llX2V4cGlyYXRpb24iOnsiYnVja2V0IjoxMjA5NjAwLCJ2ZXJzaW9uIjpudWxsfSwidGZ3X2hvcml6b25fdHdlZXRfZW1iZWRfOTU1NSI6eyJidWNrZXQiOiJodGUiLCJ2ZXJzaW9uIjpudWxsfSwidGZ3X3NwYWNlX2NhcmQiOnsiYnVja2V0Ijoib2ZmIiwidmVyc2lvbiI6bnVsbH19&amp;frame=false&amp;hideCard=false&amp;hideThread=false&amp;id=1457611870114914307&amp;lang=en&amp;origin=https%3A%2F%2Foxu.az%2Fpolitics%2F544476&amp;sessionId=297f4de8f8038a50eb8aaa6ea9e17b32d662e107&amp;siteScreenName=oxuaz&amp;theme=light&amp;widgetsVersion=f001879%3A1634581029404&amp;width=550px\" frameborder=\"0\" scrolling=\"no\" allowfullscreen=\"allowfullscreen\" data-tweet-id=\"1457611870114914307\" data-mce-fragment=\"1\"><\/iframe><\/div>\n<\/div>\n<p>Hulusi Akar bu z\u0259f\u0259rin t\u0259kc\u0259 Erm\u0259nistana qar\u015f\u0131 qazan\u0131lan q\u0259l\u0259b\u0259 olmad\u0131\u011f\u0131n\u0131 deyib:<\/p>\n<p>\u201cBu q\u0259l\u0259b\u0259 h\u0259m d\u0259 haqs\u0131zl\u0131\u011fa, qanunsuzlu\u011fa g\u00f6z yumanlara, ill\u0259rdir s\u0259ssiz qalanlara \u0259n g\u00f6z\u0259l cavab oldu. H\u0259mi\u015f\u0259 oldu\u011fu kimi, sevincini sevincimiz, k\u0259d\u0259rini d\u0259 k\u0259d\u0259rimiz bildiyimiz can qarda\u015flar\u0131m\u0131z\u0131n\u00a0bu haql\u0131 m\u00fcbariz\u0259sind\u0259 yen\u0259 yan\u0131nda olduq. Mill\u0259t olaraq can qarda\u015flar\u0131m\u0131za b\u00fct\u00fcn imkanlar\u0131m\u0131zla d\u0259st\u0259k olma\u011fa \u00e7al\u0131\u015fd\u0131q, \u00e7\u00fcnki biz bir k\u00f6kd\u0259n, g\u00f6vd\u0259d\u0259n qidalanan b\u00f6y\u00fck \u00e7inar\u0131n budaqlar\u0131 kimiyik, b\u00f6y\u00fck mill\u0259tin \u00f6vladlar\u0131y\u0131q. Metenin, Atillan\u0131n, K\u00fcl Tiginin, Alpaslan\u0131n, Nizami\u00a0G\u0259nc\u0259vinin, N\u0259siminin, F\u00fczulinin, D\u0259d\u0259 Qorqudun n\u0259v\u0259l\u0259riyik. Bilinm\u0259lidir ki, tarixi prosesd\u0259 ba\u015f ver\u0259n hadis\u0259l\u0259r Az\u0259rbaycan v\u0259 T\u00fcrkiy\u0259 aras\u0131nda \u0259ng\u0259ll\u0259r yaratsa da, dini, dili, milliyy\u0259ti eyni olan, tarixi qarda\u015fl\u0131q \u0259laq\u0259l\u0259ri il\u0259 ba\u011fl\u0131 olan iki \u00f6lk\u0259 xalq\u0131n\u0131n q\u0259lbin\u0259 he\u00e7 vaxt kilid vura bilm\u0259yib v\u0259 bilm\u0259y\u0259c\u0259k&#8230;\u201d<\/p>\n<div><iframe loading=\"lazy\" title=\"YouTube video player\" src=\"https:\/\/www.youtube.com\/embed\/uGcKP0SsBYE\" width=\"560\" height=\"315\" frameborder=\"0\" allowfullscreen=\"allowfullscreen\" data-mce-fragment=\"1\"><\/iframe><\/div>\n<p>Onu da qeyd ed\u0259k ki, Heyd\u0259r \u018fliyev ad\u0131na M\u0259d\u0259niyy\u0259t M\u0259rk\u0259zind\u0259 t\u0259\u015fkil olunan bayram proqram\u0131nda qarda\u015f \u00f6lk\u0259nin d\u0259y\u0259rli s\u0259n\u0259t\u00e7il\u0259ri Esat Kabakl\u0131, Z\u0259f\u0259r Albayrak v\u0259 D\u00fcnya Tekin T\u00fcrkiy\u0259 Silahl\u0131 Q\u00fcvv\u0259l\u0259ri Armoni M\u0131z\u0131kas\u0131 v\u0259 Mehteran Birliyinin (h\u0259rbi orkestr) m\u00fc\u015faiy\u0259ti il\u0259 konsert veribl\u0259r.<\/p>\n<p>&nbsp;<\/p>\n<div class=\"gallery\">\n<div class=\"gallery-i\"><img src=\"https:\/\/cdn.oxu.az\/uploads\/W1siZiIsIjIwMjEvMTEvMDgvMTEvMDkvMzUvYWVjZmNkN2ItYmY5ZC00OTlkLWEyNzYtNTU1NTAyMTkzMmEzL0ZEcGxxZ2dYb0FBWXBWYi5qcGciXSxbInAiLCJlbmNvZGUiLCJqcGciLCItcXVhbGl0eSA4MCJdLFsicCIsInRodW1iIiwiNTkweDU5MFx1MDAzZSJdXQ?sha=401e798a4d124710\" alt=\"\" \/><\/p>\n<div class=\"gallery-i-caption\"><\/div>\n<\/div>\n<div class=\"gallery-i\"><img src=\"https:\/\/cdn.oxu.az\/uploads\/W1siZiIsIjIwMjEvMTEvMDgvMTEvMDkvMzYvYTMyY2U2NGUtNDZiZi00YzY2LTk2ZmQtOGEwNzBiZDg5NWE2L0ZEcGxxanVXRUFBOW93ei5qcGciXSxbInAiLCJlbmNvZGUiLCJqcGciLCItcXVhbGl0eSA4MCJdLFsicCIsInRodW1iIiwiNTkweDU5MFx1MDAzZSJdXQ?sha=c73025cb17e3f475\" alt=\"\" \/><\/p>\n<div class=\"gallery-i-caption\"><\/div>\n<\/div>\n<div class=\"gallery-i\"><img src=\"https:\/\/cdn.oxu.az\/uploads\/W1siZiIsIjIwMjEvMTEvMDgvMTEvMDkvMzQvOTliNjE5MTItOWFhNi00ZWFhLWFlNDItNWY4ZjcyYzQwMTNmL0ZEcGxva21XUUFJS2QtUC5qcGciXSxbInAiLCJlbmNvZGUiLCJqcGciLCItcXVhbGl0eSA4MCJdLFsicCIsInRodW1iIiwiNTkweDU5MFx1MDAzZSJdXQ?sha=6847276fbfadf386\" alt=\"\" \/><\/p>\n<div class=\"gallery-i-caption\"><\/div>\n<\/div>\n<div class=\"gallery-i\"><img src=\"https:\/\/cdn.oxu.az\/uploads\/W1siZiIsIjIwMjEvMTEvMDgvMTEvMDkvMzQvYWYwMzJlNjEtYjIxOC00MmU0LTkwNTEtOGRkZTc3MWU1MzdlL0ZEcGxva21YRUFBUjBZVS5qcGciXSxbInAiLCJlbmNvZGUiLCJqcGciLCItcXVhbGl0eSA4MCJdLFsicCIsInRodW1iIiwiNTkweDU5MFx1MDAzZSJdXQ?sha=66ea28e6cb6c4863\" alt=\"\" \/><\/p>\n<div class=\"gallery-i-caption\"><\/div>\n<\/div>\n<div class=\"gallery-i\"><img src=\"https:\/\/cdn.oxu.az\/uploads\/W1siZiIsIjIwMjEvMTEvMDgvMTEvMDkvMzUvNjFlOGZmMjgtMDkwMC00NDIzLWIyYTItNGZjZGM4MTNjNzdiL0ZEcGxva25YSUFndEM1TC5qcGciXSxbInAiLCJlbmNvZGUiLCJqcGciLCItcXVhbGl0eSA4MCJdLFsicCIsInRodW1iIiwiNTkweDU5MFx1MDAzZSJdXQ?sha=d6c223d672306441\" alt=\"\" \/><\/p>\n<div class=\"gallery-i-caption\"><\/div>\n<\/div>\n<div class=\"gallery-i\"><img src=\"https:\/\/cdn.oxu.az\/uploads\/W1siZiIsIjIwMjEvMTEvMDgvMTEvMDkvMzYvYjQ2NzkwMzItNGM5NS00NGFmLWIxMTUtM2Y1NDNlZWU3ZmI1L0ZEcGxxandYc0FBb1llRC5qcGciXSxbInAiLCJlbmNvZGUiLCJqcGciLCItcXVhbGl0eSA4MCJdLFsicCIsInRodW1iIiwiNTkweDU5MFx1MDAzZSJdXQ?sha=ba39f611774d9a87\" alt=\"\" \/><\/p>\n<div class=\"gallery-i-caption\"><\/div>\n<\/div>\n<div class=\"gallery-i\"><img src=\"https:\/\/cdn.oxu.az\/uploads\/W1siZiIsIjIwMjEvMTEvMDgvMTEvMDkvMzUvNzc3YjVjZTEtY2VkNC00Njc3LWE1YmMtNGViMDI0ZjE0OTJjL0ZEcGxva29YTUFFRWdpNC5qcGciXSxbInAiLCJlbmNvZGUiLCJqcGciLCItcXVhbGl0eSA4MCJdLFsicCIsInRodW1iIiwiNTkweDU5MFx1MDAzZSJdXQ?sha=5e15e24cf5bcd540\" alt=\"\" \/><\/div>\n<\/div>\n","protected":false},"excerpt":{"rendered":"<p>T\u00fcrkiy\u0259nin Milli M\u00fcdafi\u0259 naziri Hulusi Akar ba\u015fda olmaqla qarda\u015f \u00f6lk\u0259d\u0259n g\u0259l\u0259n n\u00fcmay\u0259nd\u0259 hey\u0259ti Bak\u0131da Heyd\u0259r \u018fliyev M\u0259rk\u0259zind\u0259 Z\u0259f\u0259r G\u00fcn\u00fc m\u00fcnasib\u0259til\u0259 ke\u00e7iril\u0259n bayram t\u0259dbirind\u0259 i\u015ftirak edib. T\u0259dbird\u0259 \u00e7\u0131x\u0131\u015f ed\u0259n t\u00fcrkiy\u0259li nazir bu q\u00fcrur g\u00fcn\u00fcnd\u0259 can qarda\u015flar\u0131 il\u0259 bir yerd\u0259 olma\u011f\u0131n sevincini ifad\u0259 edib. \u201c\u00c7ox \u015f\u00fck\u00fcr, Qaraba\u011f bu g\u00fcn azadd\u0131r\u2026 Az\u0259rbaycan xalq\u0131 ke\u00e7irdiyi \u00e7\u0259tinlikl\u0259r qar\u015f\u0131s\u0131nda t\u0259slim olmad\u0131, \u201cart\u0131q b\u0259sdir\u201d dey\u0259r\u0259k V\u0259t\u0259nin\u0259, haqq\u0131na, h\u00fcququna, \u00f6z torpaqlar\u0131na sahib \u00e7\u0131xd\u0131\u201d, &#8211; dey\u0259 nazir bildirib. Qaraba\u011f\u0131n azad edilm\u0259sind\u0259 \u0259n b\u00f6y\u00fck pay\u0131 olan \u015f\u0259hidl\u0259rimiz\u0259 r\u0259hm\u0259t, qazil\u0259r\u0259 is\u0259 tezlikl\u0259 \u015f\u0259fa dil\u0259y\u0259n nazir adlar\u0131 \u015fanl\u0131 tariximizin \u0259n m\u00fcst\u0259sna s\u0259hif\u0259l\u0259rin\u0259&hellip;<\/p>\n","protected":false},"author":2,"featured_media":401192,"comment_status":"closed","ping_status":"closed","sticky":false,"template":"","format":"standard","meta":{"om_disable_all_campaigns":false,"_monsterinsights_skip_tracking":false,"_monsterinsights_sitenote_active":false,"_monsterinsights_sitenote_note":"","_monsterinsights_sitenote_category":0},"categories":[4],"tags":[],"aioseo_notices":[],"gutentor_comment":0,"rttpg_featured_image_url":{"full":["https:\/\/arantv.az\/wp-content\/uploads\/2021\/11\/FDplqjtX0AExMBU.jpg",620,413,false],"landscape":["https:\/\/arantv.az\/wp-content\/uploads\/2021\/11\/FDplqjtX0AExMBU.jpg",620,413,false],"portraits":["https:\/\/arantv.az\/wp-content\/uploads\/2021\/11\/FDplqjtX0AExMBU.jpg",620,413,false],"thumbnail":["https:\/\/arantv.az\/wp-content\/uploads\/2021\/11\/FDplqjtX0AExMBU-500x280.jpg",500,280,true],"medium":["https:\/\/arantv.az\/wp-content\/uploads\/2021\/11\/FDplqjtX0AExMBU-548x365.jpg",548,365,true],"large":["https:\/\/arantv.az\/wp-content\/uploads\/2021\/11\/FDplqjtX0AExMBU.jpg",620,413,false],"1536x1536":["https:\/\/arantv.az\/wp-content\/uploads\/2021\/11\/FDplqjtX0AExMBU.jpg",620,413,false],"2048x2048":["https:\/\/arantv.az\/wp-content\/uploads\/2021\/11\/FDplqjtX0AExMBU.jpg",620,413,false],"post-thumbnail":["https:\/\/arantv.az\/wp-content\/uploads\/2021\/11\/FDplqjtX0AExMBU-240x172.jpg",240,172,true],"advps-thumb-one":["https:\/\/arantv.az\/wp-content\/uploads\/2021\/11\/FDplqjtX0AExMBU.jpg",620,413,false]},"rttpg_author":{"display_name":"V\u00fcsal Rafiqo\u011flu","author_link":"https:\/\/arantv.az\/?author=2"},"rttpg_comment":0,"rttpg_category":"<a href=\"https:\/\/arantv.az\/?cat=4\" rel=\"category\">Siyas\u0259t<\/a>","rttpg_excerpt":"T\u00fcrkiy\u0259nin Milli M\u00fcdafi\u0259 naziri Hulusi Akar ba\u015fda olmaqla qarda\u015f \u00f6lk\u0259d\u0259n g\u0259l\u0259n n\u00fcmay\u0259nd\u0259 hey\u0259ti Bak\u0131da Heyd\u0259r \u018fliyev M\u0259rk\u0259zind\u0259 Z\u0259f\u0259r G\u00fcn\u00fc m\u00fcnasib\u0259til\u0259 ke\u00e7iril\u0259n bayram t\u0259dbirind\u0259 i\u015ftirak edib. T\u0259dbird\u0259 \u00e7\u0131x\u0131\u015f ed\u0259n t\u00fcrkiy\u0259li nazir bu q\u00fcrur g\u00fcn\u00fcnd\u0259 can qarda\u015flar\u0131 il\u0259 bir yerd\u0259 olma\u011f\u0131n sevincini ifad\u0259 edib. \u201c\u00c7ox \u015f\u00fck\u00fcr, Qaraba\u011f bu g\u00fcn azadd\u0131r\u2026 Az\u0259rbaycan xalq\u0131 ke\u00e7irdiyi \u00e7\u0259tinlikl\u0259r qar\u015f\u0131s\u0131nda t\u0259slim olmad\u0131,&hellip;","_links":{"self":[{"href":"https:\/\/arantv.az\/index.php?rest_route=\/wp\/v2\/posts\/401191"}],"collection":[{"href":"https:\/\/arantv.az\/index.php?rest_route=\/wp\/v2\/posts"}],"about":[{"href":"https:\/\/arantv.az\/index.php?rest_route=\/wp\/v2\/types\/post"}],"author":[{"embeddable":true,"href":"https:\/\/arantv.az\/index.php?rest_route=\/wp\/v2\/users\/2"}],"replies":[{"embeddable":true,"href":"https:\/\/arantv.az\/index.php?rest_route=%2Fwp%2Fv2%2Fcomments&post=401191"}],"version-history":[{"count":0,"href":"https:\/\/arantv.az\/index.php?rest_route=\/wp\/v2\/posts\/401191\/revisions"}],"wp:featuredmedia":[{"embeddable":true,"href":"https:\/\/arantv.az\/index.php?rest_route=\/wp\/v2\/media\/401192"}],"wp:attachment":[{"href":"https:\/\/arantv.az\/index.php?rest_route=%2Fwp%2Fv2%2Fmedia&parent=401191"}],"wp:term":[{"taxonomy":"category","embeddable":true,"href":"https:\/\/arantv.az\/index.php?rest_route=%2Fwp%2Fv2%2Fcategories&post=401191"},{"taxonomy":"post_tag","embeddable":true,"href":"https:\/\/arantv.az\/index.php?rest_route=%2Fwp%2Fv2%2Ftags&post=401191"}],"curies":[{"name":"wp","href":"https:\/\/api.w.org\/{rel}","templated":true}]}}