{"id":401194,"date":"2021-11-08T12:31:31","date_gmt":"2021-11-08T09:31:31","guid":{"rendered":"http:\/\/arantv.az\/?p=401194"},"modified":"2021-11-08T12:31:31","modified_gmt":"2021-11-08T09:31:31","slug":"polad-h%c9%99simovun-anasi-onun-yolu-il%c9%99-minl%c9%99rl%c9%99-g%c9%99nc-c%c9%99bh%c9%99y%c9%99-can-atdi-video","status":"publish","type":"post","link":"https:\/\/arantv.az\/?p=401194","title":{"rendered":"Polad H\u0259\u015fimovun anas\u0131: \u201cOnun yolu il\u0259 minl\u0259rl\u0259 g\u0259nc c\u0259bh\u0259y\u0259 can atd\u0131\u201d &#8211; V\u0130DEO"},"content":{"rendered":"<p>Qanlar\u0131 il\u0259 Z\u0259f\u0259r tarixini yazan q\u0259hr\u0259manlard\u0131r \u015f\u0259hidl\u0259r. Onlardan biri d\u0259 general-mayor Polad H\u0259\u015fimovdur. 2020-ci il iyul hadis\u0259l\u0259ri zaman\u0131 Polad H\u0259\u015fimovun \u015f\u0259had\u0259ti bizi 44 g\u00fcnl\u00fck m\u00fcharib\u0259y\u0259 v\u0259 bu sava\u015fdak\u0131 haql\u0131 q\u0259l\u0259b\u0259miz\u0259 bir az da yax\u0131nla\u015fd\u0131rd\u0131. Polad H\u0259\u015fimovun \u015f\u0259hidlik zirv\u0259sin\u0259 ucalmas\u0131 xalqa \u00f6z haqq\u0131ndan, h\u00fcququndan istifad\u0259 etm\u0259y\u0259 bir v\u0259sil\u0259 oldu.<\/p>\n<p>T\u0259sad\u00fcfi deyil ki, 2020-ci il sentyabr\u0131n 27-d\u0259 erm\u0259nil\u0259rin Az\u0259rbaycana qar\u015f\u0131 n\u00f6vb\u0259ti t\u0259xribat\u0131 v\u0259 buna cavab olaraq ba\u015flayan antiterror \u0259m\u0259liyyat\u0131 zaman\u0131 Polad H\u0259\u015fimovun yolu il\u0259 minl\u0259rl\u0259 g\u0259nc c\u0259bh\u0259y\u0259 can atd\u0131. M\u0259hz h\u0259min g\u0259ncl\u0259r d\u00f6y\u00fc\u015fl\u0259rin sonunda \u015f\u0259hid general\u0131m\u0131z\u0131n qisas\u0131n\u0131 ald\u0131lar. Polad H\u0259\u015fimovun ad\u0131na mahn\u0131lar yaz\u0131ld\u0131, haqq\u0131nda kitablar n\u0259\u015fr edildi, onun q\u0259hr\u0259manl\u0131\u011f\u0131 dill\u0259rd\u0259 dastan oldu.<\/p>\n<p>Az\u0259rbaycan\u0131n Milli Q\u0259hr\u0259man\u0131, general-mayor Polad H\u0259\u015fimovun anas\u0131 S\u0259may\u0259 H\u0259\u015fimova 44 g\u00fcnl\u00fck sava\u015f\u0131n, bu sava\u015f\u0131n sonunda \u0259ld\u0259 edil\u0259n \u015fanl\u0131 q\u0259l\u0259b\u0259nin \u0259h\u0259miyy\u0259tind\u0259n dan\u0131\u015f\u0131b.<\/p>\n<div id=\"AdviadNativeVideo0\" class=\"AdviadNativeVideo\"><\/div>\n<p>General\u0131n anas\u0131 deyir ki, Az\u0259rbaycan d\u00f6vl\u0259ti bu q\u0259l\u0259b\u0259ni \u015f\u0259hidl\u0259rin qan\u0131, can\u0131 bahas\u0131na \u0259ld\u0259 edib. Biz q\u0259l\u0259b\u0259ni h\u0259rbi texnika il\u0259 yana\u015f\u0131, Az\u0259rbaycan Ordusunun y\u00fcks\u0259k d\u00f6y\u00fc\u015f bacar\u0131\u011f\u0131, M\u00fcz\u0259ff\u0259r Ali Ba\u015f Komandan\u0131n irad\u0259si, g\u0259ncl\u0259rin V\u0259t\u0259n sevgisi il\u0259 t\u0259min etdik. Bu v\u0259t\u0259nin v\u0259t\u0259nda\u015f\u0131 olmaq olduqca m\u0259suliyy\u0259tli v\u0259 \u015f\u0259r\u0259flidir.<\/p>\n<p>Art\u0131q bir ildir ki, onun ail\u0259si, do\u011fuldu\u011fu torpaq, uyudu\u011fu \u0130kinci F\u0259xri xiyaban insanlar\u0131n ziyar\u0259t yerin\u0259 \u00e7evrilib. T\u0259sad\u00fcfi deyil ki, Polad H\u0259\u015fimov \u00f6l\u00fcm\u00fcnd\u0259n sonra qalib \u0259sg\u0259rl\u0259rl\u0259 birg\u0259 Az\u0259rbaycan\u0131n \u0259n y\u00fcks\u0259k f\u0259xri ad\u0131na, Milli Q\u0259hr\u0259man ad\u0131na layiq g\u00f6r\u00fcl\u00fcb. 45 ya\u015f\u0131nda xalq\u0131n g\u00f6z\u00fcnd\u0259 \u0259fsan\u0259y\u0259 \u00e7evrilm\u0259k, Az\u0259rbaycan h\u0259rb tarixin\u0259 ad\u0131n\u0131 q\u0131z\u0131l h\u0259rfl\u0259rl\u0259 yazd\u0131rmaq h\u0259r k\u0259s\u0259 n\u0259sib olmur. Amma Polad H\u0259\u015fimov bunu bacard\u0131.<\/p>\n<p>\u018ftrafl\u0131 Baku TV-nin s\u00fcjetini t\u0259qdim edirik:<\/p>\n<div><iframe loading=\"lazy\" title=\"YouTube video player\" src=\"https:\/\/www.youtube.com\/embed\/vaWQ7kT7hMY\" width=\"560\" height=\"315\" frameborder=\"0\" allowfullscreen=\"allowfullscreen\" data-mce-fragment=\"1\"><\/iframe><\/div>\n<p>&nbsp;<\/p>\n","protected":false},"excerpt":{"rendered":"<p>Qanlar\u0131 il\u0259 Z\u0259f\u0259r tarixini yazan q\u0259hr\u0259manlard\u0131r \u015f\u0259hidl\u0259r. Onlardan biri d\u0259 general-mayor Polad H\u0259\u015fimovdur. 2020-ci il iyul hadis\u0259l\u0259ri zaman\u0131 Polad H\u0259\u015fimovun \u015f\u0259had\u0259ti bizi 44 g\u00fcnl\u00fck m\u00fcharib\u0259y\u0259 v\u0259 bu sava\u015fdak\u0131 haql\u0131 q\u0259l\u0259b\u0259miz\u0259 bir az da yax\u0131nla\u015fd\u0131rd\u0131. Polad H\u0259\u015fimovun \u015f\u0259hidlik zirv\u0259sin\u0259 ucalmas\u0131 xalqa \u00f6z haqq\u0131ndan, h\u00fcququndan istifad\u0259 etm\u0259y\u0259 bir v\u0259sil\u0259 oldu. T\u0259sad\u00fcfi deyil ki, 2020-ci il sentyabr\u0131n 27-d\u0259 erm\u0259nil\u0259rin Az\u0259rbaycana qar\u015f\u0131 n\u00f6vb\u0259ti t\u0259xribat\u0131 v\u0259 buna cavab olaraq ba\u015flayan antiterror \u0259m\u0259liyyat\u0131 zaman\u0131 Polad H\u0259\u015fimovun yolu il\u0259 minl\u0259rl\u0259 g\u0259nc c\u0259bh\u0259y\u0259 can atd\u0131. M\u0259hz h\u0259min g\u0259ncl\u0259r d\u00f6y\u00fc\u015fl\u0259rin sonunda \u015f\u0259hid general\u0131m\u0131z\u0131n qisas\u0131n\u0131 ald\u0131lar. Polad H\u0259\u015fimovun ad\u0131na mahn\u0131lar&hellip;<\/p>\n","protected":false},"author":2,"featured_media":216538,"comment_status":"closed","ping_status":"closed","sticky":false,"template":"","format":"standard","meta":{"om_disable_all_campaigns":false,"_monsterinsights_skip_tracking":false,"_monsterinsights_sitenote_active":false,"_monsterinsights_sitenote_note":"","_monsterinsights_sitenote_category":0},"categories":[26],"tags":[],"aioseo_notices":[],"gutentor_comment":0,"rttpg_featured_image_url":{"full":["https:\/\/arantv.az\/wp-content\/uploads\/2020\/09\/polad.jpg",551,465,false],"landscape":["https:\/\/arantv.az\/wp-content\/uploads\/2020\/09\/polad.jpg",551,465,false],"portraits":["https:\/\/arantv.az\/wp-content\/uploads\/2020\/09\/polad.jpg",551,465,false],"thumbnail":["https:\/\/arantv.az\/wp-content\/uploads\/2020\/09\/polad-150x150.jpg",150,150,true],"medium":["https:\/\/arantv.az\/wp-content\/uploads\/2020\/09\/polad-300x253.jpg",300,253,true],"large":["https:\/\/arantv.az\/wp-content\/uploads\/2020\/09\/polad.jpg",551,465,false],"1536x1536":["https:\/\/arantv.az\/wp-content\/uploads\/2020\/09\/polad.jpg",551,465,false],"2048x2048":["https:\/\/arantv.az\/wp-content\/uploads\/2020\/09\/polad.jpg",551,465,false],"post-thumbnail":["https:\/\/arantv.az\/wp-content\/uploads\/2020\/09\/polad-240x172.jpg",240,172,true],"advps-thumb-one":["https:\/\/arantv.az\/wp-content\/uploads\/2020\/09\/polad.jpg",551,465,false]},"rttpg_author":{"display_name":"V\u00fcsal Rafiqo\u011flu","author_link":"https:\/\/arantv.az\/?author=2"},"rttpg_comment":0,"rttpg_category":"<a href=\"https:\/\/arantv.az\/?cat=26\" rel=\"category\">Sosial<\/a>","rttpg_excerpt":"Qanlar\u0131 il\u0259 Z\u0259f\u0259r tarixini yazan q\u0259hr\u0259manlard\u0131r \u015f\u0259hidl\u0259r. Onlardan biri d\u0259 general-mayor Polad H\u0259\u015fimovdur. 2020-ci il iyul hadis\u0259l\u0259ri zaman\u0131 Polad H\u0259\u015fimovun \u015f\u0259had\u0259ti bizi 44 g\u00fcnl\u00fck m\u00fcharib\u0259y\u0259 v\u0259 bu sava\u015fdak\u0131 haql\u0131 q\u0259l\u0259b\u0259miz\u0259 bir az da yax\u0131nla\u015fd\u0131rd\u0131. Polad H\u0259\u015fimovun \u015f\u0259hidlik zirv\u0259sin\u0259 ucalmas\u0131 xalqa \u00f6z haqq\u0131ndan, h\u00fcququndan istifad\u0259 etm\u0259y\u0259 bir v\u0259sil\u0259 oldu. T\u0259sad\u00fcfi deyil ki, 2020-ci il sentyabr\u0131n 27-d\u0259&hellip;","_links":{"self":[{"href":"https:\/\/arantv.az\/index.php?rest_route=\/wp\/v2\/posts\/401194"}],"collection":[{"href":"https:\/\/arantv.az\/index.php?rest_route=\/wp\/v2\/posts"}],"about":[{"href":"https:\/\/arantv.az\/index.php?rest_route=\/wp\/v2\/types\/post"}],"author":[{"embeddable":true,"href":"https:\/\/arantv.az\/index.php?rest_route=\/wp\/v2\/users\/2"}],"replies":[{"embeddable":true,"href":"https:\/\/arantv.az\/index.php?rest_route=%2Fwp%2Fv2%2Fcomments&post=401194"}],"version-history":[{"count":0,"href":"https:\/\/arantv.az\/index.php?rest_route=\/wp\/v2\/posts\/401194\/revisions"}],"wp:featuredmedia":[{"embeddable":true,"href":"https:\/\/arantv.az\/index.php?rest_route=\/wp\/v2\/media\/216538"}],"wp:attachment":[{"href":"https:\/\/arantv.az\/index.php?rest_route=%2Fwp%2Fv2%2Fmedia&parent=401194"}],"wp:term":[{"taxonomy":"category","embeddable":true,"href":"https:\/\/arantv.az\/index.php?rest_route=%2Fwp%2Fv2%2Fcategories&post=401194"},{"taxonomy":"post_tag","embeddable":true,"href":"https:\/\/arantv.az\/index.php?rest_route=%2Fwp%2Fv2%2Ftags&post=401194"}],"curies":[{"name":"wp","href":"https:\/\/api.w.org\/{rel}","templated":true}]}}