{"id":401238,"date":"2021-11-08T12:53:38","date_gmt":"2021-11-08T09:53:38","guid":{"rendered":"http:\/\/arantv.az\/?p=401238"},"modified":"2021-11-08T12:53:38","modified_gmt":"2021-11-08T09:53:38","slug":"z%c9%99f%c9%99r-gunu","status":"publish","type":"post","link":"https:\/\/arantv.az\/?p=401238","title":{"rendered":"Z\u0259f\u0259r G\u00fcn\u00fc"},"content":{"rendered":"<div class=\"content lead font-weight-normal\">\n<p><strong>ARANTV.AZ\u00a0 x\u0259b\u0259r verir ki,<\/strong>\u00a0\u00a0saat 10-da h\u0259rbi orkestrin m\u00fc\u015fayi\u0259ti il\u0259 ba\u015flayan y\u00fcr\u00fc\u015f Azneft dair\u0259sind\u0259n \u201cA\u011f \u015f\u0259h\u0259r\u201d bulvar\u0131nad\u0259k davam ed\u0259c\u0259k.<\/p>\n<p>Heyd\u0259r \u018fliyev ad\u0131na Az\u0259rbaycan Ali H\u0259rbi M\u0259kt\u0259binin kursantlar\u0131 is\u0259 Az\u0259rbaycan bayra\u011f\u0131n\u0131 y\u00fcr\u00fc\u015f mar\u015frutu \u00fczr\u0259 apar\u0131rlar. Y\u00fcr\u00fc\u015f\u00fc s\u00fcvari d\u0259st\u0259si m\u00fc\u015fayi\u0259t edir..<\/p>\n<p>\u201cA\u011f \u015f\u0259h\u0259r\u201d bulvar\u0131nad\u0259k davam ed\u0259n y\u00fcr\u00fc\u015f \u201cRegional \u0130nki\u015faf\u201d \u0130ctimai Birliyinin d\u0259st\u0259yi il\u0259 t\u0259\u015fkil olunan fla\u015fmobla ba\u015fa \u00e7atacaq.<\/p>\n<p>Qeyd ed\u0259k ki, Prezident \u0130lham \u018fliyevin 2020-ci il dekabr\u0131n 3-d\u0259 imzalad\u0131\u011f\u0131 &#8220;Az\u0259rbaycan Respublikas\u0131nda Z\u0259f\u0259r G\u00fcn\u00fcn\u00fcn t\u0259sis edilm\u0259si haqq\u0131nda&#8221; s\u0259r\u0259ncama \u0259sas\u0259n 8 Noyabr Az\u0259rbaycanda Z\u0259f\u0259r G\u00fcn\u00fcd\u00fcr.<\/p>\n<p>2020-ci il sentyabr\u0131n 27-d\u0259 Erm\u0259nistan silahl\u0131 q\u00fcvv\u0259l\u0259rinin c\u0259bh\u0259boyu geni\u015fmiqyasl\u0131 t\u0259xribat t\u00f6r\u0259tm\u0259sin\u0259 cavab olaraq Az\u0259rbaycan Ordusu sonradan \u201cD\u0259mir yumruq\u201d adland\u0131r\u0131lan \u0259ks-h\u00fccum \u0259m\u0259liyyat\u0131na ba\u015flad\u0131. 44 g\u00fcn davam ed\u0259n V\u0259t\u0259n m\u00fcharib\u0259si t\u0259xmin\u0259n otuzillik i\u015f\u011fala son qoyulmas\u0131 v\u0259 \u0259razi b\u00fct\u00f6vl\u00fcy\u00fcm\u00fcz\u00fcn b\u0259rpas\u0131 il\u0259 n\u0259tic\u0259l\u0259ndi.<\/p>\n<p>H\u0259r bir az\u0259rbaycanl\u0131 \u00fc\u00e7\u00fcn \u0259ziz olan Qaraba\u011f\u0131n incisi \u015eu\u015fa \u015f\u0259h\u0259rinin noyabr\u0131n 8-d\u0259 iyirmi s\u0259kkiz illik \u0259sar\u0259td\u0259n qurtar\u0131lmas\u0131 m\u00fcharib\u0259nin taleyind\u0259 h\u0259lledici rol oynad\u0131, d\u00fc\u015fm\u0259nin siyasi-h\u0259rbi r\u0259hb\u0259rliyinin m\u0259\u011flubiyy\u0259ti etiraf etm\u0259sin\u0259 v\u0259 h\u0259rbi \u0259m\u0259liyyatlar\u0131 dayand\u0131rmas\u0131na s\u0259b\u0259b oldu.<\/p>\n<p>\u015eu\u015fan\u0131n i\u015f\u011faldan azad edilm\u0259si \u0259m\u0259liyyat\u0131 tarixd\u0259 \u0259b\u0259di qalacaq. Qaraba\u011f\u0131n tac\u0131, d\u00f6y\u00fcn\u0259n \u00fcr\u0259yi \u015eu\u015fa t\u0259bii istehkam oldu\u011fundan \u015f\u0259h\u0259r\u0259 tanklarla, yaxud dig\u0259r a\u011f\u0131r silahlarla girm\u0259k m\u00fcmk\u00fcn deyildi. Onu alma\u011f\u0131n iki variant\u0131 vard\u0131. Birinci halda \u015f\u0259h\u0259rd\u0259ki d\u00fc\u015fm\u0259n q\u00fcvv\u0259l\u0259rini hava z\u0259rb\u0259l\u0259ri, top at\u0259\u015fl\u0259ri il\u0259 m\u0259hv etm\u0259k olard\u0131. Komandanl\u0131q buna getm\u0259di. \u00c7\u00fcnki \u015f\u0259h\u0259rin bombardman edilm\u0259si b\u00f6y\u00fck da\u011f\u0131nt\u0131lara s\u0259b\u0259b olacaqd\u0131. Buna g\u00f6r\u0259 d\u0259 alternativ variant kimi \u0259lb\u0259yaxa d\u00f6y\u00fc\u015f taktikas\u0131 se\u00e7ildi. Q\u0259hr\u0259man \u0259sg\u0259r v\u0259 zabitl\u0259rimiz y\u00fcng\u00fcl silahlarla qal\u0131n me\u015f\u0259l\u0259rd\u0259n, qayalar, da\u011flar a\u015faraq d\u00fc\u015fm\u0259ni \u00fczb\u0259\u00fcz d\u00f6y\u00fc\u015fd\u0259 m\u0259hv etdi.<\/p>\n<p>\u015eu\u015fa \u015f\u0259h\u0259rinin v\u0259 onun i\u015f\u011faldan azad edilm\u0259sinin tarixi \u0259h\u0259miyy\u0259ti n\u0259z\u0259r\u0259 al\u0131naraq, xalq\u0131m\u0131z\u0131n d\u00f6y\u00fc\u015f \u0259zminin v\u0259 q\u00fcdr\u0259tinin t\u0259nt\u0259n\u0259sin\u0259 \u00e7evril\u0259n, d\u00f6vl\u0259timizin g\u0259l\u0259c\u0259k inki\u015faf\u0131 v\u0259 n\u00fcfuzu bax\u0131m\u0131ndan m\u00fcst\u0259sna \u0259h\u0259miyy\u0259t k\u0259sb ed\u0259n bu misilsiz q\u0259l\u0259b\u0259 &#8211; Z\u0259f\u0259r G\u00fcn\u00fc h\u0259r il noyabr\u0131n 8-d\u0259 t\u0259nt\u0259n\u0259li \u015f\u0259kild\u0259 qeyd edilir.<\/p>\n<div class=\"clearfix\"><\/div>\n<\/div>\n<div class=\"fotorama--hidden\"><\/div>\n<div id=\"galleryList\" class=\"fotorama fotorama1636365165906\" data-nav=\"thumbs\" data-width=\"100%\" data-thumbwidth=\"90\" data-thumbheight=\"60\" data-allowfullscreen=\"true\" data-autoplay=\"3000\" data-ratio=\"1.5\" data-keyboard=\"true\" data-fit=\"contain\">\n<div class=\"fotorama__wrap fotorama__wrap--css3 fotorama__wrap--slide fotorama__wrap--toggle-arrows fotorama__wrap--no-controls\">\n<div class=\"fotorama__stage fotorama__pointer\">\n<div class=\"fotorama__fullscreen-icon\" tabindex=\"0\" role=\"button\"><\/div>\n<div class=\"fotorama__stage__shaft\">\n<div class=\"fotorama__stage__frame fotorama__loaded fotorama__loaded--img\"><img class=\"fotorama__img\" src=\"https:\/\/ikisahil.az\/photo\/0x0_2\/upload\/gallery\/2021\/11\/08\/-bf5cd8b2163635314757205159810437952.jpg\" \/><\/div>\n<div class=\"fotorama__stage__frame fotorama__loaded fotorama__loaded--img fotorama__active\"><img class=\"fotorama__img\" src=\"https:\/\/ikisahil.az\/photo\/0x0_2\/upload\/gallery\/2021\/11\/08\/-1dc3a89d163635314897558664910614360.jpg\" \/><\/div>\n<\/div>\n<div class=\"fotorama__arr fotorama__arr--prev\" tabindex=\"0\" role=\"button\"><\/div>\n<div class=\"fotorama__arr fotorama__arr--next fotorama__arr--disabled\" tabindex=\"-1\" role=\"button\"><\/div>\n<div class=\"fotorama__video-close\"><\/div>\n<\/div>\n<div class=\"fotorama__nav-wrap\">\n<div class=\"fotorama__nav fotorama__nav--thumbs\">\n<div class=\"fotorama__nav__shaft\">\n<div class=\"fotorama__thumb-border\"><\/div>\n<div class=\"fotorama__nav__frame fotorama__nav__frame--thumb\" tabindex=\"0\" role=\"button\">\n<div class=\"fotorama__thumb fotorama__loaded fotorama__loaded--img\"><img class=\"fotorama__img\" src=\"https:\/\/ikisahil.az\/photo\/150x100_2\/upload\/gallery\/2021\/11\/08\/-5ef78f63163635314719295226010905765.jpg\" \/><\/div>\n<\/div>\n<div class=\"fotorama__nav__frame fotorama__nav__frame--thumb\" tabindex=\"0\" role=\"button\">\n<div class=\"fotorama__thumb fotorama__loaded fotorama__loaded--img\"><img class=\"fotorama__img\" src=\"https:\/\/ikisahil.az\/photo\/150x100_2\/upload\/gallery\/2021\/11\/08\/-1ce4fe0416363531477450194771029116.jpg\" \/><\/div>\n<\/div>\n<div class=\"fotorama__nav__frame fotorama__nav__frame--thumb\" tabindex=\"0\" role=\"button\">\n<div class=\"fotorama__thumb fotorama__loaded fotorama__loaded--img\"><img class=\"fotorama__img\" src=\"https:\/\/ikisahil.az\/photo\/150x100_2\/upload\/gallery\/2021\/11\/08\/-1c303b0e163635314781008111110416503.jpg\" \/><\/div>\n<\/div>\n<div class=\"fotorama__nav__frame fotorama__nav__frame--thumb\" tabindex=\"0\" role=\"button\">\n<div class=\"fotorama__thumb fotorama__loaded fotorama__loaded--img\"><img class=\"fotorama__img\" src=\"https:\/\/ikisahil.az\/photo\/150x100_2\/upload\/gallery\/2021\/11\/08\/-fb647ca6163635314765119996610069167.jpg\" \/><\/div>\n<\/div>\n<div class=\"fotorama__nav__frame fotorama__nav__frame--thumb\" tabindex=\"0\" role=\"button\">\n<div class=\"fotorama__thumb fotorama__loaded fotorama__loaded--img\"><img class=\"fotorama__img\" src=\"https:\/\/ikisahil.az\/photo\/150x100_2\/upload\/gallery\/2021\/11\/08\/-bf5cd8b2163635314757205159810437952.jpg\" \/><\/div>\n<\/div>\n<div class=\"fotorama__nav__frame fotorama__nav__frame--thumb fotorama__active\" tabindex=\"0\" role=\"button\">\n<div class=\"fotorama__thumb fotorama__loaded fotorama__loaded--img\"><img class=\"fotorama__img\" src=\"https:\/\/ikisahil.az\/photo\/150x100_2\/upload\/gallery\/2021\/11\/08\/-1dc3a89d163635314897558664910614360.jpg\" \/><\/div>\n<\/div>\n<\/div>\n<\/div>\n<\/div>\n<\/div>\n<\/div>\n<div class=\"sharing my-2 row no-gutters d-print-none\">\n<div class=\"col-md-3\"><\/div>\n<\/div>\n","protected":false},"excerpt":{"rendered":"<p>ARANTV.AZ\u00a0 x\u0259b\u0259r verir ki,\u00a0\u00a0saat 10-da h\u0259rbi orkestrin m\u00fc\u015fayi\u0259ti il\u0259 ba\u015flayan y\u00fcr\u00fc\u015f Azneft dair\u0259sind\u0259n \u201cA\u011f \u015f\u0259h\u0259r\u201d bulvar\u0131nad\u0259k davam ed\u0259c\u0259k. Heyd\u0259r \u018fliyev ad\u0131na Az\u0259rbaycan Ali H\u0259rbi M\u0259kt\u0259binin kursantlar\u0131 is\u0259 Az\u0259rbaycan bayra\u011f\u0131n\u0131 y\u00fcr\u00fc\u015f mar\u015frutu \u00fczr\u0259 apar\u0131rlar. Y\u00fcr\u00fc\u015f\u00fc s\u00fcvari d\u0259st\u0259si m\u00fc\u015fayi\u0259t edir.. \u201cA\u011f \u015f\u0259h\u0259r\u201d bulvar\u0131nad\u0259k davam ed\u0259n y\u00fcr\u00fc\u015f \u201cRegional \u0130nki\u015faf\u201d \u0130ctimai Birliyinin d\u0259st\u0259yi il\u0259 t\u0259\u015fkil olunan fla\u015fmobla ba\u015fa \u00e7atacaq. Qeyd ed\u0259k ki, Prezident \u0130lham \u018fliyevin 2020-ci il dekabr\u0131n 3-d\u0259 imzalad\u0131\u011f\u0131 &#8220;Az\u0259rbaycan Respublikas\u0131nda Z\u0259f\u0259r G\u00fcn\u00fcn\u00fcn t\u0259sis edilm\u0259si haqq\u0131nda&#8221; s\u0259r\u0259ncama \u0259sas\u0259n 8 Noyabr Az\u0259rbaycanda Z\u0259f\u0259r G\u00fcn\u00fcd\u00fcr. 2020-ci il sentyabr\u0131n 27-d\u0259 Erm\u0259nistan silahl\u0131 q\u00fcvv\u0259l\u0259rinin c\u0259bh\u0259boyu geni\u015fmiqyasl\u0131 t\u0259xribat&hellip;<\/p>\n","protected":false},"author":2,"featured_media":401239,"comment_status":"closed","ping_status":"closed","sticky":false,"template":"","format":"standard","meta":{"om_disable_all_campaigns":false,"_monsterinsights_skip_tracking":false,"_monsterinsights_sitenote_active":false,"_monsterinsights_sitenote_note":"","_monsterinsights_sitenote_category":0},"categories":[4],"tags":[],"aioseo_notices":[],"gutentor_comment":0,"rttpg_featured_image_url":{"full":["https:\/\/arantv.az\/wp-content\/uploads\/2021\/11\/90e13578163635178163835931710425572.jpg",975,540,false],"landscape":["https:\/\/arantv.az\/wp-content\/uploads\/2021\/11\/90e13578163635178163835931710425572.jpg",975,540,false],"portraits":["https:\/\/arantv.az\/wp-content\/uploads\/2021\/11\/90e13578163635178163835931710425572.jpg",975,540,false],"thumbnail":["https:\/\/arantv.az\/wp-content\/uploads\/2021\/11\/90e13578163635178163835931710425572-500x280.jpg",500,280,true],"medium":["https:\/\/arantv.az\/wp-content\/uploads\/2021\/11\/90e13578163635178163835931710425572-660x365.jpg",660,365,true],"large":["https:\/\/arantv.az\/wp-content\/uploads\/2021\/11\/90e13578163635178163835931710425572-840x465.jpg",640,354,true],"1536x1536":["https:\/\/arantv.az\/wp-content\/uploads\/2021\/11\/90e13578163635178163835931710425572.jpg",975,540,false],"2048x2048":["https:\/\/arantv.az\/wp-content\/uploads\/2021\/11\/90e13578163635178163835931710425572.jpg",975,540,false],"post-thumbnail":["https:\/\/arantv.az\/wp-content\/uploads\/2021\/11\/90e13578163635178163835931710425572-240x172.jpg",240,172,true],"advps-thumb-one":["https:\/\/arantv.az\/wp-content\/uploads\/2021\/11\/90e13578163635178163835931710425572.jpg",975,540,false]},"rttpg_author":{"display_name":"V\u00fcsal Rafiqo\u011flu","author_link":"https:\/\/arantv.az\/?author=2"},"rttpg_comment":0,"rttpg_category":"<a href=\"https:\/\/arantv.az\/?cat=4\" rel=\"category\">Siyas\u0259t<\/a>","rttpg_excerpt":"ARANTV.AZ\u00a0 x\u0259b\u0259r verir ki,\u00a0\u00a0saat 10-da h\u0259rbi orkestrin m\u00fc\u015fayi\u0259ti il\u0259 ba\u015flayan y\u00fcr\u00fc\u015f Azneft dair\u0259sind\u0259n \u201cA\u011f \u015f\u0259h\u0259r\u201d bulvar\u0131nad\u0259k davam ed\u0259c\u0259k. Heyd\u0259r \u018fliyev ad\u0131na Az\u0259rbaycan Ali H\u0259rbi M\u0259kt\u0259binin kursantlar\u0131 is\u0259 Az\u0259rbaycan bayra\u011f\u0131n\u0131 y\u00fcr\u00fc\u015f mar\u015frutu \u00fczr\u0259 apar\u0131rlar. Y\u00fcr\u00fc\u015f\u00fc s\u00fcvari d\u0259st\u0259si m\u00fc\u015fayi\u0259t edir.. \u201cA\u011f \u015f\u0259h\u0259r\u201d bulvar\u0131nad\u0259k davam ed\u0259n y\u00fcr\u00fc\u015f \u201cRegional \u0130nki\u015faf\u201d \u0130ctimai Birliyinin d\u0259st\u0259yi il\u0259 t\u0259\u015fkil olunan fla\u015fmobla ba\u015fa \u00e7atacaq.&hellip;","_links":{"self":[{"href":"https:\/\/arantv.az\/index.php?rest_route=\/wp\/v2\/posts\/401238"}],"collection":[{"href":"https:\/\/arantv.az\/index.php?rest_route=\/wp\/v2\/posts"}],"about":[{"href":"https:\/\/arantv.az\/index.php?rest_route=\/wp\/v2\/types\/post"}],"author":[{"embeddable":true,"href":"https:\/\/arantv.az\/index.php?rest_route=\/wp\/v2\/users\/2"}],"replies":[{"embeddable":true,"href":"https:\/\/arantv.az\/index.php?rest_route=%2Fwp%2Fv2%2Fcomments&post=401238"}],"version-history":[{"count":0,"href":"https:\/\/arantv.az\/index.php?rest_route=\/wp\/v2\/posts\/401238\/revisions"}],"wp:featuredmedia":[{"embeddable":true,"href":"https:\/\/arantv.az\/index.php?rest_route=\/wp\/v2\/media\/401239"}],"wp:attachment":[{"href":"https:\/\/arantv.az\/index.php?rest_route=%2Fwp%2Fv2%2Fmedia&parent=401238"}],"wp:term":[{"taxonomy":"category","embeddable":true,"href":"https:\/\/arantv.az\/index.php?rest_route=%2Fwp%2Fv2%2Fcategories&post=401238"},{"taxonomy":"post_tag","embeddable":true,"href":"https:\/\/arantv.az\/index.php?rest_route=%2Fwp%2Fv2%2Ftags&post=401238"}],"curies":[{"name":"wp","href":"https:\/\/api.w.org\/{rel}","templated":true}]}}