{"id":401678,"date":"2021-11-09T09:39:32","date_gmt":"2021-11-09T06:39:32","guid":{"rendered":"http:\/\/arantv.az\/?p=401678"},"modified":"2021-11-09T09:39:32","modified_gmt":"2021-11-09T06:39:32","slug":"onlar-prezidenti-birinci-xanimi-v%c9%99-xalqi-bel%c9%99-t%c9%99brik-etdil%c9%99r-video","status":"publish","type":"post","link":"https:\/\/arantv.az\/?p=401678","title":{"rendered":"Onlar Prezidenti, birinci xan\u0131m\u0131 v\u0259 xalq\u0131 bel\u0259 t\u0259brik etdil\u0259r &#8211; V\u0130DEO"},"content":{"rendered":"<p>&#8220;\u0130MZA&#8221; Sosial \u0130nki\u015fafa D\u0259st\u0259k \u0130ctimai Birliyinin Beyn\u0259lxalq v\u0259 \u0130ctimaiyy\u0259tl\u0259 \u0259laq\u0259l\u0259r departamentinin direktoru Elnar M\u0259mm\u0259dlinin Musavat.com -a verdiyi m\u0259lumata g\u00f6r\u0259 bu \u0130ctimai Birlik 8 noyabr Z\u0259f\u0259r g\u00fcn\u00fc il\u0259 \u0259laq\u0259dar tan\u0131nm\u0131\u015f simalar\u0131n bayram m\u00fcraci\u0259tl\u0259ri \u0259sas\u0131nda x\u00fcsusi video t\u0259brik haz\u0131rlay\u0131b.<\/p>\n<p>M\u00fcraci\u0259tl\u0259rind\u0259 &#8220;\u0130MZA&#8221;- \u00e7\u0131lar ad\u0131ndan \u0130B-nin s\u0259dri X\u0259yyam \u018fsg\u0259rov, o c\u00fcml\u0259d\u0259n d\u00fcnyan\u0131n m\u00fcxt\u0259lif \u00f6lk\u0259l\u0259rind\u0259n tan\u0131nm\u0131\u015f ictimai-siyasi xadiml\u0259r, diplomatlar, mill\u0259t v\u0259kill\u0259ri, ziyal\u0131lar \u00f6lk\u0259 Prezidenti, M\u00fcz\u0259ff\u0259r Ali Ba\u015f Komandan c\u0259nab \u0130lham \u018fliyev\u0259, Birinci vitse-prezident Mehriban xan\u0131m \u018fliyevaya v\u0259 qalib Az\u0259rbaycan xalq\u0131na q\u0259l\u0259b\u0259 m\u00fcnasib\u0259til\u0259 \u00f6z t\u0259brikl\u0259rini, xo\u015f arzular\u0131n\u0131 \u00e7atd\u0131r\u0131rlar.<\/p>\n<div class=\"news-content\">\n<div id=\"jwplayer_video_1\" class=\"jwplayer jw-reset jw-state-idle jw-skin-seven jw-stretch-uniform jw-breakpoint-4\" tabindex=\"0\">\n<div class=\"jw-media jw-reset\"><\/div>\n<div class=\"jw-preview jw-reset\"><\/div>\n<div class=\"jw-overlays jw-reset\">\n<div id=\"jwplayer_video_1_jwpsrv\" class=\"jw-plugin jw-reset\"><\/div>\n<div id=\"jwplayer_video_1_related\" class=\"jw-plugin jw-reset jw-plugin-related\"><\/div>\n<\/div>\n<div class=\"jw-controls jw-reset\">\n<div class=\"jw-display-icon-container jw-background-color jw-reset\">\n<div class=\"jw-icon jw-icon-display jw-button-color jw-reset\" tabindex=\"0\" role=\"button\" aria-label=\"Start playback\"><\/div>\n<\/div>\n<div class=\"jw-controls-right jw-reset\">\n<div class=\"jw-dock jw-reset\"><\/div>\n<\/div>\n<div class=\"jw-nextup-container jw-reset\">\n<div class=\"jw-nextup jw-reset\">\n<div class=\"jw-nextup-tooltip jw-reset\">\n<div class=\"jw-nextup-header jw-reset\"><\/div>\n<div class=\"jw-nextup-body jw-background-color jw-reset\">\n<div class=\"jw-nextup-title jw-reset\">\n<\/div>\n<\/div>\n<\/div>\n<p><button class=\"jw-nextup-close\" aria-label=\"Next Up Close\"><\/button><\/div>\n<\/div>\n<\/div>\n<\/div>\n<\/div>\n<div class=\"banner banner-9872ed9fc22fc182d371c3e9ed316094\" data-banner=\"MTg2\">\n<div>\n<div id=\"yandex_rtb_R-A-139729-24\">\n<div>\n<div class=\"md54ae3d\">\n<div class=\"l43904c4a uac395056\" data-container=\"outer\">\n<div class=\"l43904c4a k9075c250\" data-container=\"inner\">\n<div class=\"u319a5ff7 x7ffe7352\">\n<div class=\"dcb68dc42\" lang=\"ru\" data-ad-id=\"72057605278538017\">\n<div class=\"ge47d0b11 ye8cc685e\">\n<div id=\"id1958961636439834936\" class=\"x8c4a6878 fcd481bdd\" data-name=\"adaptiveAd\" data-adaptive=\"leaderboard\">\n<div class=\"s463471df oedd09d5c\">\n<div class=\"h69c394c2\">\n<div class=\"nf6680d05 a37124c10 icb131f73\">\n<div class=\"wece238ae u33239bef\"><\/div>\n<\/div>\n<div class=\"w192f11cb sa8822535\">\n<div class=\"u21a1bf96\" data-name=\"image-wrapper\">\n<div class=\"udf953dc5 v7c474831\" data-name=\"adaptiveImageContainer\" data-x=\"0.49833333333333335\" data-y=\"0.49833333333333335\" data-width=\"300\" data-height=\"300\" data-needs-adapt=\"\">\n<div class=\"d5533a511\"><\/div>\n<\/div>\n<\/div>\n<\/div>\n<\/div>\n<\/div>\n<\/div>\n<\/div>\n<\/div>\n<\/div>\n<\/div>\n<\/div>\n<\/div>\n<\/div>\n<\/div>\n<\/div>\n<\/div>\n<div id=\"jwplayer_video_1\" class=\"jwplayer jw-reset jw-state-idle jw-skin-seven jw-stretch-uniform jw-breakpoint-4\" tabindex=\"0\">\n<div class=\"jw-media jw-reset\"><\/div>\n<div class=\"jw-preview jw-reset\"><\/div>\n<div class=\"jw-overlays jw-reset\">\n<div id=\"jwplayer_video_1_jwpsrv\" class=\"jw-plugin jw-reset\"><\/div>\n<div id=\"jwplayer_video_1_related\" class=\"jw-plugin jw-reset jw-plugin-related\"><\/div>\n<\/div>\n<div class=\"jw-controls jw-reset\">\n<div class=\"jw-display-icon-container jw-background-color jw-reset\">\n<div class=\"jw-icon jw-icon-display jw-button-color jw-reset\" tabindex=\"0\" role=\"button\" aria-label=\"Start playback\"><\/div>\n<\/div>\n<div class=\"jw-controls-right jw-reset\">\n<div class=\"jw-dock jw-reset\"><\/div>\n<\/div>\n<div class=\"jw-nextup-container jw-reset\">\n<div class=\"jw-nextup jw-reset\">\n<div class=\"jw-nextup-tooltip jw-reset\">\n<div class=\"jw-nextup-header jw-reset\"><\/div>\n<div class=\"jw-nextup-body jw-background-color jw-reset\">\n<div class=\"jw-nextup-title jw-reset\"><\/div>\n<\/div>\n<\/div>\n<p><button class=\"jw-nextup-close\" aria-label=\"Next Up Close\"><\/button><\/div>\n<\/div>\n<\/div>\n<div class=\"afs_ads\"><\/div>\n<\/div>\n<p>&nbsp;<\/p>\n","protected":false},"excerpt":{"rendered":"<p>&#8220;\u0130MZA&#8221; Sosial \u0130nki\u015fafa D\u0259st\u0259k \u0130ctimai Birliyinin Beyn\u0259lxalq v\u0259 \u0130ctimaiyy\u0259tl\u0259 \u0259laq\u0259l\u0259r departamentinin direktoru Elnar M\u0259mm\u0259dlinin Musavat.com -a verdiyi m\u0259lumata g\u00f6r\u0259 bu \u0130ctimai Birlik 8 noyabr Z\u0259f\u0259r g\u00fcn\u00fc il\u0259 \u0259laq\u0259dar tan\u0131nm\u0131\u015f simalar\u0131n bayram m\u00fcraci\u0259tl\u0259ri \u0259sas\u0131nda x\u00fcsusi video t\u0259brik haz\u0131rlay\u0131b. M\u00fcraci\u0259tl\u0259rind\u0259 &#8220;\u0130MZA&#8221;- \u00e7\u0131lar ad\u0131ndan \u0130B-nin s\u0259dri X\u0259yyam \u018fsg\u0259rov, o c\u00fcml\u0259d\u0259n d\u00fcnyan\u0131n m\u00fcxt\u0259lif \u00f6lk\u0259l\u0259rind\u0259n tan\u0131nm\u0131\u015f ictimai-siyasi xadiml\u0259r, diplomatlar, mill\u0259t v\u0259kill\u0259ri, ziyal\u0131lar \u00f6lk\u0259 Prezidenti, M\u00fcz\u0259ff\u0259r Ali Ba\u015f Komandan c\u0259nab \u0130lham \u018fliyev\u0259, Birinci vitse-prezident Mehriban xan\u0131m \u018fliyevaya v\u0259 qalib Az\u0259rbaycan xalq\u0131na q\u0259l\u0259b\u0259 m\u00fcnasib\u0259til\u0259 \u00f6z t\u0259brikl\u0259rini, xo\u015f arzular\u0131n\u0131 \u00e7atd\u0131r\u0131rlar. &nbsp;<\/p>\n","protected":false},"author":2,"featured_media":401679,"comment_status":"closed","ping_status":"closed","sticky":false,"template":"","format":"standard","meta":{"om_disable_all_campaigns":false,"_monsterinsights_skip_tracking":false,"_monsterinsights_sitenote_active":false,"_monsterinsights_sitenote_note":"","_monsterinsights_sitenote_category":0},"categories":[26],"tags":[],"aioseo_notices":[],"gutentor_comment":0,"rttpg_featured_image_url":{"full":["https:\/\/arantv.az\/wp-content\/uploads\/2021\/11\/462a28456b9e1cf9fdd389478e20d54b.jpg",450,300,false],"landscape":["https:\/\/arantv.az\/wp-content\/uploads\/2021\/11\/462a28456b9e1cf9fdd389478e20d54b.jpg",450,300,false],"portraits":["https:\/\/arantv.az\/wp-content\/uploads\/2021\/11\/462a28456b9e1cf9fdd389478e20d54b.jpg",450,300,false],"thumbnail":["https:\/\/arantv.az\/wp-content\/uploads\/2021\/11\/462a28456b9e1cf9fdd389478e20d54b-450x280.jpg",450,280,true],"medium":["https:\/\/arantv.az\/wp-content\/uploads\/2021\/11\/462a28456b9e1cf9fdd389478e20d54b.jpg",450,300,false],"large":["https:\/\/arantv.az\/wp-content\/uploads\/2021\/11\/462a28456b9e1cf9fdd389478e20d54b.jpg",450,300,false],"1536x1536":["https:\/\/arantv.az\/wp-content\/uploads\/2021\/11\/462a28456b9e1cf9fdd389478e20d54b.jpg",450,300,false],"2048x2048":["https:\/\/arantv.az\/wp-content\/uploads\/2021\/11\/462a28456b9e1cf9fdd389478e20d54b.jpg",450,300,false],"post-thumbnail":["https:\/\/arantv.az\/wp-content\/uploads\/2021\/11\/462a28456b9e1cf9fdd389478e20d54b-240x172.jpg",240,172,true],"advps-thumb-one":["https:\/\/arantv.az\/wp-content\/uploads\/2021\/11\/462a28456b9e1cf9fdd389478e20d54b.jpg",450,300,false]},"rttpg_author":{"display_name":"V\u00fcsal Rafiqo\u011flu","author_link":"https:\/\/arantv.az\/?author=2"},"rttpg_comment":0,"rttpg_category":"<a href=\"https:\/\/arantv.az\/?cat=26\" rel=\"category\">Sosial<\/a>","rttpg_excerpt":"&#8220;\u0130MZA&#8221; Sosial \u0130nki\u015fafa D\u0259st\u0259k \u0130ctimai Birliyinin Beyn\u0259lxalq v\u0259 \u0130ctimaiyy\u0259tl\u0259 \u0259laq\u0259l\u0259r departamentinin direktoru Elnar M\u0259mm\u0259dlinin Musavat.com -a verdiyi m\u0259lumata g\u00f6r\u0259 bu \u0130ctimai Birlik 8 noyabr Z\u0259f\u0259r g\u00fcn\u00fc il\u0259 \u0259laq\u0259dar tan\u0131nm\u0131\u015f simalar\u0131n bayram m\u00fcraci\u0259tl\u0259ri \u0259sas\u0131nda x\u00fcsusi video t\u0259brik haz\u0131rlay\u0131b. M\u00fcraci\u0259tl\u0259rind\u0259 &#8220;\u0130MZA&#8221;- \u00e7\u0131lar ad\u0131ndan \u0130B-nin s\u0259dri X\u0259yyam \u018fsg\u0259rov, o c\u00fcml\u0259d\u0259n d\u00fcnyan\u0131n m\u00fcxt\u0259lif \u00f6lk\u0259l\u0259rind\u0259n tan\u0131nm\u0131\u015f ictimai-siyasi xadiml\u0259r, diplomatlar, mill\u0259t&hellip;","_links":{"self":[{"href":"https:\/\/arantv.az\/index.php?rest_route=\/wp\/v2\/posts\/401678"}],"collection":[{"href":"https:\/\/arantv.az\/index.php?rest_route=\/wp\/v2\/posts"}],"about":[{"href":"https:\/\/arantv.az\/index.php?rest_route=\/wp\/v2\/types\/post"}],"author":[{"embeddable":true,"href":"https:\/\/arantv.az\/index.php?rest_route=\/wp\/v2\/users\/2"}],"replies":[{"embeddable":true,"href":"https:\/\/arantv.az\/index.php?rest_route=%2Fwp%2Fv2%2Fcomments&post=401678"}],"version-history":[{"count":0,"href":"https:\/\/arantv.az\/index.php?rest_route=\/wp\/v2\/posts\/401678\/revisions"}],"wp:featuredmedia":[{"embeddable":true,"href":"https:\/\/arantv.az\/index.php?rest_route=\/wp\/v2\/media\/401679"}],"wp:attachment":[{"href":"https:\/\/arantv.az\/index.php?rest_route=%2Fwp%2Fv2%2Fmedia&parent=401678"}],"wp:term":[{"taxonomy":"category","embeddable":true,"href":"https:\/\/arantv.az\/index.php?rest_route=%2Fwp%2Fv2%2Fcategories&post=401678"},{"taxonomy":"post_tag","embeddable":true,"href":"https:\/\/arantv.az\/index.php?rest_route=%2Fwp%2Fv2%2Ftags&post=401678"}],"curies":[{"name":"wp","href":"https:\/\/api.w.org\/{rel}","templated":true}]}}