{"id":401681,"date":"2021-11-09T09:40:31","date_gmt":"2021-11-09T06:40:31","guid":{"rendered":"http:\/\/arantv.az\/?p=401681"},"modified":"2021-11-09T09:40:31","modified_gmt":"2021-11-09T06:40:31","slug":"103-yasli-simvolumuz","status":"publish","type":"post","link":"https:\/\/arantv.az\/?p=401681","title":{"rendered":"103 ya\u015fl\u0131 simvolumuz"},"content":{"rendered":"<p>9 noyabr Az\u0259rbaycanda D\u00f6vl\u0259t Bayra\u011f\u0131 G\u00fcn\u00fcd\u00fcr<\/p>\n<p>Bu g\u00fcn-noyabr\u0131n 9-u Az\u0259rbaycanda D\u00f6vl\u0259t Bayra\u011f\u0131 G\u00fcn\u00fcd\u00fcr. \u00d6lk\u0259mizin \u00fc\u00e7r\u0259ngli bayra\u011f\u0131 d\u00f6vl\u0259t r\u0259mzi olaraq Az\u0259rbaycan Xalq C\u00fcmhuriyy\u0259ti h\u00f6kum\u0259tinin 1918-ci il 9 noyabr tarixli iclas\u0131nda q\u0259bul olunub. 1920-ci ilin 28 aprelind\u0259 Az\u0259rbaycan Sovetl\u0259r Birliyi t\u0259r\u0259find\u0259n i\u015f\u011fal edildikd\u0259n sonra Az\u0259rbaycan Xalq C\u00fcmhuriyy\u0259ti s\u00fcqut edib v\u0259 Az\u0259rbaycan \u00fc\u00e7r\u0259ngli bayra\u011f\u0131 da d\u0259yi\u015fdiril\u0259r\u0259k q\u0131rm\u0131z\u0131 sovet bayra\u011f\u0131 il\u0259 \u0259v\u0259zl\u0259nib.<\/p>\n<p>\u201cAz\u0259rbaycan Respublikas\u0131n\u0131n D\u00f6vl\u0259t bayra\u011f\u0131 haqq\u0131nda\u201d Az\u0259rbaycan Respublikas\u0131n\u0131n Qanununda qeyd edilir: Az\u0259rbaycan Respublikas\u0131n\u0131n D\u00f6vl\u0259t bayra\u011f\u0131 Az\u0259rbaycan d\u00f6vl\u0259tinin suverenliyi r\u0259mzidir.<\/p>\n<p>Az\u0259rbaycan Respublikas\u0131n\u0131n D\u00f6vl\u0259t bayra\u011f\u0131 eni v\u0259 uzunlu\u011fu b\u0259rab\u0259r olan r\u0259ngli \u00fc\u00e7 \u00fcf\u00fcqi zolaqdan ibar\u0259t d\u00fczbucaql\u0131 par\u00e7a \u015f\u0259klind\u0259dir: \u00fcst zolaq g\u00f6y r\u0259ngd\u0259, orta zolaq q\u0131rm\u0131z\u0131 r\u0259ngd\u0259, a\u015fa\u011f\u0131 zolaq ya\u015f\u0131l r\u0259ngd\u0259dir. Bayra\u011f\u0131n h\u0259r iki \u00fcz\u00fcnd\u0259 q\u0131rm\u0131z\u0131 zola\u011f\u0131n ortas\u0131nda a\u011f r\u0259ngli aypara v\u0259 s\u0259kkizgu\u015f\u0259li ulduz t\u0259sviri vard\u0131r. Bayra\u011f\u0131n eninin uzununa nisb\u0259ti 1:2-dir. Az\u0259rbaycan Respublikas\u0131n\u0131n D\u00f6vl\u0259t bayra\u011f\u0131 v\u0259 onun t\u0259sviri, \u00f6l\u00e7\u00fcl\u0259rind\u0259n as\u0131l\u0131 olmayaraq t\u0259svirl\u0259r\u0259 h\u0259mi\u015f\u0259 d\u0259qiq uy\u011fun g\u0259lm\u0259lidir.<\/p>\n<p><img src=\"https:\/\/www.ulakci.com\/images\/haber\/karabag-zaferinin-birinci-yilinda-bakude-yuruyus-duzenlendi-114201-20211108.jpg\" alt=\"Karaba\u011f zaferinin birinci y\u0131l\u0131nda Bak\u00fc&amp;#39;de y\u00fcr\u00fcy\u00fc\u015f d\u00fczenlendi haberi\" width=\"700\" \/><\/p>\n<p>\u00dc\u00e7r\u0259ngli d\u00f6vl\u0259t bayra\u011f\u0131m\u0131z insanlar\u0131m\u0131z \u00fc\u00e7\u00fcn m\u00fcq\u0259dd\u0259s ideal r\u0259mzin\u0259 \u00e7evrilib. M\u00f6vcudlu\u011funun 18 ay\u0131 d\u00f6vr\u00fcnd\u0259 (1918-ci ilin 9 noyabr\u0131) \u0259n ist\u0259kli bir varl\u0131q kimi sevilib, \u0259zizl\u0259nib, ad\u0131na v\u0259 h\u00fcsn\u00fcn\u0259 \u015feirl\u0259r yaz\u0131l\u0131b, mahn\u0131lar b\u0259st\u0259l\u0259nib. Sovetl\u0259r Birliyind\u0259ki m\u00f6vcud rejim \u00fc\u00e7r\u0259ngli bayra\u011f\u0131m\u0131z\u0131n ba\u015f\u0131m\u0131z \u00fcz\u0259rind\u0259n as\u0131lmas\u0131n\u0131 v\u0259 h\u0259tta t\u0259svirini bel\u0259 qada\u011fan ets\u0259 d\u0259, onu insanlar \u00fcr\u0259kl\u0259rind\u0259 ya\u015fatd\u0131lar.<\/p>\n<p>B\u0259s xalq\u0131m\u0131z\u0131n ba\u015f\u0131 \u00fcz\u0259rind\u0259 y\u00fcz il \u0259vv\u0259l dal\u011falanm\u0131\u015f v\u0259 bu g\u00fcn d\u0259 m\u00f6vcud olan bayra\u011f\u0131m\u0131z\u0131n yaranma tarixind\u0259n, onun m\u0259nas\u0131ndan, a\u011f ayparan\u0131n v\u0259 s\u0259kkiz gu\u015f\u0259nin n\u0259 oldu\u011fundan, hans\u0131 ideyalardan qaynaqland\u0131\u011f\u0131ndan yet\u0259rinc\u0259 m\u0259lumatl\u0131y\u0131qm\u0131?<br \/>\n1918-ci ilin 28 May\u0131nda tarixd\u0259 sayca 114-c\u00fc t\u00fcrk d\u00f6vl\u0259ti olan Az\u0259rbaycan Xalq C\u00fcmhuriyy\u0259ti quruldu. Bu C\u00fcmhuriyy\u0259t \u00f6z\u00fcnd\u0259n \u0259vv\u0259lki 113 d\u00f6vl\u0259td\u0259n ideoloji \u0259saslar\u0131na g\u00f6r\u0259 tam f\u0259rql\u0259nirdi. Bel\u0259 ki, ilk d\u0259f\u0259 idi ki, b\u00fct\u00fcn m\u00fcs\u0259lman v\u0259 t\u00fcrk d\u00fcnyas\u0131nda milli k\u00fclt\u00fcr \u0259n\u0259n\u0259l\u0259rin\u0259, demokratik prinsipl\u0259r\u0259 s\u00f6yk\u0259n\u0259n Avropa sistemind\u0259 bir d\u00f6vl\u0259t qurulurdu. Az\u0259rbaycan Milli Qurtulu\u015f H\u0259r\u0259kat\u0131n\u0131n b\u00f6y\u00fck ideoloqu M\u0259h\u0259mm\u0259d \u018fmin R\u0259sulzad\u0259 \u201cMilli Az\u0259rbaycan H\u0259r\u0259kat\u0131n\u0131n xarakteri\u201d adl\u0131 m\u0259qal\u0259sind\u0259 yaz\u0131rd\u0131: \u201cMilli ideoloji m\u0259n\u015f\u0259yi etibar\u0131 il\u0259 Az\u0259rbaycan h\u0259r\u0259kat\u0131 \u015e\u0259rqd\u0259ki milli qurtulu\u015f ideyalar\u0131 il\u0259, Q\u0259rbd\u0259 demokratiya c\u0259r\u0259yanlar\u0131n\u0131 \u00f6z\u00fcnd\u0259 birl\u0259\u015fdir\u0259n bir h\u0259r\u0259katd\u0131r\u201d.<\/p>\n<p><img src=\"https:\/\/img.ednews.net\/news\/2020\/11\/photo_442989.jpg\" alt=\"Az\u0259rbaycan D\u00f6vl\u0259t Bayra\u011f\u0131 g\u00fcn\u00fcn\u00fc qeyd edir | Eurasia Diary\" width=\"700\" \/><\/p>\n<p>M.\u018f.R\u0259sulzad\u0259nin \u0259sasland\u0131rd\u0131\u011f\u0131 Xalq C\u00fcmhuriyy\u0259ti 1918-ci ild\u0259 may\u0131n 28-d\u0259 yarand\u0131qdan sonra onun \u0259sas r\u0259mzi olan bayraq haqq\u0131nda h\u0259min ilin iyun ay\u0131n\u0131n 21-d\u0259 h\u00f6kum\u0259tin q\u0259rar\u0131 verildi. H\u0259min q\u0259rarda deyilirdi ki, \u00fcst\u00fcnd\u0259 q\u0131rm\u0131z\u0131 fonda a\u011f s\u0259kkizgu\u015f\u0259li ulduz v\u0259 aypara t\u0259sviri olan quma\u015f Az\u0259rbaycan\u0131n bayra\u011f\u0131 kimi t\u0259sdiq edilsin.<\/p>\n<p>H\u0259min d\u00f6vrd\u0259 bayra\u011f\u0131m\u0131z Osmanl\u0131 T\u00fcrkiy\u0259sinin bayra\u011f\u0131 il\u0259 eynilik t\u0259\u015fkil edirdi. F\u0259rq yaln\u0131z onda idi ki, Osmanl\u0131 T\u00fcrkiy\u0259sinin bayra\u011f\u0131ndak\u0131 hilal ay\u0131n qar\u015f\u0131s\u0131ndak\u0131 ulduz be\u015f gu\u015f\u0259d\u0259n, Az\u0259rbaycan C\u00fcmhuriyy\u0259tinin bayra\u011f\u0131nda is\u0259 s\u0259kkiz gu\u015f\u0259d\u0259n ibar\u0259t idi.<br \/>\n1918-ci ilin noyabr\u0131n 9-da is\u0259 \u00fc\u00e7r\u0259ngli d\u00f6vl\u0259t bayra\u011f\u0131m\u0131z haqq\u0131nda q\u0259rar q\u0259bul edildi. Q\u0259rarda deyilir: Ya\u015f\u0131l, q\u0131rm\u0131z\u0131 v\u0259 mavi r\u0259ngl\u0259rd\u0259n, a\u011f aypara v\u0259 s\u0259kkizbucaq ulduzdan ibar\u0259t olan bayraq Milli bayraq hesab edilsin. Milli bayra\u011f\u0131m\u0131zdak\u0131 g\u00f6y r\u0259ng &#8211; t\u00fcrk\u00e7\u00fcl\u00fcy\u00fc, q\u0131rm\u0131z\u0131 r\u0259ng- m\u00fcasirliyi, ya\u015f\u0131l r\u0259ng-islam ideologiyas\u0131n\u0131 ifad\u0259 edir.<\/p>\n<p><img src=\"https:\/\/baku.news\/uploads\/posts\/2020-11\/1604867098_20201109_002220.jpg\" alt=\"Az\u0259rbaycanda D\u00f6vl\u0259t Bayra\u011f\u0131 G\u00fcn\u00fc qeyd olunur \u00bb BAKU.NEWS\" width=\"700\" \/><\/p>\n<p>Odur ki, 1918-ci ilin noyabr\u0131n 9-da q\u0131rm\u0131z\u0131 r\u0259ngli bayra\u011f\u0131n yerin\u0259 \u00fc\u00e7r\u0259ngli bayra\u011f\u0131n yarad\u0131lmas\u0131 haqq\u0131nda M. \u018f. R\u0259sulzad\u0259nin v\u0259 onun ba\u015f\u00e7\u0131l\u0131q etdiyi Az\u0259rbaycan Milli \u015euras\u0131n\u0131n t\u0259klifi il\u0259 q\u0259rar q\u0259bul edildi. D\u00f6vl\u0259t bayra\u011f\u0131ndak\u0131 \u00fc\u00e7 r\u0259ngin ifad\u0259 etdiyi v\u0259 XX \u0259srin \u0259vv\u0259ll\u0259rind\u0259ki milli istiqlal ideologiyam\u0131z\u0131n \u00fc\u00e7 t\u0259m\u0259l prinsipini t\u0259\u015fkil ed\u0259n \u201cT\u00fcrk\u00e7\u00fcl\u00fck, m\u00fcasirlik v\u0259 islam\u00e7\u0131l\u0131q\u201d d\u00fcsturunun m\u00fc\u0259llifi g\u00f6rk\u0259mli Az\u0259rbaycan m\u00fct\u0259f\u0259kkiri \u018fli B\u0259y H\u00fcseynzad\u0259dir. Bayraqdak\u0131 r\u0259ngl\u0259rin t\u0259sviri v\u0259 d\u00fcz\u00fcl\u00fc\u015f\u00fc is\u0259 M. \u018f. R\u0259sulzad\u0259nin \u201cA\u00e7\u0131q s\u00f6z\u201d q\u0259zetind\u0259ki m\u0259qal\u0259sind\u0259n g\u00f6t\u00fcr\u00fcld\u00fc.<\/p>\n<p>Az\u0259rbaycan Xalq C\u00fcmhuriyy\u0259tinin 1920-ci il 27 apreld\u0259 i\u015f\u011fal olunmas\u0131 il\u0259 \u00fc\u00e7r\u0259ngli bayra\u011f\u0131m\u0131za qada\u011fa qoyuldu. Sovetl\u0259r Birliyi d\u00f6vr\u00fcnd\u0259 \u00fc\u00e7r\u0259ngli d\u00f6vl\u0259t bayra\u011f\u0131m\u0131z 1956-c\u0131 ild\u0259 Kommunist Partiyas\u0131n\u0131n qurultay\u0131nda \u201c\u015f\u0259xsiyy\u0259t\u0259 p\u0259r\u0259sti\u015f\u201d m\u0259s\u0259l\u0259si qoyulduqdan sonra \u00fc\u00e7 az\u0259rbaycanl\u0131 v\u0259t\u0259nda\u015f\u0131m\u0131z (adlar\u0131 Cahid, \u00c7ingiz, dig\u0259ri is\u0259 Nazim olub) t\u0259r\u0259find\u0259n bir saatdan \u00e7ox \u201cQ\u0131z Qalas\u0131\u201d \u00fcz\u0259rind\u0259 dal\u011faland\u0131r\u0131l\u0131b. H\u0259min \u015f\u0259xsl\u0259ri is\u0259 (onlar\u0131n say\u0131 \u00fcmumilikd\u0259 15-\u0259 q\u0259d\u0259r olub) sonradan 12-13 il\u0259 q\u0259d\u0259r h\u0259bs\u0259 m\u0259hkum edibl\u0259r.<\/p>\n<p><img src=\"https:\/\/ordu.az\/photos\/2019\/11\/aHR0c-1573276835.jpg\" alt=\"9 noyabr - Az\u0259rbaycan Respublikas\u0131n\u0131n D\u00f6vl\u0259t Bayra\u011f\u0131 G\u00fcn\u00fc - V\u0130DEO\" width=\"700\" \/><\/p>\n<p>1988-ci ild\u0259n ba\u015flanan Az\u0259rbaycan Xalq H\u0259r\u0259kat\u0131 d\u00f6vr\u00fcnd\u0259 yenid\u0259n \u00fc\u00e7r\u0259ngli bayra\u011f\u0131m\u0131z meydanlarda dal\u011faland\u0131. Az\u0259rbaycan Xalq C\u00fcmhuriyy\u0259tinin \u00fc\u00e7r\u0259ngli D\u00f6vl\u0259t bayra\u011f\u0131 1990-c\u0131 il noyabr\u0131n 17-d\u0259 Nax\u00e7\u0131van Muxtar Respublikas\u0131 Ali M\u0259clisinin s\u0259dri, xalq\u0131m\u0131z\u0131n \u00fcmummilli lideri Heyd\u0259r \u018fliyevin t\u0259\u015f\u0259bb\u00fcs\u00fc v\u0259 r\u0259hb\u0259rliyi il\u0259 ke\u00e7iril\u0259n sessiyada Nax\u00e7\u0131van Muxtar Respublikas\u0131n\u0131n d\u00f6vl\u0259t bayra\u011f\u0131 olaraq t\u0259sdiq edildi. Sovet imperiyas\u0131n\u0131n h\u0259l\u0259 m\u00f6vcud oldu\u011fu bir d\u00f6vrd\u0259 Heyd\u0259r \u018fliyevin bel\u0259 bir add\u0131m atmas\u0131 b\u00fct\u00fcn SSR\u0130-d\u0259, h\u0259m\u00e7inin Az\u0259rbaycanda b\u00f6y\u00fck \u0259ks-s\u0259da vermi\u015fdi. Eyni zamanda bu hadis\u0259 Az\u0259rbaycanda milli azadl\u0131q m\u00fcbariz\u0259sind\u0259 xalqa b\u00f6y\u00fck ruh vermi\u015f v\u0259 xalq h\u0259r\u0259kat\u0131n\u0131 daha da qar\u015f\u0131s\u0131 al\u0131nmaz proses\u0259 \u00e7evirmi\u015fdi.<\/p>\n<p>Nax\u00e7\u0131van Muxtar Respublikas\u0131n\u0131n Ali M\u0259clisi Az\u0259rbaycan SSR Ali Soveti qar\u015f\u0131s\u0131nda \u00fc\u00e7r\u0259ngli bayra\u011f\u0131n Az\u0259rbaycan\u0131n r\u0259smi d\u00f6vl\u0259t r\u0259mzi kimi tan\u0131nmas\u0131 haqq\u0131nda v\u0259sat\u0259t d\u0259 qald\u0131rm\u0131\u015fd\u0131. 1991-ci il fevral ay\u0131n\u0131n 5-d\u0259 h\u0259min v\u0259sat\u0259t\u0259 bax\u0131lm\u0131\u015f v\u0259 Az\u0259rbaycan Respublikas\u0131n\u0131n Ali Soveti \u201cAz\u0259rbaycan Respublikas\u0131n\u0131n D\u00f6vl\u0259t bayra\u011f\u0131 haqq\u0131nda\u201d Qanun q\u0259bul ed\u0259r\u0259k onu yenid\u0259n D\u00f6vl\u0259t bayra\u011f\u0131 elan etmi\u015fdi. Sonralar \u00fcmummilli lider bu bar\u0259d\u0259 deyirdi: \u201cM\u0259n bel\u0259 fikird\u0259y\u0259m ki, Nax\u00e7\u0131van Muxtar Respublikas\u0131 Ali M\u0259clisinin q\u0259bul etdiyi q\u0259rarlar Az\u0259rbaycan Respublikas\u0131n\u0131n Ali Sovetinin i\u015fin\u0259 \u00e7ox t\u0259sir etdi v\u0259 Az\u0259rbaycan r\u0259hb\u0259rliyi bir ne\u00e7\u0259 bel\u0259 q\u0259rar\u0131n q\u0259bul edilm\u0259sind\u0259 m\u0259cburiyy\u0259t qar\u015f\u0131s\u0131nda qald\u0131. Nax\u00e7\u0131van Muxtar Respublikas\u0131n\u0131n \u00fcz\u0259rind\u0259 bu bayraq 1990-c\u0131 il noyabr\u0131n 17-d\u0259, Az\u0259rbaycan Respublikas\u0131nda is\u0259 1991-ci il fevral\u0131n 5-d\u0259 dal\u011faland\u0131\u201d.<\/p>\n<p>1991-ci il oktyabr\u0131n 18-d\u0259 is\u0259 \u201cAz\u0259rbaycan Respublikas\u0131n\u0131n d\u00f6vl\u0259t m\u00fcst\u0259qilliyi haqq\u0131nda\u201d Konstitusiya Akt\u0131 il\u0259 Az\u0259rbaycan Respublikas\u0131 Az\u0259rbaycan Xalq C\u00fcmhuriyy\u0259tinin varisi kimi onun d\u00f6vl\u0259t r\u0259mzl\u0259rini, o c\u00fcml\u0259d\u0259n D\u00f6vl\u0259t bayra\u011f\u0131n\u0131 b\u0259rpa etdi.<br \/>\nAz\u0259rbaycan Prezidenti \u0130lham \u018fliyevin 2009-cu il noyabr\u0131n 17-d\u0259 imzalad\u0131\u011f\u0131 S\u0259r\u0259ncamla h\u0259r il noyabr\u0131n 9-u \u00f6lk\u0259d\u0259 D\u00f6vl\u0259t bayra\u011f\u0131 g\u00fcn\u00fc kimi qeyd edilir. Az\u0259rbaycan Respublikas\u0131 \u018fm\u0259k M\u0259c\u0259ll\u0259sin\u0259 \u0259sas\u0259n bu bayram \u00f6lk\u0259d\u0259 qeyri-i\u015f g\u00fcn\u00fc olan bayramlar\u0131n siyah\u0131s\u0131na daxil edilib.<\/p>\n<p>D\u00f6vl\u0259t bayra\u011f\u0131 g\u00fcn\u00fcn\u00fcn qeyd olunmas\u0131 Az\u0259rbaycan Xalq C\u00fcmhuriyy\u0259tinin tarixi il\u0259 ba\u011fl\u0131d\u0131r. Az\u0259rbaycan Xalq C\u00fcmhuriyy\u0259tinin yadigar\u0131 olan bu bayraq bizim azadl\u0131q m\u0259fkur\u0259sin\u0259, milli-m\u0259n\u0259vi d\u0259y\u0259rl\u0259r\u0259 v\u0259 \u00fcmumb\u0259\u015f\u0259ri ideallara sadiqliyimizi n\u00fcmayi\u015f etdirir. Az\u0259rbaycan\u0131n Respublikas\u0131n\u0131n D\u00f6vl\u0259t bayra\u011f\u0131 milli suverenliyin simvoludur.<\/p>\n<p>Az\u0259rbaycan Respublikas\u0131 Konstitusiyas\u0131n\u0131n 75-ci madd\u0259sin\u0259 \u0259sas\u0259n h\u0259r bir v\u0259t\u0259nda\u015f Az\u0259rbaycan Respublikas\u0131n\u0131n d\u00f6vl\u0259t r\u0259mzl\u0259rin\u0259 &#8211; bayra\u011f\u0131na, gerbin\u0259 v\u0259 himnin\u0259 h\u00f6rm\u0259t etm\u0259lidir. D\u00f6vl\u0259t r\u0259mzl\u0259rin\u0259 h\u00f6rm\u0259tsizliyin n\u00fcmayi\u015f etdirilm\u0259si qanunla m\u00fc\u0259yy\u0259n edilmi\u015f m\u0259suliyy\u0259t\u0259 s\u0259b\u0259b olur.<\/p>\n<p>2004-c\u00fc il iyunun 8-d\u0259 \u201cAz\u0259rbaycan Respublikas\u0131 D\u00f6vl\u0259t bayra\u011f\u0131n\u0131n istifad\u0259si qaydalar\u0131 haqq\u0131nda\u201d Az\u0259rbaycan Respublikas\u0131n\u0131n Qanunu il\u0259 bu sah\u0259d\u0259 qanunvericilik bazas\u0131 t\u0259kmill\u0259\u015fdirilib. H\u0259min Qanunla Az\u0259rbaycan Respublikas\u0131n\u0131n D\u00f6vl\u0259t bayra\u011f\u0131na h\u00f6rm\u0259t g\u00f6st\u0259rilm\u0259si il\u0259 ba\u011fl\u0131 v\u0259zif\u0259l\u0259r, D\u00f6vl\u0259t bayra\u011f\u0131n\u0131n qald\u0131r\u0131lmal\u0131 v\u0259 yerl\u0259\u015fdirilm\u0259li oldu\u011fu yerl\u0259r, t\u0259svirinin istifad\u0259si, h\u0259m\u00e7inin r\u0259smi t\u0259dbirl\u0259r zaman\u0131, mat\u0259m g\u00fcnl\u0259rind\u0259 v\u0259 mat\u0259m m\u0259rasiml\u0259rind\u0259 istifad\u0259si, dig\u0259r bayraqlarla birg\u0259 qald\u0131r\u0131lmas\u0131 (as\u0131lmas\u0131) v\u0259 ya yerl\u0259\u015fdirilm\u0259si, habel\u0259 D\u00f6vl\u0259t bayra\u011f\u0131n\u0131n istifad\u0259sin\u0259 dair t\u0259l\u0259bl\u0259r v\u0259 m\u0259hdudiyy\u0259tl\u0259r m\u00fc\u0259yy\u0259n edilir.<\/p>\n<p>D\u00f6vl\u0259t bayra\u011f\u0131 respublikam\u0131z\u0131n d\u00f6vl\u0259t qurumlar\u0131n\u0131n v\u0259 diplomatik n\u00fcmay\u0259nd\u0259likl\u0259rinin binalar\u0131 \u00fcz\u0259rind\u0259 ucal\u0131r, m\u00fch\u00fcm beyn\u0259lxalq t\u0259dbirl\u0259r, m\u00f6t\u0259b\u0259r m\u0259rasiml\u0259r v\u0259 m\u0259clisl\u0259rl\u0259 yana\u015f\u0131, irimiqyasl\u0131 ictimai-siyasi toplant\u0131larda, m\u0259d\u0259ni t\u0259dbirl\u0259rd\u0259 v\u0259 idman yar\u0131\u015flar\u0131nda qald\u0131r\u0131laraq milli birliyi t\u0259c\u0259ss\u00fcm etdirir.<\/p>\n<p>Az\u0259rbaycan d\u00f6vl\u0259tinin, onun r\u0259hb\u0259rinin d\u00f6vl\u0259t bayra\u011f\u0131m\u0131za n\u0259 q\u0259d\u0259r b\u00f6y\u00fck \u00f6n\u0259m verdiyini s\u00fcbut ed\u0259n daha bir fakt Az\u0259rbaycanda D\u00f6vl\u0259t Bayra\u011f\u0131 Meydan\u0131n\u0131n, D\u00f6vl\u0259t Bayra\u011f\u0131 Muzeyinin yarad\u0131lmas\u0131d\u0131r. 2010-cu il sentyabr\u0131n 1-d\u0259 Bak\u0131da a\u00e7\u0131l\u0131\u015f\u0131 olan D\u00f6vl\u0259t Bayra\u011f\u0131 Meydan\u0131nda ucald\u0131lan bayraq daya\u011f\u0131n\u0131n h\u00fcnd\u00fcrl\u00fcy\u00fc 162 metrdir. D\u00fcnyada \u0259n h\u00fcnd\u00fcr bayraq daya\u011f\u0131 m\u0259hz Az\u0259rbaycan\u0131n D\u00f6vl\u0259t Bayra\u011f\u0131 Meydan\u0131nda ucald\u0131l\u0131b.<\/p>\n<p>\u00d6lk\u0259mizin rayonlar\u0131nda da d\u00f6vl\u0259t bayra\u011f\u0131 meydan\u0131 yarad\u0131l\u0131b. 2010-cu il sentyabr\u0131n 1-d\u0259 Bak\u0131da D\u00f6vl\u0259t Bayra\u011f\u0131 Meydan\u0131n\u0131n t\u0259nt\u0259n\u0259li a\u00e7\u0131l\u0131\u015f m\u0259rasimind\u0259 Az\u0259rbaycan Prezidenti \u0130lham \u018fliyev D\u00f6vl\u0259t bayra\u011f\u0131n\u0131n x\u00fcsusi \u0259h\u0259miyy\u0259tini vur\u011fulayaraq deyib: \u201cBizim bayra\u011f\u0131m\u0131z q\u00fcrur m\u0259nb\u0259yimizdir. Bizim bayra\u011f\u0131m\u0131z can\u0131m\u0131zd\u0131r, \u00fcr\u0259yimizdir\u201d.<\/p>\n<p>\u018fn m\u00fcq\u0259dd\u0259s r\u0259mzl\u0259rd\u0259n olan bayraq mill\u0259tin varl\u0131\u011f\u0131n\u0131n, m\u00f6vcudlu\u011funun s\u00fcbutu, m\u00fcst\u0259qil d\u00f6vl\u0259t\u0259 sahib \u00e7\u0131xmaq bacar\u0131\u011f\u0131n\u0131n \u0259sas g\u00f6st\u0259ricisidir. \u00d6z\u00fcn\u00fct\u0259sdiq simvolu olan bayraq h\u0259r bir Az\u0259rbaycan v\u0259t\u0259nda\u015f\u0131 \u00fc\u00e7\u00fcn q\u00fcrur v\u0259 g\u00fcv\u0259nc yeridir.<\/p>\n<p>T\u0259sad\u00fcfi deyil ki, Ulu \u00f6nd\u0259r Heyd\u0259r \u018fliyev bildirirdi ki, biz \u00f6z himnimizi, bayra\u011f\u0131m\u0131z\u0131 \u00f6z\u00fcm\u00fcz q\u0259d\u0259r sevm\u0259liyik. \u00c7\u00fcnki bu, bizim v\u0259t\u0259nimiz\u0259, mill\u0259timiz\u0259, d\u00f6vl\u0259timiz\u0259 olan s\u0259daq\u0259t, sevgi v\u0259 m\u0259h\u0259bb\u0259tin r\u0259mzidir, kim Az\u0259rbaycan\u0131 sevirs\u0259, kim Az\u0259rbaycan\u0131n m\u00fcst\u0259qil d\u00f6vl\u0259t olmas\u0131n\u0131 ist\u0259yirs\u0259, kim Az\u0259rbaycan\u0131n i\u015f\u011fal olunmu\u015f torpaqlar\u0131n\u0131n azad olunmas\u0131n\u0131 ist\u0259yirs\u0259, kim Az\u0259rbaycan\u0131n \u0259razi b\u00fct\u00f6vl\u00fcy\u00fcn\u00fc ist\u0259yirs\u0259, o, bu bayraq alt\u0131nda birl\u0259\u015fm\u0259lidir.<\/p>\n<p>Az\u0259rbaycan Prezidenti \u0130lham \u018fliyev is\u0259 bayra\u011f\u0131m\u0131z\u0131 e\u015fidil\u0259n s\u0259simiz, duyulan n\u0259f\u0259simiz adland\u0131r\u0131b. Prezident qeyd edib ki, bizim bayra\u011f\u0131m\u0131z q\u00fcrur m\u0259nb\u0259yimizdir. Az\u0259rbaycan Respublikas\u0131 m\u00fcst\u0259qilliyini b\u0259rpa etdikd\u0259n sonra Az\u0259rbaycan\u0131n D\u00f6vl\u0259t Bayra\u011f\u0131 milli suverenliyin simvolu kimi \u00f6lk\u0259mizin b\u00fct\u00fcn v\u0259t\u0259nda\u015flar\u0131 \u00fc\u00e7\u00fcn m\u00fcq\u0259dd\u0259s d\u00f6vl\u0259t\u00e7ilik r\u0259mzl\u0259rind\u0259n birin\u0259 \u00e7evrilib, Az\u0259rbaycan Xalq C\u00fcmhuriyy\u0259tinin yadigar\u0131 olan bu bayraq bizim azadl\u0131q m\u0259fkur\u0259sin\u0259, milli-m\u0259n\u0259vi d\u0259y\u0259rl\u0259r\u0259 v\u0259 \u00fcmumb\u0259\u015f\u0259ri ideallara sadiqliyimizi n\u00fcmayi\u015f etdirir.<\/p>\n<p>\u00dc\u00e7r\u0259ngli b\u0430yr\u0430\u011f\u0131m\u0131z bizim m\u0259n\u0259vi s\u0259rv\u0259timizdir, in\u0430nc y\u0435rimizdir. T\u0259sad\u00fcfi deyil ki, Az\u0259rbaycan d\u00f6vl\u0259tinin ba\u015f\u00e7\u0131s\u0131 se\u00e7ilib \u00f6z v\u0259zif\u0259sinin icras\u0131na ba\u015flayan \u015f\u0259xsl\u0259r m\u00fcq\u0259dd\u0259s Qurana and i\u00e7m\u0259kl\u0259 yana\u015f\u0131 d\u00f6vl\u0259t bayra\u011f\u0131n\u0131n \u00f6n\u00fcnd\u0259 diz \u00e7\u00f6k\u00fcr v\u0259 bayra\u011f\u0131 \u00f6p\u00fcr. \u00d6lk\u0259mizin t\u0259hl\u00fck\u0259sizliyini, \u0259razi b\u00fct\u00f6vl\u00fcy\u00fcn qoruyan silahl\u0131 q\u00fcvv\u0259l\u0259rimizin \u0259sg\u0259rl\u0259ri v\u0259t\u0259n qar\u015f\u0131s\u0131nda xidm\u0259t\u0259 ba\u015flayanda \u0259lini bayra\u011f\u0131n \u00fcst\u00fcn\u00fc qoyub and i\u00e7irl\u0259r. V\u0259t\u0259n u\u011frunda can\u0131n\u0131 f\u0259da ed\u0259n \u015f\u0259hidl\u0259r bayra\u011fa b\u00fck\u00fcl\u00fcr. B\u00fct\u00fcn bunlar bayra\u011f\u0131m\u0131z\u0131n n\u0259 q\u0259d\u0259r m\u00fcq\u0259dd\u0259s oldu\u011funun g\u00f6st\u0259ricidir.<\/p>\n","protected":false},"excerpt":{"rendered":"<p>9 noyabr Az\u0259rbaycanda D\u00f6vl\u0259t Bayra\u011f\u0131 G\u00fcn\u00fcd\u00fcr Bu g\u00fcn-noyabr\u0131n 9-u Az\u0259rbaycanda D\u00f6vl\u0259t Bayra\u011f\u0131 G\u00fcn\u00fcd\u00fcr. \u00d6lk\u0259mizin \u00fc\u00e7r\u0259ngli bayra\u011f\u0131 d\u00f6vl\u0259t r\u0259mzi olaraq Az\u0259rbaycan Xalq C\u00fcmhuriyy\u0259ti h\u00f6kum\u0259tinin 1918-ci il 9 noyabr tarixli iclas\u0131nda q\u0259bul olunub. 1920-ci ilin 28 aprelind\u0259 Az\u0259rbaycan Sovetl\u0259r Birliyi t\u0259r\u0259find\u0259n i\u015f\u011fal edildikd\u0259n sonra Az\u0259rbaycan Xalq C\u00fcmhuriyy\u0259ti s\u00fcqut edib v\u0259 Az\u0259rbaycan \u00fc\u00e7r\u0259ngli bayra\u011f\u0131 da d\u0259yi\u015fdiril\u0259r\u0259k q\u0131rm\u0131z\u0131 sovet bayra\u011f\u0131 il\u0259 \u0259v\u0259zl\u0259nib. \u201cAz\u0259rbaycan Respublikas\u0131n\u0131n D\u00f6vl\u0259t bayra\u011f\u0131 haqq\u0131nda\u201d Az\u0259rbaycan Respublikas\u0131n\u0131n Qanununda qeyd edilir: Az\u0259rbaycan Respublikas\u0131n\u0131n D\u00f6vl\u0259t bayra\u011f\u0131 Az\u0259rbaycan d\u00f6vl\u0259tinin suverenliyi r\u0259mzidir. Az\u0259rbaycan Respublikas\u0131n\u0131n D\u00f6vl\u0259t bayra\u011f\u0131 eni v\u0259 uzunlu\u011fu b\u0259rab\u0259r olan r\u0259ngli \u00fc\u00e7 \u00fcf\u00fcqi zolaqdan ibar\u0259t&hellip;<\/p>\n","protected":false},"author":2,"featured_media":401682,"comment_status":"closed","ping_status":"closed","sticky":false,"template":"","format":"standard","meta":{"om_disable_all_campaigns":false,"_monsterinsights_skip_tracking":false,"_monsterinsights_sitenote_active":false,"_monsterinsights_sitenote_note":"","_monsterinsights_sitenote_category":0},"categories":[19],"tags":[],"aioseo_notices":[],"gutentor_comment":0,"rttpg_featured_image_url":{"full":["https:\/\/arantv.az\/wp-content\/uploads\/2021\/11\/2987885ec4765efc33d089ffee9ed854.jpg",450,300,false],"landscape":["https:\/\/arantv.az\/wp-content\/uploads\/2021\/11\/2987885ec4765efc33d089ffee9ed854.jpg",450,300,false],"portraits":["https:\/\/arantv.az\/wp-content\/uploads\/2021\/11\/2987885ec4765efc33d089ffee9ed854.jpg",450,300,false],"thumbnail":["https:\/\/arantv.az\/wp-content\/uploads\/2021\/11\/2987885ec4765efc33d089ffee9ed854-450x280.jpg",450,280,true],"medium":["https:\/\/arantv.az\/wp-content\/uploads\/2021\/11\/2987885ec4765efc33d089ffee9ed854.jpg",450,300,false],"large":["https:\/\/arantv.az\/wp-content\/uploads\/2021\/11\/2987885ec4765efc33d089ffee9ed854.jpg",450,300,false],"1536x1536":["https:\/\/arantv.az\/wp-content\/uploads\/2021\/11\/2987885ec4765efc33d089ffee9ed854.jpg",450,300,false],"2048x2048":["https:\/\/arantv.az\/wp-content\/uploads\/2021\/11\/2987885ec4765efc33d089ffee9ed854.jpg",450,300,false],"post-thumbnail":["https:\/\/arantv.az\/wp-content\/uploads\/2021\/11\/2987885ec4765efc33d089ffee9ed854-240x172.jpg",240,172,true],"advps-thumb-one":["https:\/\/arantv.az\/wp-content\/uploads\/2021\/11\/2987885ec4765efc33d089ffee9ed854.jpg",450,300,false]},"rttpg_author":{"display_name":"V\u00fcsal Rafiqo\u011flu","author_link":"https:\/\/arantv.az\/?author=2"},"rttpg_comment":0,"rttpg_category":"<a href=\"https:\/\/arantv.az\/?cat=19\" rel=\"category\">G\u00fcnd\u0259m<\/a>","rttpg_excerpt":"9 noyabr Az\u0259rbaycanda D\u00f6vl\u0259t Bayra\u011f\u0131 G\u00fcn\u00fcd\u00fcr Bu g\u00fcn-noyabr\u0131n 9-u Az\u0259rbaycanda D\u00f6vl\u0259t Bayra\u011f\u0131 G\u00fcn\u00fcd\u00fcr. \u00d6lk\u0259mizin \u00fc\u00e7r\u0259ngli bayra\u011f\u0131 d\u00f6vl\u0259t r\u0259mzi olaraq Az\u0259rbaycan Xalq C\u00fcmhuriyy\u0259ti h\u00f6kum\u0259tinin 1918-ci il 9 noyabr tarixli iclas\u0131nda q\u0259bul olunub. 1920-ci ilin 28 aprelind\u0259 Az\u0259rbaycan Sovetl\u0259r Birliyi t\u0259r\u0259find\u0259n i\u015f\u011fal edildikd\u0259n sonra Az\u0259rbaycan Xalq C\u00fcmhuriyy\u0259ti s\u00fcqut edib v\u0259 Az\u0259rbaycan \u00fc\u00e7r\u0259ngli bayra\u011f\u0131 da d\u0259yi\u015fdiril\u0259r\u0259k q\u0131rm\u0131z\u0131 sovet&hellip;","_links":{"self":[{"href":"https:\/\/arantv.az\/index.php?rest_route=\/wp\/v2\/posts\/401681"}],"collection":[{"href":"https:\/\/arantv.az\/index.php?rest_route=\/wp\/v2\/posts"}],"about":[{"href":"https:\/\/arantv.az\/index.php?rest_route=\/wp\/v2\/types\/post"}],"author":[{"embeddable":true,"href":"https:\/\/arantv.az\/index.php?rest_route=\/wp\/v2\/users\/2"}],"replies":[{"embeddable":true,"href":"https:\/\/arantv.az\/index.php?rest_route=%2Fwp%2Fv2%2Fcomments&post=401681"}],"version-history":[{"count":0,"href":"https:\/\/arantv.az\/index.php?rest_route=\/wp\/v2\/posts\/401681\/revisions"}],"wp:featuredmedia":[{"embeddable":true,"href":"https:\/\/arantv.az\/index.php?rest_route=\/wp\/v2\/media\/401682"}],"wp:attachment":[{"href":"https:\/\/arantv.az\/index.php?rest_route=%2Fwp%2Fv2%2Fmedia&parent=401681"}],"wp:term":[{"taxonomy":"category","embeddable":true,"href":"https:\/\/arantv.az\/index.php?rest_route=%2Fwp%2Fv2%2Fcategories&post=401681"},{"taxonomy":"post_tag","embeddable":true,"href":"https:\/\/arantv.az\/index.php?rest_route=%2Fwp%2Fv2%2Ftags&post=401681"}],"curies":[{"name":"wp","href":"https:\/\/api.w.org\/{rel}","templated":true}]}}