{"id":401690,"date":"2021-11-09T10:06:18","date_gmt":"2021-11-09T07:06:18","guid":{"rendered":"http:\/\/arantv.az\/?p=401690"},"modified":"2021-11-09T10:06:18","modified_gmt":"2021-11-09T07:06:18","slug":"erm%c9%99nistanin-mudafi%c9%99-naziri-qarabaga-g%c9%99lm%c9%99y%c9%99-c%c9%99sar%c9%99t-edib","status":"publish","type":"post","link":"https:\/\/arantv.az\/?p=401690","title":{"rendered":"Erm\u0259nistan\u0131n m\u00fcdafi\u0259 naziri Qaraba\u011fa g\u0259lm\u0259y\u0259 c\u0259sar\u0259t edib?"},"content":{"rendered":"<p>Erm\u0259nistan m\u0259tbuat\u0131nda \u00f6lk\u0259nin m\u00fcdafi\u0259 naziri Ar\u015fak Karapetyan\u0131n Qaraba\u011f\u0131n Rusiya s\u00fclhm\u0259raml\u0131lar\u0131n\u0131n m\u00fcv\u0259qq\u0259ti n\u0259zar\u0259tind\u0259 oldu\u011fu \u0259razil\u0259rin\u0259 s\u0259f\u0259r etm\u0259si bar\u0259d\u0259 informasiya yay\u0131l\u0131b.<\/p>\n<p>S\u00f6z\u00fcged\u0259n s\u0259f\u0259rin noyabr\u0131n 6-da ba\u015f tutdu\u011fu iddia olunur. Onun Qaraba\u011fda \u201cd\u00f6y\u00fc\u015f m\u00f6vqel\u0259rini\u201d ziyar\u0259t etdiyi, \u201cm\u00f6vqel\u0259rin g\u00fccl\u0259ndirilm\u0259si\u201d il\u0259 tan\u0131\u015f oldu\u011fu bildirilir.<\/p>\n<p>Erm\u0259ni nazirin Qaraba\u011fa getm\u0259sin\u0259 dair g\u00f6r\u00fcnt\u00fcl\u0259r m\u0259tbuatda \u0259ksini tapmay\u0131b. Bu informasiyan\u0131n erm\u0259ni t\u0259bli\u011fat ma\u015f\u0131n\u0131n\u0131n n\u00f6vb\u0259ti t\u0259xribat\u0131 olmas\u0131 da istisna deyil.<\/p>\n","protected":false},"excerpt":{"rendered":"<p>Erm\u0259nistan m\u0259tbuat\u0131nda \u00f6lk\u0259nin m\u00fcdafi\u0259 naziri Ar\u015fak Karapetyan\u0131n Qaraba\u011f\u0131n Rusiya s\u00fclhm\u0259raml\u0131lar\u0131n\u0131n m\u00fcv\u0259qq\u0259ti n\u0259zar\u0259tind\u0259 oldu\u011fu \u0259razil\u0259rin\u0259 s\u0259f\u0259r etm\u0259si bar\u0259d\u0259 informasiya yay\u0131l\u0131b. S\u00f6z\u00fcged\u0259n s\u0259f\u0259rin noyabr\u0131n 6-da ba\u015f tutdu\u011fu iddia olunur. Onun Qaraba\u011fda \u201cd\u00f6y\u00fc\u015f m\u00f6vqel\u0259rini\u201d ziyar\u0259t etdiyi, \u201cm\u00f6vqel\u0259rin g\u00fccl\u0259ndirilm\u0259si\u201d il\u0259 tan\u0131\u015f oldu\u011fu bildirilir. Erm\u0259ni nazirin Qaraba\u011fa getm\u0259sin\u0259 dair g\u00f6r\u00fcnt\u00fcl\u0259r m\u0259tbuatda \u0259ksini tapmay\u0131b. Bu informasiyan\u0131n erm\u0259ni t\u0259bli\u011fat ma\u015f\u0131n\u0131n\u0131n n\u00f6vb\u0259ti t\u0259xribat\u0131 olmas\u0131 da istisna deyil.<\/p>\n","protected":false},"author":2,"featured_media":401691,"comment_status":"closed","ping_status":"closed","sticky":false,"template":"","format":"standard","meta":{"om_disable_all_campaigns":false,"_monsterinsights_skip_tracking":false,"_monsterinsights_sitenote_active":false,"_monsterinsights_sitenote_note":"","_monsterinsights_sitenote_category":0},"categories":[10],"tags":[],"aioseo_notices":[],"gutentor_comment":0,"rttpg_featured_image_url":{"full":["https:\/\/arantv.az\/wp-content\/uploads\/2021\/11\/FotoJet-2021-11-09T103307.635.jpg",620,413,false],"landscape":["https:\/\/arantv.az\/wp-content\/uploads\/2021\/11\/FotoJet-2021-11-09T103307.635.jpg",620,413,false],"portraits":["https:\/\/arantv.az\/wp-content\/uploads\/2021\/11\/FotoJet-2021-11-09T103307.635.jpg",620,413,false],"thumbnail":["https:\/\/arantv.az\/wp-content\/uploads\/2021\/11\/FotoJet-2021-11-09T103307.635-500x280.jpg",500,280,true],"medium":["https:\/\/arantv.az\/wp-content\/uploads\/2021\/11\/FotoJet-2021-11-09T103307.635-548x365.jpg",548,365,true],"large":["https:\/\/arantv.az\/wp-content\/uploads\/2021\/11\/FotoJet-2021-11-09T103307.635.jpg",620,413,false],"1536x1536":["https:\/\/arantv.az\/wp-content\/uploads\/2021\/11\/FotoJet-2021-11-09T103307.635.jpg",620,413,false],"2048x2048":["https:\/\/arantv.az\/wp-content\/uploads\/2021\/11\/FotoJet-2021-11-09T103307.635.jpg",620,413,false],"post-thumbnail":["https:\/\/arantv.az\/wp-content\/uploads\/2021\/11\/FotoJet-2021-11-09T103307.635-240x172.jpg",240,172,true],"advps-thumb-one":["https:\/\/arantv.az\/wp-content\/uploads\/2021\/11\/FotoJet-2021-11-09T103307.635.jpg",620,413,false]},"rttpg_author":{"display_name":"V\u00fcsal Rafiqo\u011flu","author_link":"https:\/\/arantv.az\/?author=2"},"rttpg_comment":0,"rttpg_category":"<a href=\"https:\/\/arantv.az\/?cat=10\" rel=\"category\">C\u0259bh\u0259d\u0259n X\u0259b\u0259r<\/a>","rttpg_excerpt":"Erm\u0259nistan m\u0259tbuat\u0131nda \u00f6lk\u0259nin m\u00fcdafi\u0259 naziri Ar\u015fak Karapetyan\u0131n Qaraba\u011f\u0131n Rusiya s\u00fclhm\u0259raml\u0131lar\u0131n\u0131n m\u00fcv\u0259qq\u0259ti n\u0259zar\u0259tind\u0259 oldu\u011fu \u0259razil\u0259rin\u0259 s\u0259f\u0259r etm\u0259si bar\u0259d\u0259 informasiya yay\u0131l\u0131b. S\u00f6z\u00fcged\u0259n s\u0259f\u0259rin noyabr\u0131n 6-da ba\u015f tutdu\u011fu iddia olunur. Onun Qaraba\u011fda \u201cd\u00f6y\u00fc\u015f m\u00f6vqel\u0259rini\u201d ziyar\u0259t etdiyi, \u201cm\u00f6vqel\u0259rin g\u00fccl\u0259ndirilm\u0259si\u201d il\u0259 tan\u0131\u015f oldu\u011fu bildirilir. Erm\u0259ni nazirin Qaraba\u011fa getm\u0259sin\u0259 dair g\u00f6r\u00fcnt\u00fcl\u0259r m\u0259tbuatda \u0259ksini tapmay\u0131b. Bu informasiyan\u0131n erm\u0259ni t\u0259bli\u011fat ma\u015f\u0131n\u0131n\u0131n n\u00f6vb\u0259ti t\u0259xribat\u0131&hellip;","_links":{"self":[{"href":"https:\/\/arantv.az\/index.php?rest_route=\/wp\/v2\/posts\/401690"}],"collection":[{"href":"https:\/\/arantv.az\/index.php?rest_route=\/wp\/v2\/posts"}],"about":[{"href":"https:\/\/arantv.az\/index.php?rest_route=\/wp\/v2\/types\/post"}],"author":[{"embeddable":true,"href":"https:\/\/arantv.az\/index.php?rest_route=\/wp\/v2\/users\/2"}],"replies":[{"embeddable":true,"href":"https:\/\/arantv.az\/index.php?rest_route=%2Fwp%2Fv2%2Fcomments&post=401690"}],"version-history":[{"count":0,"href":"https:\/\/arantv.az\/index.php?rest_route=\/wp\/v2\/posts\/401690\/revisions"}],"wp:featuredmedia":[{"embeddable":true,"href":"https:\/\/arantv.az\/index.php?rest_route=\/wp\/v2\/media\/401691"}],"wp:attachment":[{"href":"https:\/\/arantv.az\/index.php?rest_route=%2Fwp%2Fv2%2Fmedia&parent=401690"}],"wp:term":[{"taxonomy":"category","embeddable":true,"href":"https:\/\/arantv.az\/index.php?rest_route=%2Fwp%2Fv2%2Fcategories&post=401690"},{"taxonomy":"post_tag","embeddable":true,"href":"https:\/\/arantv.az\/index.php?rest_route=%2Fwp%2Fv2%2Ftags&post=401690"}],"curies":[{"name":"wp","href":"https:\/\/api.w.org\/{rel}","templated":true}]}}