{"id":401693,"date":"2021-11-09T10:22:19","date_gmt":"2021-11-09T07:22:19","guid":{"rendered":"http:\/\/arantv.az\/?p=401693"},"modified":"2021-11-09T10:22:19","modified_gmt":"2021-11-09T07:22:19","slug":"topcu-vusal-muharib%c9%99d%c9%99-unuda-bilm%c9%99diyi-hadis%c9%99d%c9%99n-danisdi-foto","status":"publish","type":"post","link":"https:\/\/arantv.az\/?p=401693","title":{"rendered":"Top\u00e7u V\u00fcsal m\u00fcharib\u0259d\u0259 unuda bilm\u0259diyi hadis\u0259d\u0259n DANI\u015eDI &#8211; FOTO"},"content":{"rendered":"<p>O, m\u00fcharib\u0259 ba\u015flamadan \u0259vv\u0259l 2019-cu ilin iyulun 29-da h\u0259rbi xidm\u0259t\u0259 yola d\u00fc\u015f\u00fcr. Xidm\u0259t\u0259 ba\u015flad\u0131qdan 17 ay sonra Erm\u0259nistan Az\u0259rbaycana qar\u015f\u0131 h\u0259rbi t\u0259xribat t\u00f6r\u0259d\u0259r\u0259k d\u00f6y\u00fc\u015f m\u00f6vqel\u0259rimizi v\u0259 ya\u015fay\u0131\u015f m\u0259nt\u0259q\u0259l\u0259rimizi at\u0259\u015f\u0259 tutur.<\/p>\n<p>Ali Ba\u015f Komandan\u0131n \u0259mri il\u0259 sentyabr\u0131n 27-d\u0259 Az\u0259rbaycan Ordusu bu qanl\u0131 cinay\u0259t\u0259 cavab olaraq, geni\u015fmiqyasl\u0131 \u0259ks-h\u00fccum \u0259m\u0259liyyat\u0131na ba\u015flay\u0131r v\u0259 44 g\u00fcn davam ed\u0259n\u00a0V\u0259t\u0259n m\u00fcharib\u0259si ba\u015flay\u0131r.<\/p>\n<p>Modern.az\u00a0qalib ordunun qalib \u0259sg\u0259ri, V\u0259t\u0259n m\u00fcharib\u0259sinin unudulmaz ismi, \u201cTop\u00e7u\u201d l\u0259q\u0259bi il\u0259 tan\u0131nan V\u00fcsal \u015eahk\u0259rimovla h\u0259ms\u00f6hb\u0259t olub.<\/p>\n<div id=\"AdviadNativeVideo0\" class=\"AdviadNativeVideo\"><\/div>\n<p><img src=\"https:\/\/cdn.oxu.az\/uploads\/W1siZiIsIjIwMjEvMTEvMDkvMTAvMTEvMjMvYTZiNWI0MzctODdlYi00NjU1LWJhYWEtMDgwOWFjNzdhNTkyL21vZGVybi5hei0wOS4xMS4yMDIxLTE2MzY0MzY2MDYuanBnIl0sWyJwIiwiZW5jb2RlIiwianBnIiwiLXF1YWxpdHkgODAiXSxbInAiLCJ0aHVtYiIsIjU5MHg1OTBcdTAwM2UiXV0?sha=977d3c8e5cf56878\" alt=\"\" \/><\/p>\n<p>\u201c\u0130ndi \u00f6t\u0259n ili d\u00fc\u015f\u00fcn\u0259nd\u0259, xat\u0131rlayanda h\u0259m k\u0259d\u0259r, h\u0259m d\u0259 sevinc hissi ke\u00e7irir\u0259m. Yax\u0131nlar\u0131m\u0131z, o c\u00fcr igid o\u011fullar q\u0259hr\u0259mancas\u0131na \u015f\u0259hid oldular. Qism\u0259t bel\u0259 imi\u015f&#8230; Torpaqlar\u0131m\u0131z\u0131 geri alma\u011f\u0131m\u0131z, qalib olma\u011f\u0131m\u0131z, 30 illik h\u0259sr\u0259t\u0259 son qoyulmas\u0131 sevinci is\u0259 bir ba\u015fqad\u0131r. Onu s\u00f6zl\u0259 ifad\u0259 etm\u0259k \u00e7\u0259tindir. Bu sevincd\u0259 m\u0259nim d\u0259 pay\u0131m\u0131n olmas\u0131, o d\u00f6y\u00fc\u015fl\u0259rd\u0259 Az\u0259rbaycan \u0259sg\u0259ri kimi i\u015ftirak etm\u0259yimin q\u00fcrurunu h\u0259l\u0259 d\u0259 ya\u015fay\u0131ram\u201d, &#8211; dey\u0259 V.\u015eahk\u0259rimov qeyd edib.<\/p>\n<p><img src=\"https:\/\/cdn.oxu.az\/uploads\/W1siZiIsIjIwMjEvMTEvMDkvMTAvMTEvMjMvNDZmMjlmMzYtZGVkMi00YjQzLWI4OWMtMmU5OGU1MjU3M2U0L3RvcMOndSB2w7xzYWwyLW1vZGVybi5hei5qcGciXSxbInAiLCJlbmNvZGUiLCJqcGciLCItcXVhbGl0eSA4MCJdLFsicCIsInRodW1iIiwiNTkweDU5MFx1MDAzZSJdXQ?sha=05888c31e7c56f0a\" alt=\"\" \/><\/p>\n<p>V\u00fcsal d\u00f6y\u00fc\u015fl\u0259r\u0259 ilk olaraq F\u00fczuli rayonundan ba\u015flad\u0131qlar\u0131n\u0131 deyir:<\/p>\n<p>\u201cDaha sonra C\u0259bray\u0131l, Qubadl\u0131 u\u011frunda ged\u0259n d\u00f6y\u00fc\u015fl\u0259rd\u0259 i\u015ftirak etdim. Sonda h\u0259rbi hiss\u0259mizi \u015eu\u015faya k\u00f6\u00e7\u00fcrd\u00fcl\u0259r. D\u00f6y\u00fc\u015fl\u0259r bit\u0259nd\u0259n sonra 2021-ci ilin iyul ay\u0131n\u0131n 1-d\u0259 \u015eu\u015fadan t\u0259rxis olundum. Alt\u0131\u00a0ay art\u0131q, toplamda 24 ay h\u0259rbi xidm\u0259t g\u00f6st\u0259rdim. Bununla da ayr\u0131ca q\u00fcrur duyuram\u201d.<\/p>\n<p>Bir il bundan \u00f6nc\u0259 h\u0259r k\u0259sin f\u0259xrl\u0259 payla\u015fd\u0131\u011f\u0131 fotonu, y\u0259qin ki, xat\u0131rlay\u0131rs\u0131n\u0131z. B\u0259li, \u201cTop\u00e7u\u201d l\u0259q\u0259bini ona qazand\u0131ran h\u0259min fotonun \u00e7\u0259kilm\u0259 an\u0131n\u0131 xat\u0131rlay\u0131r, q\u0259hr\u0259man\u0131m\u0131z:<\/p>\n<p>\u201cD\u00f6y\u00fc\u015fl\u0259rd\u0259 topu ba\u015f tu\u015flay\u0131c\u0131 kimi at\u0131rd\u0131m. Bu s\u0259hn\u0259 t\u0259sad\u00fcfi epizoddan yaran\u0131b. Kadrlar Qubadl\u0131n\u0131n Sar\u0131yataq k\u0259ndind\u0259 d\u00f6y\u00fc\u015f zaman\u0131 lent\u0259 al\u0131n\u0131b. H\u0259min g\u00fcn M\u00fcdafi\u0259 Nazirliyinin \u00e7\u0259kili\u015f qrupu \u0259razid\u0259 h\u0259yata ke\u00e7iril\u0259n d\u00f6y\u00fc\u015f taktikalar\u0131n\u0131 \u00e7\u0259kirdi.<\/p>\n<p><img src=\"https:\/\/cdn.oxu.az\/uploads\/W1siZiIsIjIwMjEvMTEvMDkvMTAvMTEvMjIvYzE2ZWQwMDQtNjNlOC00MmI5LThmOGItYjdjNDExOWEzYjBkL3RvcMOndSB2w7xzYWw3LW1vZGVybjE2MzY0MzY2MDIuanBnIl0sWyJwIiwiZW5jb2RlIiwianBnIiwiLXF1YWxpdHkgODAiXSxbInAiLCJ0aHVtYiIsIjU5MHg1OTBcdTAwM2UiXV0?sha=0af6dbf6a6d60192\" alt=\"\" \/><\/p>\n<p>H\u0259r bir \u0259sg\u0259r \u00fcz\u0259rin\u0259 d\u00fc\u015f\u0259n missiyan\u0131 yerin\u0259 yetirm\u0259y\u0259 \u00e7al\u0131\u015f\u0131rd\u0131. M\u0259nim d\u0259 fikrim topu s\u0259rrast i\u015fl\u0259tm\u0259yimin yan\u0131nda idi. Bel\u0259 vaxtlarda n\u0259 \u00e7\u0259kili\u015f qrupunun, n\u0259 d\u0259 \u0259sg\u0259rl\u0259rin bir-birin\u0259 yax\u0131nla\u015fma\u011fa icaz\u0259si vard\u0131.<\/p>\n<p>El\u0259 bu anda bel\u0259 bir maraql\u0131, t\u0259sad\u00fcfi epizod yarand\u0131\u201d.<\/p>\n<p>Bir m\u00fcdd\u0259t sonra h\u0259min m\u0259\u015fhur fotonu ondan icaz\u0259siz spirtli i\u00e7kil\u0259rin \u00fcz\u0259rin\u0259 vururlar. Bundan x\u0259b\u0259ri olanda is\u0259 d\u0259rhal etiraz edir:<\/p>\n<p>\u201cH\u0259min vaxt m\u0259n Qubadl\u0131 rayonunda idim, d\u00f6y\u00fc\u015f bitmi\u015fdi. Z\u0259ng edib m\u0259n\u0259 dey\u0259nd\u0259\u00a0bildirdim ki, \u015f\u0259klimin spirtli i\u00e7kil\u0259rd\u0259 olmas\u0131n\u0131 ist\u0259mir\u0259m. Etiraz ed\u0259nd\u0259n sonra y\u0131\u011f\u0131\u015fd\u0131rd\u0131lar\u201d.<\/p>\n<p>Qalibiyy\u0259t\u0259 q\u0259d\u0259r m\u00fcharib\u0259 h\u0259m d\u0259 t\u0259hl\u00fck\u0259, \u00f6l\u00fcm, h\u0259y\u0259can hissi ya\u015fad\u0131r&#8230;<\/p>\n<p>\u201cD\u00f6y\u00fc\u015f\u0259 s\u0259f\u0259rb\u0259rlikl\u0259 g\u0259l\u0259nl\u0259rl\u0259 birg\u0259 ba\u015flad\u0131q. \u0130lk ba\u015flad\u0131\u011f\u0131m\u0131z g\u00fcn qorxu yox, az m\u00fcdd\u0259t h\u0259y\u0259can oldu. Sonra al\u0131\u015fd\u0131q. F\u00fczuli rayonunda d\u00f6y\u00fc\u015fl\u0259rin birind\u0259 unuda bilm\u0259diyim bir hadis\u0259 ya\u015fad\u0131m.\u00a0D\u00fc\u015fm\u0259n ordusu yerimizi tapm\u0131\u015fd\u0131. Dayanmadan m\u0259rmi ya\u011fd\u0131r\u0131rd\u0131lar. Q\u0259lp\u0259 s\u0259f\u0259rb\u0259rlikl\u0259 g\u0259l\u0259n \u0259sg\u0259r yolda\u015f\u0131m\u0131n belin\u0259 d\u0259ydi. O an dostuma n\u0259s\u0259 olar dey\u0259\u00a0\u00e7ox qorxdum. \u015e\u00fck\u00fcr Allaha, ciddi x\u0259sar\u0259t almad\u0131. Bizim diviziyada \u015f\u0259hid yox, yaral\u0131lar oldu. \u0130ndi ham\u0131m\u0131z\u0131n bir-birimizl\u0259 \u0259laq\u0259miz var. Yeri g\u0259l\u0259nd\u0259 g\u00f6r\u00fc\u015f\u00fcr\u00fck d\u0259\u201d.<\/p>\n<p><img src=\"https:\/\/cdn.oxu.az\/uploads\/W1siZiIsIjIwMjEvMTEvMDkvMTAvMTEvMjIvYjVjNTk5NmYtN2QyNy00MDNhLWIzZTctNDgzZTIwNTU4YjU4L3RvcMOndSB2w7xzYWw0LW1vZGVybjE2MzY0MzY2MDIuanBnIl0sWyJwIiwiZW5jb2RlIiwianBnIiwiLXF1YWxpdHkgODAiXSxbInAiLCJ0aHVtYiIsIjU5MHg1OTBcdTAwM2UiXV0?sha=cf790bfb27d2b405\" alt=\"\" \/><\/p>\n<p>Top\u00e7u V\u00fcsal q\u0259l\u0259b\u0259d\u0259 onun da pay\u0131n\u0131n olmas\u0131n\u0131 nec\u0259 bir hiss oldu\u011funu s\u00f6zl\u0259 ifad\u0259 etm\u0259kd\u0259 \u00e7\u0259tinlik \u00e7\u0259kdiyini etiraf edir:<\/p>\n<p>\u201cQ\u0131sacas\u0131 deyim ki, b\u00f6y\u00fck q\u00fcrur hissidir. Kiml\u0259rins\u0259 yan\u0131nda s\u00f6hb\u0259t ed\u0259nd\u0259 Az\u0259rbaycan o\u011flu, \u0259sg\u0259r olaraq m\u00fcharib\u0259d\u0259 i\u015ftirak etdiyim \u00fc\u00e7\u00fcn f\u0259xr edir\u0259m\u201d.<\/p>\n<p>Q\u0259hr\u0259man\u0131m\u0131z F\u00fczuli, C\u0259bray\u0131l v\u0259 Qubadl\u0131n\u0131n i\u015f\u011faldan azad olunmas\u0131 u\u011frunda ged\u0259n d\u00f6y\u00fc\u015fl\u0259rd\u0259 i\u015ftirak etdiyi\u00a0\u00fc\u00e7\u00fcn medallarla t\u0259ltif olunub.<\/p>\n<p>Ham\u0131m\u0131z\u0131n Top\u00e7u V\u00fcsal kimi tan\u0131d\u0131\u011f\u0131 q\u0259hr\u0259man\u0131m\u0131z haz\u0131rda Xa\u00e7maz rayon F\u00f6vq\u0259lad\u0259 Hallar Nazirliyinin d\u0259ft\u0259rxanas\u0131nda karg\u00fczar kimi \u00e7al\u0131\u015f\u0131r.<\/p>\n<p><img src=\"https:\/\/cdn.oxu.az\/uploads\/W1siZiIsIjIwMjEvMTEvMDkvMTAvMTEvMjIvYmQyNWEzNmMtNzQxMC00NTc5LWJlZmMtZmZkMDkzNzkzN2RmL3RvcMOndSB2w7xzYWwtbW9kZXJuMTYzNjQzNjYwMi5qcGciXSxbInAiLCJlbmNvZGUiLCJqcGciLCItcXVhbGl0eSA4MCJdLFsicCIsInRodW1iIiwiNTkweDU5MFx1MDAzZSJdXQ?sha=269b5cf95663091a\" alt=\"\" \/><img src=\"https:\/\/cdn.oxu.az\/uploads\/W1siZiIsIjIwMjEvMTEvMDkvMTAvMTEvMjMvNjQ3ZjU0YzktNTAzMi00YTY2LThmNTUtYTk1MGM5NmZkYzFmL3RvcMOndSB2w7xzYWwzLW1vZGVybjE2MzY0MzY2MDIuanBnIl0sWyJwIiwiZW5jb2RlIiwianBnIiwiLXF1YWxpdHkgODAiXSxbInAiLCJ0aHVtYiIsIjU5MHg1OTBcdTAwM2UiXV0?sha=ee25cee174398ba2\" alt=\"\" \/><img src=\"https:\/\/cdn.oxu.az\/uploads\/W1siZiIsIjIwMjEvMTEvMDkvMTAvMTEvMjIvMWY3OTk4N2YtMjE4YS00ZmI1LWFlYjYtMDk4NGY3M2JjYzA0L3RvcMOndSB2w7xzYWw5LW1vZGVybjE2MzY0MzY2MDIuanBnIl0sWyJwIiwiZW5jb2RlIiwianBnIiwiLXF1YWxpdHkgODAiXSxbInAiLCJ0aHVtYiIsIjU5MHg1OTBcdTAwM2UiXV0?sha=4accbdd333bcac93\" alt=\"\" \/><\/p>\n<p><img src=\"https:\/\/cdn.oxu.az\/uploads\/W1siZiIsIjIwMjEvMTEvMDkvMTAvMTEvMjMvNzRiMzU2OWItMDgwNy00NGM2LTkyZjItNTQ4ZDcyYjY3ZTVmL3RvcMOndSB2w7xzYWw4LW1vZGVybi5hei5qcGciXSxbInAiLCJlbmNvZGUiLCJqcGciLCItcXVhbGl0eSA4MCJdLFsicCIsInRodW1iIiwiNTkweDU5MFx1MDAzZSJdXQ?sha=54e6efd257e49799\" alt=\"\" \/><\/p>\n","protected":false},"excerpt":{"rendered":"<p>O, m\u00fcharib\u0259 ba\u015flamadan \u0259vv\u0259l 2019-cu ilin iyulun 29-da h\u0259rbi xidm\u0259t\u0259 yola d\u00fc\u015f\u00fcr. Xidm\u0259t\u0259 ba\u015flad\u0131qdan 17 ay sonra Erm\u0259nistan Az\u0259rbaycana qar\u015f\u0131 h\u0259rbi t\u0259xribat t\u00f6r\u0259d\u0259r\u0259k d\u00f6y\u00fc\u015f m\u00f6vqel\u0259rimizi v\u0259 ya\u015fay\u0131\u015f m\u0259nt\u0259q\u0259l\u0259rimizi at\u0259\u015f\u0259 tutur. Ali Ba\u015f Komandan\u0131n \u0259mri il\u0259 sentyabr\u0131n 27-d\u0259 Az\u0259rbaycan Ordusu bu qanl\u0131 cinay\u0259t\u0259 cavab olaraq, geni\u015fmiqyasl\u0131 \u0259ks-h\u00fccum \u0259m\u0259liyyat\u0131na ba\u015flay\u0131r v\u0259 44 g\u00fcn davam ed\u0259n\u00a0V\u0259t\u0259n m\u00fcharib\u0259si ba\u015flay\u0131r. Modern.az\u00a0qalib ordunun qalib \u0259sg\u0259ri, V\u0259t\u0259n m\u00fcharib\u0259sinin unudulmaz ismi, \u201cTop\u00e7u\u201d l\u0259q\u0259bi il\u0259 tan\u0131nan V\u00fcsal \u015eahk\u0259rimovla h\u0259ms\u00f6hb\u0259t olub. \u201c\u0130ndi \u00f6t\u0259n ili d\u00fc\u015f\u00fcn\u0259nd\u0259, xat\u0131rlayanda h\u0259m k\u0259d\u0259r, h\u0259m d\u0259 sevinc hissi ke\u00e7irir\u0259m. Yax\u0131nlar\u0131m\u0131z, o c\u00fcr igid o\u011fullar q\u0259hr\u0259mancas\u0131na \u015f\u0259hid&hellip;<\/p>\n","protected":false},"author":2,"featured_media":401694,"comment_status":"closed","ping_status":"closed","sticky":false,"template":"","format":"standard","meta":{"om_disable_all_campaigns":false,"_monsterinsights_skip_tracking":false,"_monsterinsights_sitenote_active":false,"_monsterinsights_sitenote_note":"","_monsterinsights_sitenote_category":0},"categories":[26],"tags":[],"aioseo_notices":[],"gutentor_comment":0,"rttpg_featured_image_url":{"full":["https:\/\/arantv.az\/wp-content\/uploads\/2021\/11\/FotoJet-2021-11-09T100739.171.jpg",620,413,false],"landscape":["https:\/\/arantv.az\/wp-content\/uploads\/2021\/11\/FotoJet-2021-11-09T100739.171.jpg",620,413,false],"portraits":["https:\/\/arantv.az\/wp-content\/uploads\/2021\/11\/FotoJet-2021-11-09T100739.171.jpg",620,413,false],"thumbnail":["https:\/\/arantv.az\/wp-content\/uploads\/2021\/11\/FotoJet-2021-11-09T100739.171-500x280.jpg",500,280,true],"medium":["https:\/\/arantv.az\/wp-content\/uploads\/2021\/11\/FotoJet-2021-11-09T100739.171-548x365.jpg",548,365,true],"large":["https:\/\/arantv.az\/wp-content\/uploads\/2021\/11\/FotoJet-2021-11-09T100739.171.jpg",620,413,false],"1536x1536":["https:\/\/arantv.az\/wp-content\/uploads\/2021\/11\/FotoJet-2021-11-09T100739.171.jpg",620,413,false],"2048x2048":["https:\/\/arantv.az\/wp-content\/uploads\/2021\/11\/FotoJet-2021-11-09T100739.171.jpg",620,413,false],"post-thumbnail":["https:\/\/arantv.az\/wp-content\/uploads\/2021\/11\/FotoJet-2021-11-09T100739.171-240x172.jpg",240,172,true],"advps-thumb-one":["https:\/\/arantv.az\/wp-content\/uploads\/2021\/11\/FotoJet-2021-11-09T100739.171.jpg",620,413,false]},"rttpg_author":{"display_name":"V\u00fcsal Rafiqo\u011flu","author_link":"https:\/\/arantv.az\/?author=2"},"rttpg_comment":0,"rttpg_category":"<a href=\"https:\/\/arantv.az\/?cat=26\" rel=\"category\">Sosial<\/a>","rttpg_excerpt":"O, m\u00fcharib\u0259 ba\u015flamadan \u0259vv\u0259l 2019-cu ilin iyulun 29-da h\u0259rbi xidm\u0259t\u0259 yola d\u00fc\u015f\u00fcr. Xidm\u0259t\u0259 ba\u015flad\u0131qdan 17 ay sonra Erm\u0259nistan Az\u0259rbaycana qar\u015f\u0131 h\u0259rbi t\u0259xribat t\u00f6r\u0259d\u0259r\u0259k d\u00f6y\u00fc\u015f m\u00f6vqel\u0259rimizi v\u0259 ya\u015fay\u0131\u015f m\u0259nt\u0259q\u0259l\u0259rimizi at\u0259\u015f\u0259 tutur. Ali Ba\u015f Komandan\u0131n \u0259mri il\u0259 sentyabr\u0131n 27-d\u0259 Az\u0259rbaycan Ordusu bu qanl\u0131 cinay\u0259t\u0259 cavab olaraq, geni\u015fmiqyasl\u0131 \u0259ks-h\u00fccum \u0259m\u0259liyyat\u0131na ba\u015flay\u0131r v\u0259 44 g\u00fcn davam ed\u0259n\u00a0V\u0259t\u0259n m\u00fcharib\u0259si ba\u015flay\u0131r.&hellip;","_links":{"self":[{"href":"https:\/\/arantv.az\/index.php?rest_route=\/wp\/v2\/posts\/401693"}],"collection":[{"href":"https:\/\/arantv.az\/index.php?rest_route=\/wp\/v2\/posts"}],"about":[{"href":"https:\/\/arantv.az\/index.php?rest_route=\/wp\/v2\/types\/post"}],"author":[{"embeddable":true,"href":"https:\/\/arantv.az\/index.php?rest_route=\/wp\/v2\/users\/2"}],"replies":[{"embeddable":true,"href":"https:\/\/arantv.az\/index.php?rest_route=%2Fwp%2Fv2%2Fcomments&post=401693"}],"version-history":[{"count":0,"href":"https:\/\/arantv.az\/index.php?rest_route=\/wp\/v2\/posts\/401693\/revisions"}],"wp:featuredmedia":[{"embeddable":true,"href":"https:\/\/arantv.az\/index.php?rest_route=\/wp\/v2\/media\/401694"}],"wp:attachment":[{"href":"https:\/\/arantv.az\/index.php?rest_route=%2Fwp%2Fv2%2Fmedia&parent=401693"}],"wp:term":[{"taxonomy":"category","embeddable":true,"href":"https:\/\/arantv.az\/index.php?rest_route=%2Fwp%2Fv2%2Fcategories&post=401693"},{"taxonomy":"post_tag","embeddable":true,"href":"https:\/\/arantv.az\/index.php?rest_route=%2Fwp%2Fv2%2Ftags&post=401693"}],"curies":[{"name":"wp","href":"https:\/\/api.w.org\/{rel}","templated":true}]}}