{"id":401702,"date":"2021-11-09T10:25:37","date_gmt":"2021-11-09T07:25:37","guid":{"rendered":"http:\/\/arantv.az\/?p=401702"},"modified":"2021-11-09T10:25:37","modified_gmt":"2021-11-09T07:25:37","slug":"imza-8-noyabr-z%c9%99f%c9%99r-gunu-il%c9%99-%c9%99laq%c9%99dar-video-t%c9%99brik-hazirlayib","status":"publish","type":"post","link":"https:\/\/arantv.az\/?p=401702","title":{"rendered":"&#8220;\u0130MZA&#8221; 8 Noyabr \u2013 Z\u0259f\u0259r G\u00fcn\u00fc il\u0259 \u0259laq\u0259dar video t\u0259brik haz\u0131rlay\u0131b"},"content":{"rendered":"<div class=\"content lead font-weight-normal\">\n<p>&#8220;\u0130MZA&#8221; Sosial \u0130nki\u015fafa D\u0259st\u0259k \u0130ctimai Birliyi 8 Noyabr \u2013 Z\u0259f\u0259r G\u00fcn\u00fc il\u0259 \u0259laq\u0259dar tan\u0131nm\u0131\u015f simalar\u0131n bayram m\u00fcraci\u0259tl\u0259ri \u0259sas\u0131nda x\u00fcsusi video t\u0259brik haz\u0131rlay\u0131b.<\/p>\n<p><strong>ARANTV.AZ<\/strong> x\u0259b\u0259r verir ki, bu bar\u0259d\u0259 \u0130ctimai Birliyin Beyn\u0259lxalq v\u0259 \u0130ctimaiyy\u0259tl\u0259 \u0259laq\u0259l\u0259r departamentinin direktoru Elnar M\u0259mm\u0259dli m\u0259lumat verib.<\/p>\n<p>Qeyd edilib ki, m\u00fcraci\u0259tl\u0259rind\u0259 &#8220;\u0130MZA&#8221;- \u00e7\u0131lar ad\u0131ndan \u0130B-nin s\u0259dri X\u0259yyam \u018fsg\u0259rov, o c\u00fcml\u0259d\u0259n d\u00fcnyan\u0131n m\u00fcxt\u0259lif \u00f6lk\u0259l\u0259rind\u0259n tan\u0131nm\u0131\u015f ictimai-siyasi xadiml\u0259r, diplomatlar, mill\u0259t v\u0259kill\u0259ri, ziyal\u0131lar \u00f6lk\u0259 Prezidenti, M\u00fcz\u0259ff\u0259r Ali Ba\u015f Komandan c\u0259nab \u0130lham \u018fliyev\u0259, Birinci vitse-prezident Mehriban xan\u0131m \u018fliyevaya v\u0259 qalib Az\u0259rbaycan xalq\u0131na q\u0259l\u0259b\u0259 m\u00fcnasib\u0259til\u0259 \u00f6z t\u0259brikl\u0259rini, xo\u015f arzular\u0131n\u0131 \u00e7atd\u0131r\u0131rlar.<\/p>\n<div class=\"clearfix\"><\/div>\n<\/div>\n<p><iframe loading=\"lazy\" src=\"https:\/\/www.youtube.com\/embed\/L2Vro04Oae0\" width=\"100%\" height=\"450\" frameborder=\"0\" allowfullscreen=\"allowfullscreen\" data-mce-fragment=\"1\"><\/iframe><\/p>\n<div class=\"sharing my-2 row no-gutters d-print-none\">\n<div class=\"col-md-3\"><\/div>\n<\/div>\n","protected":false},"excerpt":{"rendered":"<p>&#8220;\u0130MZA&#8221; Sosial \u0130nki\u015fafa D\u0259st\u0259k \u0130ctimai Birliyi 8 Noyabr \u2013 Z\u0259f\u0259r G\u00fcn\u00fc il\u0259 \u0259laq\u0259dar tan\u0131nm\u0131\u015f simalar\u0131n bayram m\u00fcraci\u0259tl\u0259ri \u0259sas\u0131nda x\u00fcsusi video t\u0259brik haz\u0131rlay\u0131b. ARANTV.AZ x\u0259b\u0259r verir ki, bu bar\u0259d\u0259 \u0130ctimai Birliyin Beyn\u0259lxalq v\u0259 \u0130ctimaiyy\u0259tl\u0259 \u0259laq\u0259l\u0259r departamentinin direktoru Elnar M\u0259mm\u0259dli m\u0259lumat verib. Qeyd edilib ki, m\u00fcraci\u0259tl\u0259rind\u0259 &#8220;\u0130MZA&#8221;- \u00e7\u0131lar ad\u0131ndan \u0130B-nin s\u0259dri X\u0259yyam \u018fsg\u0259rov, o c\u00fcml\u0259d\u0259n d\u00fcnyan\u0131n m\u00fcxt\u0259lif \u00f6lk\u0259l\u0259rind\u0259n tan\u0131nm\u0131\u015f ictimai-siyasi xadiml\u0259r, diplomatlar, mill\u0259t v\u0259kill\u0259ri, ziyal\u0131lar \u00f6lk\u0259 Prezidenti, M\u00fcz\u0259ff\u0259r Ali Ba\u015f Komandan c\u0259nab \u0130lham \u018fliyev\u0259, Birinci vitse-prezident Mehriban xan\u0131m \u018fliyevaya v\u0259 qalib Az\u0259rbaycan xalq\u0131na q\u0259l\u0259b\u0259 m\u00fcnasib\u0259til\u0259 \u00f6z t\u0259brikl\u0259rini, xo\u015f arzular\u0131n\u0131 \u00e7atd\u0131r\u0131rlar.<\/p>\n","protected":false},"author":2,"featured_media":401703,"comment_status":"closed","ping_status":"closed","sticky":false,"template":"","format":"standard","meta":{"om_disable_all_campaigns":false,"_monsterinsights_skip_tracking":false,"_monsterinsights_sitenote_active":false,"_monsterinsights_sitenote_note":"","_monsterinsights_sitenote_category":0},"categories":[26],"tags":[],"aioseo_notices":[],"gutentor_comment":0,"rttpg_featured_image_url":{"full":["https:\/\/arantv.az\/wp-content\/uploads\/2021\/11\/96c5c28b163644141790683555410351575.jpg",975,540,false],"landscape":["https:\/\/arantv.az\/wp-content\/uploads\/2021\/11\/96c5c28b163644141790683555410351575.jpg",975,540,false],"portraits":["https:\/\/arantv.az\/wp-content\/uploads\/2021\/11\/96c5c28b163644141790683555410351575.jpg",975,540,false],"thumbnail":["https:\/\/arantv.az\/wp-content\/uploads\/2021\/11\/96c5c28b163644141790683555410351575-500x280.jpg",500,280,true],"medium":["https:\/\/arantv.az\/wp-content\/uploads\/2021\/11\/96c5c28b163644141790683555410351575-660x365.jpg",660,365,true],"large":["https:\/\/arantv.az\/wp-content\/uploads\/2021\/11\/96c5c28b163644141790683555410351575-840x465.jpg",640,354,true],"1536x1536":["https:\/\/arantv.az\/wp-content\/uploads\/2021\/11\/96c5c28b163644141790683555410351575.jpg",975,540,false],"2048x2048":["https:\/\/arantv.az\/wp-content\/uploads\/2021\/11\/96c5c28b163644141790683555410351575.jpg",975,540,false],"post-thumbnail":["https:\/\/arantv.az\/wp-content\/uploads\/2021\/11\/96c5c28b163644141790683555410351575-240x172.jpg",240,172,true],"advps-thumb-one":["https:\/\/arantv.az\/wp-content\/uploads\/2021\/11\/96c5c28b163644141790683555410351575.jpg",975,540,false]},"rttpg_author":{"display_name":"V\u00fcsal Rafiqo\u011flu","author_link":"https:\/\/arantv.az\/?author=2"},"rttpg_comment":0,"rttpg_category":"<a href=\"https:\/\/arantv.az\/?cat=26\" rel=\"category\">Sosial<\/a>","rttpg_excerpt":"&#8220;\u0130MZA&#8221; Sosial \u0130nki\u015fafa D\u0259st\u0259k \u0130ctimai Birliyi 8 Noyabr \u2013 Z\u0259f\u0259r G\u00fcn\u00fc il\u0259 \u0259laq\u0259dar tan\u0131nm\u0131\u015f simalar\u0131n bayram m\u00fcraci\u0259tl\u0259ri \u0259sas\u0131nda x\u00fcsusi video t\u0259brik haz\u0131rlay\u0131b. ARANTV.AZ x\u0259b\u0259r verir ki, bu bar\u0259d\u0259 \u0130ctimai Birliyin Beyn\u0259lxalq v\u0259 \u0130ctimaiyy\u0259tl\u0259 \u0259laq\u0259l\u0259r departamentinin direktoru Elnar M\u0259mm\u0259dli m\u0259lumat verib. Qeyd edilib ki, m\u00fcraci\u0259tl\u0259rind\u0259 &#8220;\u0130MZA&#8221;- \u00e7\u0131lar ad\u0131ndan \u0130B-nin s\u0259dri X\u0259yyam \u018fsg\u0259rov, o c\u00fcml\u0259d\u0259n d\u00fcnyan\u0131n m\u00fcxt\u0259lif&hellip;","_links":{"self":[{"href":"https:\/\/arantv.az\/index.php?rest_route=\/wp\/v2\/posts\/401702"}],"collection":[{"href":"https:\/\/arantv.az\/index.php?rest_route=\/wp\/v2\/posts"}],"about":[{"href":"https:\/\/arantv.az\/index.php?rest_route=\/wp\/v2\/types\/post"}],"author":[{"embeddable":true,"href":"https:\/\/arantv.az\/index.php?rest_route=\/wp\/v2\/users\/2"}],"replies":[{"embeddable":true,"href":"https:\/\/arantv.az\/index.php?rest_route=%2Fwp%2Fv2%2Fcomments&post=401702"}],"version-history":[{"count":0,"href":"https:\/\/arantv.az\/index.php?rest_route=\/wp\/v2\/posts\/401702\/revisions"}],"wp:featuredmedia":[{"embeddable":true,"href":"https:\/\/arantv.az\/index.php?rest_route=\/wp\/v2\/media\/401703"}],"wp:attachment":[{"href":"https:\/\/arantv.az\/index.php?rest_route=%2Fwp%2Fv2%2Fmedia&parent=401702"}],"wp:term":[{"taxonomy":"category","embeddable":true,"href":"https:\/\/arantv.az\/index.php?rest_route=%2Fwp%2Fv2%2Fcategories&post=401702"},{"taxonomy":"post_tag","embeddable":true,"href":"https:\/\/arantv.az\/index.php?rest_route=%2Fwp%2Fv2%2Ftags&post=401702"}],"curies":[{"name":"wp","href":"https:\/\/api.w.org\/{rel}","templated":true}]}}