{"id":401705,"date":"2021-11-09T10:34:56","date_gmt":"2021-11-09T07:34:56","guid":{"rendered":"http:\/\/arantv.az\/?p=401705"},"modified":"2021-11-09T10:34:56","modified_gmt":"2021-11-09T07:34:56","slug":"erm%c9%99nil%c9%99r-susadaki-at%c9%99sf%c9%99sanligi-xank%c9%99ndid%c9%99n-izl%c9%99dil%c9%99r-video","status":"publish","type":"post","link":"https:\/\/arantv.az\/?p=401705","title":{"rendered":"Erm\u0259nil\u0259r \u015eu\u015fadak\u0131 at\u0259\u015ff\u0259\u015fanl\u0131\u011f\u0131 Xank\u0259ndid\u0259n izl\u0259dil\u0259r &#8211; V\u0130DEO"},"content":{"rendered":"<p>8 noyabr Z\u0259f\u0259r G\u00fcn\u00fc m\u00fcnasib\u0259til\u0259 \u015eu\u015fada torpaqlar\u0131m\u0131z\u0131n i\u015f\u011faldan azad edilm\u0259si v\u0259 \u015fanl\u0131 z\u0259f\u0259r tariximiz\u0259 h\u0259sr olunan musiqili at\u0259\u015ff\u0259\u015fanl\u0131q olub.<\/p>\n<p>Bu at\u0259\u015ff\u0259\u015fanl\u0131q \u015eu\u015fan\u0131n yax\u0131nl\u0131\u011f\u0131nda olan Xank\u0259ndi \u015f\u0259h\u0259rind\u0259n d\u0259 m\u00fc\u015fahid\u0259 olunub.<\/p>\n<div id=\"AdviadNativeVideo0\" class=\"AdviadNativeVideo\"><\/div>\n<p>Xank\u0259ndid\u0259 ya\u015fayan erm\u0259nil\u0259r bununla ba\u011fl\u0131 g\u00f6r\u00fcnt\u00fcl\u0259ri sosial \u015f\u0259b\u0259k\u0259d\u0259\u00a0yay\u0131blar.<\/p>\n<p>Bu g\u00f6r\u00fcnt\u00fcl\u0259r s\u00f6z\u00fcn \u0259sl m\u0259nas\u0131nda dost \u00fc\u00e7\u00fcn iftixar, d\u00fc\u015fm\u0259n \u00fc\u00e7\u00fcn is\u0259 g\u00f6zda\u011f\u0131na \u00e7evrilib. Bel\u0259 ki, \u015eu\u015fadak\u0131 at\u0259\u015ff\u0259\u015fanl\u0131q revan\u015fist fikirli erm\u0259nil\u0259r \u00fc\u00e7\u00fcn \u0259sl i\u015fg\u0259nc\u0259y\u0259 \u00e7evrilib des\u0259k yan\u0131lmar\u0131q. Bunu onlar\u0131n \u015eu\u015fadak\u0131 m\u00f6ht\u0259\u015f\u0259m g\u00f6r\u00fcnt\u00fcy\u0259 verdikl\u0259ri q\u0259z\u0259bli reaksiyadan da anlamaq olar.<\/p>\n<div><iframe id=\"instagram-embed-0\" class=\"instagram-media instagram-media-rendered\" src=\"https:\/\/www.instagram.com\/p\/CWC9wImDD2t\/embed\/captioned\/?cr=1&amp;v=14&amp;wp=540&amp;rd=https%3A%2F%2Foxu.az&amp;rp=%2Fpolitics%2F544801#%7B%22ci%22%3A0%2C%22os%22%3A619.2000000476837%2C%22ls%22%3A388.60000014305115%2C%22le%22%3A389.7000000476837%7D\" height=\"871\" frameborder=\"0\" scrolling=\"no\" allowfullscreen=\"allowfullscreen\" data-instgrm-payload-id=\"instagram-media-payload-0\" data-mce-fragment=\"1\"><\/iframe><\/div>\n<p>&nbsp;<\/p>\n","protected":false},"excerpt":{"rendered":"<p>8 noyabr Z\u0259f\u0259r G\u00fcn\u00fc m\u00fcnasib\u0259til\u0259 \u015eu\u015fada torpaqlar\u0131m\u0131z\u0131n i\u015f\u011faldan azad edilm\u0259si v\u0259 \u015fanl\u0131 z\u0259f\u0259r tariximiz\u0259 h\u0259sr olunan musiqili at\u0259\u015ff\u0259\u015fanl\u0131q olub. Bu at\u0259\u015ff\u0259\u015fanl\u0131q \u015eu\u015fan\u0131n yax\u0131nl\u0131\u011f\u0131nda olan Xank\u0259ndi \u015f\u0259h\u0259rind\u0259n d\u0259 m\u00fc\u015fahid\u0259 olunub. Xank\u0259ndid\u0259 ya\u015fayan erm\u0259nil\u0259r bununla ba\u011fl\u0131 g\u00f6r\u00fcnt\u00fcl\u0259ri sosial \u015f\u0259b\u0259k\u0259d\u0259\u00a0yay\u0131blar. Bu g\u00f6r\u00fcnt\u00fcl\u0259r s\u00f6z\u00fcn \u0259sl m\u0259nas\u0131nda dost \u00fc\u00e7\u00fcn iftixar, d\u00fc\u015fm\u0259n \u00fc\u00e7\u00fcn is\u0259 g\u00f6zda\u011f\u0131na \u00e7evrilib. Bel\u0259 ki, \u015eu\u015fadak\u0131 at\u0259\u015ff\u0259\u015fanl\u0131q revan\u015fist fikirli erm\u0259nil\u0259r \u00fc\u00e7\u00fcn \u0259sl i\u015fg\u0259nc\u0259y\u0259 \u00e7evrilib des\u0259k yan\u0131lmar\u0131q. Bunu onlar\u0131n \u015eu\u015fadak\u0131 m\u00f6ht\u0259\u015f\u0259m g\u00f6r\u00fcnt\u00fcy\u0259 verdikl\u0259ri q\u0259z\u0259bli reaksiyadan da anlamaq olar. &nbsp;<\/p>\n","protected":false},"author":2,"featured_media":401706,"comment_status":"closed","ping_status":"closed","sticky":false,"template":"","format":"standard","meta":{"om_disable_all_campaigns":false,"_monsterinsights_skip_tracking":false,"_monsterinsights_sitenote_active":false,"_monsterinsights_sitenote_note":"","_monsterinsights_sitenote_category":0},"categories":[4],"tags":[],"aioseo_notices":[],"gutentor_comment":0,"rttpg_featured_image_url":{"full":["https:\/\/arantv.az\/wp-content\/uploads\/2021\/11\/FotoJet-2021-11-09T111325.733.jpg",620,413,false],"landscape":["https:\/\/arantv.az\/wp-content\/uploads\/2021\/11\/FotoJet-2021-11-09T111325.733.jpg",620,413,false],"portraits":["https:\/\/arantv.az\/wp-content\/uploads\/2021\/11\/FotoJet-2021-11-09T111325.733.jpg",620,413,false],"thumbnail":["https:\/\/arantv.az\/wp-content\/uploads\/2021\/11\/FotoJet-2021-11-09T111325.733-500x280.jpg",500,280,true],"medium":["https:\/\/arantv.az\/wp-content\/uploads\/2021\/11\/FotoJet-2021-11-09T111325.733-548x365.jpg",548,365,true],"large":["https:\/\/arantv.az\/wp-content\/uploads\/2021\/11\/FotoJet-2021-11-09T111325.733.jpg",620,413,false],"1536x1536":["https:\/\/arantv.az\/wp-content\/uploads\/2021\/11\/FotoJet-2021-11-09T111325.733.jpg",620,413,false],"2048x2048":["https:\/\/arantv.az\/wp-content\/uploads\/2021\/11\/FotoJet-2021-11-09T111325.733.jpg",620,413,false],"post-thumbnail":["https:\/\/arantv.az\/wp-content\/uploads\/2021\/11\/FotoJet-2021-11-09T111325.733-240x172.jpg",240,172,true],"advps-thumb-one":["https:\/\/arantv.az\/wp-content\/uploads\/2021\/11\/FotoJet-2021-11-09T111325.733.jpg",620,413,false]},"rttpg_author":{"display_name":"V\u00fcsal Rafiqo\u011flu","author_link":"https:\/\/arantv.az\/?author=2"},"rttpg_comment":0,"rttpg_category":"<a href=\"https:\/\/arantv.az\/?cat=4\" rel=\"category\">Siyas\u0259t<\/a>","rttpg_excerpt":"8 noyabr Z\u0259f\u0259r G\u00fcn\u00fc m\u00fcnasib\u0259til\u0259 \u015eu\u015fada torpaqlar\u0131m\u0131z\u0131n i\u015f\u011faldan azad edilm\u0259si v\u0259 \u015fanl\u0131 z\u0259f\u0259r tariximiz\u0259 h\u0259sr olunan musiqili at\u0259\u015ff\u0259\u015fanl\u0131q olub. Bu at\u0259\u015ff\u0259\u015fanl\u0131q \u015eu\u015fan\u0131n yax\u0131nl\u0131\u011f\u0131nda olan Xank\u0259ndi \u015f\u0259h\u0259rind\u0259n d\u0259 m\u00fc\u015fahid\u0259 olunub. Xank\u0259ndid\u0259 ya\u015fayan erm\u0259nil\u0259r bununla ba\u011fl\u0131 g\u00f6r\u00fcnt\u00fcl\u0259ri sosial \u015f\u0259b\u0259k\u0259d\u0259\u00a0yay\u0131blar. Bu g\u00f6r\u00fcnt\u00fcl\u0259r s\u00f6z\u00fcn \u0259sl m\u0259nas\u0131nda dost \u00fc\u00e7\u00fcn iftixar, d\u00fc\u015fm\u0259n \u00fc\u00e7\u00fcn is\u0259 g\u00f6zda\u011f\u0131na \u00e7evrilib. Bel\u0259 ki, \u015eu\u015fadak\u0131 at\u0259\u015ff\u0259\u015fanl\u0131q revan\u015fist&hellip;","_links":{"self":[{"href":"https:\/\/arantv.az\/index.php?rest_route=\/wp\/v2\/posts\/401705"}],"collection":[{"href":"https:\/\/arantv.az\/index.php?rest_route=\/wp\/v2\/posts"}],"about":[{"href":"https:\/\/arantv.az\/index.php?rest_route=\/wp\/v2\/types\/post"}],"author":[{"embeddable":true,"href":"https:\/\/arantv.az\/index.php?rest_route=\/wp\/v2\/users\/2"}],"replies":[{"embeddable":true,"href":"https:\/\/arantv.az\/index.php?rest_route=%2Fwp%2Fv2%2Fcomments&post=401705"}],"version-history":[{"count":0,"href":"https:\/\/arantv.az\/index.php?rest_route=\/wp\/v2\/posts\/401705\/revisions"}],"wp:featuredmedia":[{"embeddable":true,"href":"https:\/\/arantv.az\/index.php?rest_route=\/wp\/v2\/media\/401706"}],"wp:attachment":[{"href":"https:\/\/arantv.az\/index.php?rest_route=%2Fwp%2Fv2%2Fmedia&parent=401705"}],"wp:term":[{"taxonomy":"category","embeddable":true,"href":"https:\/\/arantv.az\/index.php?rest_route=%2Fwp%2Fv2%2Fcategories&post=401705"},{"taxonomy":"post_tag","embeddable":true,"href":"https:\/\/arantv.az\/index.php?rest_route=%2Fwp%2Fv2%2Ftags&post=401705"}],"curies":[{"name":"wp","href":"https:\/\/api.w.org\/{rel}","templated":true}]}}