{"id":401711,"date":"2021-11-09T11:01:35","date_gmt":"2021-11-09T08:01:35","guid":{"rendered":"http:\/\/arantv.az\/?p=401711"},"modified":"2021-11-09T11:01:35","modified_gmt":"2021-11-09T08:01:35","slug":"mudafi%c9%99-nazirliyi-erm%c9%99nistan-h%c9%99rbi-siyasi-r%c9%99hb%c9%99rliyin%c9%99-x%c9%99b%c9%99rdarliq-etdi-b%c9%99yanat","status":"publish","type":"post","link":"https:\/\/arantv.az\/?p=401711","title":{"rendered":"M\u00fcdafi\u0259 Nazirliyi Erm\u0259nistan h\u0259rbi-siyasi r\u0259hb\u0259rliyin\u0259 x\u0259b\u0259rdarl\u0131q etdi &#8211; B\u018fYANAT"},"content":{"rendered":"<p>Az\u0259rbaycan M\u00fcdafi\u0259 Nazirliyi b\u0259yanat yay\u0131b.<\/p>\n<p>B\u0259yanatda deyilir:<\/p>\n<p>\u201cErm\u0259nistan k\u00fctl\u0259vi informasiya vasit\u0259l\u0259rind\u0259 Erm\u0259nistan\u0131n m\u00fcdafi\u0259 naziri Ar\u015fak Karapetyan\u0131n Rusiya s\u00fclhm\u0259raml\u0131lar\u0131n\u0131n m\u00fcv\u0259qq\u0259ti olaraq yerl\u0259\u015fdirildiyi Az\u0259rbaycan \u0259razil\u0259rin\u0259 qanunsuz s\u0259f\u0259r etm\u0259si bar\u0259d\u0259 m\u0259lumat verilib.<\/p>\n<div id=\"AdviadNativeVideo0\" class=\"AdviadNativeVideo\"><\/div>\n<p>Erm\u0259nistan m\u00fcdafi\u0259 nazirinin icaz\u0259siz olaraq Az\u0259rbaycan \u0259razil\u0259rin\u0259 daxil olmas\u0131, qanunsuz erm\u0259ni birl\u0259\u015fm\u0259l\u0259ri il\u0259 g\u00f6r\u00fc\u015fl\u0259r ke\u00e7irm\u0259si v\u0259 onlar\u0131n d\u00f6y\u00fc\u015f haz\u0131rl\u0131\u011f\u0131 bar\u0259d\u0259 fikirl\u0259r s\u0259sl\u0259ndirm\u0259si h\u0259rbi-siyasi t\u0259xribatd\u0131r.<\/p>\n<p>Erm\u0259nistan\u0131n m\u00fcdafi\u0259 nazirinin bu t\u0259hrik\u00e7i s\u0259f\u0259ri q\u0259sd\u0259n Az\u0259rbaycan Respublikas\u0131, Rusiya Federasiyas\u0131 Prezidentl\u0259ri v\u0259 Erm\u0259nistan Ba\u015f nazirinin 10 noyabr 2020-ci ild\u0259 imzalad\u0131qlar\u0131 \u00fc\u00e7t\u0259r\u0259fli b\u0259yanat\u0131n ild\u00f6n\u00fcm\u00fc\u00a0 \u0259r\u0259f\u0259sind\u0259 h\u0259yata ke\u00e7irilib.<\/p>\n<p>Bununla, Erm\u0259nistan\u0131n siyasi-h\u0259rbi r\u0259hb\u0259rliyi \u00fc\u00e7t\u0259r\u0259fli b\u0259yanat\u0131n m\u00fcdd\u0259alar\u0131n\u0131 kobud \u015f\u0259kild\u0259 pozaraq, q\u0259sd\u0259n regionda v\u0259ziyy\u0259tin g\u0259rginl\u0259\u015fdirilm\u0259si v\u0259 Rusiya s\u00fclhm\u0259raml\u0131lar\u0131n\u0131n f\u0259aliyy\u0259tin\u0259 k\u00f6lg\u0259 sal\u0131nmas\u0131 m\u0259qs\u0259dini g\u00fcd\u00fcr.<\/p>\n<p>Erm\u0259nistan\u0131n h\u0259rbi r\u0259hb\u0259rliyi 44 g\u00fcnl\u00fck 2-ci Qaraba\u011f m\u00fcharib\u0259sind\u0259ki total m\u0259\u011flubiyy\u0259td\u0259n n\u0259tic\u0259 \u00e7\u0131xarmaq, regionda yaranm\u0131\u015f yeni geosiyasi v\u0259ziyy\u0259t\u0259 uy\u011funla\u015fmaq, s\u00fclh\u00fc v\u0259 t\u0259hl\u00fck\u0259sizliyi g\u00fccl\u0259ndirm\u0259k \u0259v\u0259zin\u0259 daxili istehlak m\u0259qs\u0259dil\u0259 bu kimi ucuz h\u0259rbi avant\u00fcralara c\u0259hd edir.<\/p>\n<p>Erm\u0259nistan m\u00fcdafi\u0259 nazirinin bu s\u0259f\u0259ri Erm\u0259nistan\u0131n Az\u0259rbaycan Respublikas\u0131 \u0259razisind\u0259 qanunsuz erm\u0259ni h\u0259rbi birl\u0259\u015fm\u0259l\u0259rini, aqressiv separatizmi v\u0259 terror-t\u0259xribat \u0259m\u0259ll\u0259rini birba\u015fa d\u0259st\u0259kl\u0259m\u0259kd\u0259 davam etdirdiyini n\u00f6vb\u0259ti d\u0259f\u0259 n\u00fcmayi\u015f etdirir. Eyni zamanda Erm\u0259nistan silahl\u0131 q\u00fcvv\u0259l\u0259rinin \u00fcns\u00fcrl\u0259rinin Rusiya s\u00fclhm\u0259raml\u0131lar\u0131n\u0131n m\u00fcv\u0259qq\u0259ti yerl\u0259\u015fdirildiyi Az\u0259rbaycan \u0259razil\u0259rind\u0259 m\u00f6vcudlu\u011fu qalmaqda davam edir.<\/p>\n<p>Erm\u0259nistan\u0131n m\u00fcdafi\u0259 nazirin\u0259 \u201cke\u00e7ilm\u0259z Ohanyan x\u0259tti\u201d, \u201cyeni m\u00fcharib\u0259l\u0259r yeni \u0259razil\u0259r\u201d kimi utopik iddialarla \u00e7\u0131x\u0131\u015f etmi\u015f sabiq h\u0259mkarlar\u0131n\u0131n v\u0259 dig\u0259r erm\u0259ni generallar\u0131n\u0131n aqib\u0259tini xat\u0131rlatmaq ist\u0259rdik.<\/p>\n<p>Erm\u0259nistan\u0131n h\u0259rbi-siyasi r\u0259hb\u0259rliyini x\u0259b\u0259rdar edirik ki, Az\u0259rbaycan \u0259razil\u0259rin\u0259 bu kimi qanunsuz s\u0259f\u0259rl\u0259rin h\u0259yata ke\u00e7irilm\u0259si t\u0259krarland\u0131\u011f\u0131 hallarda, Az\u0259rbaycan Respublikas\u0131n\u0131n qanunlar\u0131n\u0131 r\u0259hb\u0259r tutaraq, aqressiv separatizm v\u0259 terror-t\u0259xribat \u0259m\u0259ll\u0259rinin qar\u015f\u0131s\u0131n\u0131n al\u0131nmas\u0131 m\u0259qs\u0259dil\u0259 z\u0259ruri t\u0259dbirl\u0259r h\u0259yata ke\u00e7iril\u0259c\u0259kdir\u201d.<\/p>\n","protected":false},"excerpt":{"rendered":"<p>Az\u0259rbaycan M\u00fcdafi\u0259 Nazirliyi b\u0259yanat yay\u0131b. B\u0259yanatda deyilir: \u201cErm\u0259nistan k\u00fctl\u0259vi informasiya vasit\u0259l\u0259rind\u0259 Erm\u0259nistan\u0131n m\u00fcdafi\u0259 naziri Ar\u015fak Karapetyan\u0131n Rusiya s\u00fclhm\u0259raml\u0131lar\u0131n\u0131n m\u00fcv\u0259qq\u0259ti olaraq yerl\u0259\u015fdirildiyi Az\u0259rbaycan \u0259razil\u0259rin\u0259 qanunsuz s\u0259f\u0259r etm\u0259si bar\u0259d\u0259 m\u0259lumat verilib. Erm\u0259nistan m\u00fcdafi\u0259 nazirinin icaz\u0259siz olaraq Az\u0259rbaycan \u0259razil\u0259rin\u0259 daxil olmas\u0131, qanunsuz erm\u0259ni birl\u0259\u015fm\u0259l\u0259ri il\u0259 g\u00f6r\u00fc\u015fl\u0259r ke\u00e7irm\u0259si v\u0259 onlar\u0131n d\u00f6y\u00fc\u015f haz\u0131rl\u0131\u011f\u0131 bar\u0259d\u0259 fikirl\u0259r s\u0259sl\u0259ndirm\u0259si h\u0259rbi-siyasi t\u0259xribatd\u0131r. Erm\u0259nistan\u0131n m\u00fcdafi\u0259 nazirinin bu t\u0259hrik\u00e7i s\u0259f\u0259ri q\u0259sd\u0259n Az\u0259rbaycan Respublikas\u0131, Rusiya Federasiyas\u0131 Prezidentl\u0259ri v\u0259 Erm\u0259nistan Ba\u015f nazirinin 10 noyabr 2020-ci ild\u0259 imzalad\u0131qlar\u0131 \u00fc\u00e7t\u0259r\u0259fli b\u0259yanat\u0131n ild\u00f6n\u00fcm\u00fc\u00a0 \u0259r\u0259f\u0259sind\u0259 h\u0259yata ke\u00e7irilib. Bununla, Erm\u0259nistan\u0131n siyasi-h\u0259rbi r\u0259hb\u0259rliyi \u00fc\u00e7t\u0259r\u0259fli b\u0259yanat\u0131n m\u00fcdd\u0259alar\u0131n\u0131 kobud \u015f\u0259kild\u0259 pozaraq,&hellip;<\/p>\n","protected":false},"author":2,"featured_media":363456,"comment_status":"closed","ping_status":"closed","sticky":false,"template":"","format":"standard","meta":{"om_disable_all_campaigns":false,"_monsterinsights_skip_tracking":false,"_monsterinsights_sitenote_active":false,"_monsterinsights_sitenote_note":"","_monsterinsights_sitenote_category":0},"categories":[10],"tags":[],"aioseo_notices":[],"gutentor_comment":0,"rttpg_featured_image_url":{"full":["https:\/\/arantv.az\/wp-content\/uploads\/2021\/08\/mudafie_2838586.jpg",800,600,false],"landscape":["https:\/\/arantv.az\/wp-content\/uploads\/2021\/08\/mudafie_2838586.jpg",800,600,false],"portraits":["https:\/\/arantv.az\/wp-content\/uploads\/2021\/08\/mudafie_2838586.jpg",800,600,false],"thumbnail":["https:\/\/arantv.az\/wp-content\/uploads\/2021\/08\/mudafie_2838586-500x280.jpg",500,280,true],"medium":["https:\/\/arantv.az\/wp-content\/uploads\/2021\/08\/mudafie_2838586-487x365.jpg",487,365,true],"large":["https:\/\/arantv.az\/wp-content\/uploads\/2021\/08\/mudafie_2838586.jpg",640,480,false],"1536x1536":["https:\/\/arantv.az\/wp-content\/uploads\/2021\/08\/mudafie_2838586.jpg",800,600,false],"2048x2048":["https:\/\/arantv.az\/wp-content\/uploads\/2021\/08\/mudafie_2838586.jpg",800,600,false],"post-thumbnail":["https:\/\/arantv.az\/wp-content\/uploads\/2021\/08\/mudafie_2838586-240x172.jpg",240,172,true],"advps-thumb-one":["https:\/\/arantv.az\/wp-content\/uploads\/2021\/08\/mudafie_2838586.jpg",800,600,false]},"rttpg_author":{"display_name":"V\u00fcsal Rafiqo\u011flu","author_link":"https:\/\/arantv.az\/?author=2"},"rttpg_comment":0,"rttpg_category":"<a href=\"https:\/\/arantv.az\/?cat=10\" rel=\"category\">C\u0259bh\u0259d\u0259n X\u0259b\u0259r<\/a>","rttpg_excerpt":"Az\u0259rbaycan M\u00fcdafi\u0259 Nazirliyi b\u0259yanat yay\u0131b. B\u0259yanatda deyilir: \u201cErm\u0259nistan k\u00fctl\u0259vi informasiya vasit\u0259l\u0259rind\u0259 Erm\u0259nistan\u0131n m\u00fcdafi\u0259 naziri Ar\u015fak Karapetyan\u0131n Rusiya s\u00fclhm\u0259raml\u0131lar\u0131n\u0131n m\u00fcv\u0259qq\u0259ti olaraq yerl\u0259\u015fdirildiyi Az\u0259rbaycan \u0259razil\u0259rin\u0259 qanunsuz s\u0259f\u0259r etm\u0259si bar\u0259d\u0259 m\u0259lumat verilib. Erm\u0259nistan m\u00fcdafi\u0259 nazirinin icaz\u0259siz olaraq Az\u0259rbaycan \u0259razil\u0259rin\u0259 daxil olmas\u0131, qanunsuz erm\u0259ni birl\u0259\u015fm\u0259l\u0259ri il\u0259 g\u00f6r\u00fc\u015fl\u0259r ke\u00e7irm\u0259si v\u0259 onlar\u0131n d\u00f6y\u00fc\u015f haz\u0131rl\u0131\u011f\u0131 bar\u0259d\u0259 fikirl\u0259r s\u0259sl\u0259ndirm\u0259si h\u0259rbi-siyasi t\u0259xribatd\u0131r. Erm\u0259nistan\u0131n m\u00fcdafi\u0259&hellip;","_links":{"self":[{"href":"https:\/\/arantv.az\/index.php?rest_route=\/wp\/v2\/posts\/401711"}],"collection":[{"href":"https:\/\/arantv.az\/index.php?rest_route=\/wp\/v2\/posts"}],"about":[{"href":"https:\/\/arantv.az\/index.php?rest_route=\/wp\/v2\/types\/post"}],"author":[{"embeddable":true,"href":"https:\/\/arantv.az\/index.php?rest_route=\/wp\/v2\/users\/2"}],"replies":[{"embeddable":true,"href":"https:\/\/arantv.az\/index.php?rest_route=%2Fwp%2Fv2%2Fcomments&post=401711"}],"version-history":[{"count":0,"href":"https:\/\/arantv.az\/index.php?rest_route=\/wp\/v2\/posts\/401711\/revisions"}],"wp:featuredmedia":[{"embeddable":true,"href":"https:\/\/arantv.az\/index.php?rest_route=\/wp\/v2\/media\/363456"}],"wp:attachment":[{"href":"https:\/\/arantv.az\/index.php?rest_route=%2Fwp%2Fv2%2Fmedia&parent=401711"}],"wp:term":[{"taxonomy":"category","embeddable":true,"href":"https:\/\/arantv.az\/index.php?rest_route=%2Fwp%2Fv2%2Fcategories&post=401711"},{"taxonomy":"post_tag","embeddable":true,"href":"https:\/\/arantv.az\/index.php?rest_route=%2Fwp%2Fv2%2Ftags&post=401711"}],"curies":[{"name":"wp","href":"https:\/\/api.w.org\/{rel}","templated":true}]}}