{"id":401722,"date":"2021-11-09T11:07:31","date_gmt":"2021-11-09T08:07:31","guid":{"rendered":"http:\/\/arantv.az\/?p=401722"},"modified":"2021-11-09T11:07:31","modified_gmt":"2021-11-09T08:07:31","slug":"cin-xalq-respublikasinda-z%c9%99f%c9%99r-gunu-il%c9%99-%c9%99laq%c9%99dar-t%c9%99dbir-kecirilib","status":"publish","type":"post","link":"https:\/\/arantv.az\/?p=401722","title":{"rendered":"\u00c7in Xalq Respublikas\u0131nda Z\u0259f\u0259r G\u00fcn\u00fc il\u0259 \u0259laq\u0259dar t\u0259dbir ke\u00e7irilib"},"content":{"rendered":"<div class=\"content lead font-weight-normal\">\n<p>Az\u0259rbaycan Respublikas\u0131n\u0131n \u00c7in Xalq Respublikas\u0131ndak\u0131 S\u0259firliyind\u0259 8 Noyabr \u2013 Z\u0259f\u0259r G\u00fcn\u00fc m\u00fcnasib\u0259ti il\u0259 t\u0259dbir ke\u00e7irilib.<\/p>\n<p><strong>ARANTV.AZ<\/strong> x\u0259b\u0259r verir ki, Az\u0259rbaycan v\u0259 T\u00fcrkiy\u0259 s\u0259firlikl\u0259rinin \u0259m\u0259kda\u015flar\u0131n\u0131n, bu \u00f6lk\u0259d\u0259 ya\u015fayan v\u0259 i\u015fl\u0259y\u0259n soyda\u015flar\u0131m\u0131z\u0131n, Az\u0259rbaycan\u0131n m\u00fcxt\u0259lif qurumlar\u0131n\u0131n \u00c7ind\u0259ki n\u00fcmay\u0259nd\u0259l\u0259rinin i\u015ftirak etdikl\u0259ri t\u0259dbird\u0259 d\u00f6vl\u0259t himnimiz oxunub, V\u0259t\u0259n M\u00fcharib\u0259sind\u0259 q\u0259hr\u0259mancas\u0131na d\u00f6y\u00fc\u015fm\u00fc\u015f, \u00f6lk\u0259mizin \u0259razi b\u00fct\u00f6vl\u00fcy\u00fc yolunda canlar\u0131ndan ke\u00e7mi\u015f \u0259sg\u0259r v\u0259 zabitl\u0259rimizin xatir\u0259si bir d\u0259qiq\u0259lik s\u00fckutla yad edilib.<\/p>\n<p>Z\u0259f\u0259r G\u00fcn\u00fcn\u00fcn Az\u0259rbaycan tarixind\u0259ki x\u00fcsusi yerind\u0259n, h\u0259min \u0259lam\u0259tdar hadis\u0259y\u0259 aparan yoldan dan\u0131\u015fan s\u0259fir \u018fkr\u0259m Zeynall\u0131 bildirib ki, h\u0259l\u0259 Sovet d\u00f6vr\u00fcnd\u0259 Az\u0259rbaycana r\u0259hb\u0259rlik etmi\u015f g\u00f6rk\u0259mli d\u00f6vl\u0259t xadimi Heyd\u0259r \u018fliyev milli zabitl\u0259rin yeti\u015fm\u0259si \u00fc\u00e7\u00fcn Bak\u0131da h\u0259rbi m\u0259kt\u0259bin a\u00e7\u0131lmas\u0131na nail olmu\u015fdu. Ulu \u00f6nd\u0259r 1993-c\u00fc ild\u0259 Az\u0259rbaycanda xalq\u0131n t\u0259l\u0259bi il\u0259 hakimiyy\u0259t\u0259 qay\u0131dandan sonra m\u00fcst\u0259qilliyin m\u00f6hk\u0259ml\u0259ndirilm\u0259si, d\u00f6vl\u0259t quruculu\u011fu iqtisadiyyat\u0131n inki\u015faf\u0131 il\u0259 yana\u015f\u0131, Silahl\u0131 Q\u00fcvv\u0259l\u0259rimizin yenid\u0259n qurulmas\u0131 m\u0259s\u0259l\u0259sin\u0259 x\u00fcsusi diqq\u0259tl\u0259 yana\u015f\u0131b. Bu m\u0259s\u0259l\u0259d\u0259 qarda\u015f T\u00fcrkiy\u0259 il\u0259 \u0259m\u0259kda\u015fl\u0131q, Az\u0259rbaycan zabitl\u0259rinin T\u00fcrkiy\u0259nin h\u0259rbi m\u0259kt\u0259bl\u0259rind\u0259 t\u0259hsil almas\u0131, Az\u0259rbaycan ordusunun b\u00f6lm\u0259l\u0259rinin T\u00fcrkiy\u0259nin d\u0259st\u0259yi il\u0259 NATO standartlar\u0131na uy\u011funla\u015fd\u0131r\u0131lmas\u0131 prosesi davaml\u0131 h\u0259yata ke\u00e7irilib.<\/p>\n<p>S\u0259fir \u018f.Zeynall\u0131 Prezident \u0130lham \u018fliyevin \u00fcmummilli lider Heyd\u0259r \u018fliyevin dig\u0259r sah\u0259l\u0259rd\u0259ki siyas\u0259ti il\u0259 yana\u015f\u0131, ordu quruculu\u011fu kursunu da davam etdir\u0259r\u0259k, Silahl\u0131 Q\u00fcvv\u0259l\u0259rimizin d\u00f6y\u00fc\u015f qabiliyy\u0259tinin y\u00fcks\u0259ldilm\u0259si, maddi-texniki bazas\u0131n\u0131n m\u00f6hk\u0259ml\u0259ndirilm\u0259si, g\u0259nc n\u0259slin v\u0259t\u0259np\u0259rv\u0259r ruhda b\u00f6y\u00fcm\u0259sini diqq\u0259t\u0259 saxlad\u0131\u011f\u0131n\u0131 bildirib. Bu i\u015fl\u0259rin n\u0259tic\u0259sidir ki, \u201cD\u0259mir yumruq\u201d ad\u0131 alt\u0131nda 44 g\u00fcn davam etmi\u015f V\u0259t\u0259n M\u00fcharib\u0259sind\u0259 \u0259razil\u0259rimizin 30 illik i\u015f\u011fal\u0131na son qoyuldu, Az\u0259rbaycan \u0259razi b\u00fct\u00f6vl\u00fcy\u00fc t\u0259min olundu, bir milyona yax\u0131n az\u0259rbaycanl\u0131n\u0131n fundamental h\u00fcquqlar\u0131 b\u0259rpa edildi. Az\u0259rbaycan t\u0259kba\u015f\u0131na BMT T\u0259hl\u00fck\u0259sizlik \u015euras\u0131n\u0131n 1993-c\u00fc ild\u0259 q\u0259bul etdiyi m\u00fcvafiq q\u0259tnam\u0259l\u0259rini yerin\u0259 yetirdi.<\/p>\n<p>S\u0259fir \u018fkr\u0259m Zeynall\u0131 V\u0259t\u0259n M\u00fcharib\u0259sind\u0259 T\u00fcrkiy\u0259nin g\u00f6st\u0259rdiyi siyasi v\u0259 m\u0259n\u0259vi d\u0259st\u0259yin Az\u0259rbaycan \u00fc\u00e7\u00fcn x\u00fcsusi \u00f6n\u0259m da\u015f\u0131d\u0131\u011f\u0131n\u0131, qazan\u0131lan Z\u0259f\u0259rin Az\u0259rbaycan-T\u00fcrkiy\u0259 qarda\u015fl\u0131\u011f\u0131n\u0131n b\u0259hr\u0259si oldu\u011funu diqq\u0259t\u0259 \u00e7atd\u0131r\u0131b.<\/p>\n<p>Qeyd olunub ki, Prezident, Silahl\u0131 Q\u00fcvv\u0259l\u0259rin M\u00fcz\u0259ff\u0259r Ali Ba\u015f Komandan\u0131 \u0130lham \u018fliyevin r\u0259hb\u0259rliyi il\u0259 Ordumuzun \u015f\u00fcca\u0259ti n\u0259tic\u0259sind\u0259 qazand\u0131\u011f\u0131m\u0131z Z\u0259f\u0259r Az\u0259rbaycan tarixind\u0259 yeni d\u00f6vr a\u00e7d\u0131, b\u00f6lg\u0259d\u0259ki reall\u0131qlar\u0131 d\u0259yi\u015fdi v\u0259 beyn\u0259lxalq \u0259dal\u0259ti b\u0259rq\u0259rar etdi. B\u00fct\u00fcn bunlar d\u00fcnyan\u0131n h\u0259r bir yerind\u0259 ya\u015fayan az\u0259rbaycanl\u0131lar\u0131n sevincin\u0259 v\u0259 q\u00fcruruna s\u0259b\u0259b oldu.<\/p>\n<p>T\u00fcrkiy\u0259nin \u00c7ind\u0259ki s\u0259firi Abdulkadir Emin \u00d6nen b\u00f6y\u00fck \u00f6nd\u0259rl\u0259r Mustafa Kamal Atat\u00fcrk v\u0259 Heyd\u0259r \u018fliyevin xalqlar\u0131m\u0131z\u0131n dostlu\u011fu, qarda\u015fl\u0131\u011f\u0131 haqq\u0131nda dedikl\u0259ri fikirl\u0259ri yada salaraq, T\u00fcrkiy\u0259 d\u00f6vl\u0259tinin v\u0259 xalq\u0131n\u0131n h\u0259r zaman oldu\u011fu kimi 2-ci Qaraba\u011f M\u00fcharib\u0259sind\u0259 d\u0259 Az\u0259rbaycan\u0131n yan\u0131nda oldu\u011funu, qazan\u0131lan Z\u0259f\u0259rin sevincini b\u00f6l\u00fc\u015fd\u00fcy\u00fcn\u00fc bildirib.<\/p>\n<p>Z\u0259f\u0259rd\u0259n sonra regionda yeni reall\u0131qlar, \u0259m\u0259kda\u015fl\u0131q \u00fc\u00e7\u00fcn yeni imkanlar yarand\u0131\u011f\u0131n\u0131 vur\u011fulayan diplomat, Az\u0259rbaycan\u0131n i\u015f\u011fal d\u00f6vr\u00fcnd\u0259 tamamil\u0259 da\u011f\u0131lan \u0259razil\u0259rin s\u00fcr\u0259tl\u0259 b\u0259rpas\u0131na ba\u015flad\u0131\u011f\u0131n\u0131, bu i\u015fl\u0259r\u0259 T\u00fcrkiy\u0259 \u015firk\u0259tl\u0259rinin c\u0259lb olunmas\u0131n\u0131n da qarda\u015fl\u0131q v\u0259 h\u0259mr\u0259ylik n\u00fcmayi\u015fi oldu\u011funu deyib.<\/p>\n<p>Sonra Az\u0259rbaycan Silahl\u0131 Q\u00fcvv\u0259l\u0259rinin 44 g\u00fcnl\u00fck V\u0259t\u0259n m\u00fcharib\u0259sind\u0259ki d\u00f6y\u00fc\u015f \u0259m\u0259liyyatlar\u0131na, q\u0259hr\u0259man \u015f\u0259hidl\u0259rimiz\u0259, Az\u0259rbaycan-T\u00fcrkiy\u0259 qarda\u015fl\u0131\u011f\u0131na aid videolar, musiqi par\u00e7alar\u0131 n\u00fcmayi\u015f olunub.<\/p>\n<div class=\"clearfix\"><\/div>\n<\/div>\n<div class=\"fotorama--hidden\"><\/div>\n<div id=\"galleryList\" class=\"fotorama fotorama1636448790675\" data-nav=\"thumbs\" data-width=\"100%\" data-thumbwidth=\"90\" data-thumbheight=\"60\" data-allowfullscreen=\"true\" data-autoplay=\"3000\" data-ratio=\"1.5\" data-keyboard=\"true\" data-fit=\"contain\">\n<div class=\"fotorama__wrap fotorama__wrap--css3 fotorama__wrap--slide fotorama__wrap--toggle-arrows fotorama__wrap--no-controls\">\n<div class=\"fotorama__stage fotorama__pointer\">\n<div class=\"fotorama__fullscreen-icon\" tabindex=\"0\" role=\"button\"><\/div>\n<div class=\"fotorama__stage__shaft\">\n<div class=\"fotorama__stage__frame fotorama__loaded fotorama__loaded--img\"><img class=\"fotorama__img\" src=\"https:\/\/ikisahil.az\/photo\/0x0_2\/upload\/gallery\/2021\/11\/09\/-e97c864e163644200375361857010998596.jpg\" \/><\/div>\n<div class=\"fotorama__stage__frame fotorama__loaded fotorama__loaded--img fotorama__active\"><img class=\"fotorama__img\" src=\"https:\/\/ikisahil.az\/photo\/0x0_2\/upload\/gallery\/2021\/11\/09\/-63ceea56163644200434234478010532396.jpg\" \/><\/div>\n<div class=\"fotorama__stage__frame fotorama__loaded fotorama__loaded--img\"><img class=\"fotorama__img\" src=\"https:\/\/ikisahil.az\/photo\/0x0_2\/upload\/gallery\/2021\/11\/09\/-30f48cd3163644200681953094410616727.jpg\" \/><\/div>\n<\/div>\n<div class=\"fotorama__arr fotorama__arr--prev\" tabindex=\"0\" role=\"button\"><\/div>\n<div class=\"fotorama__arr fotorama__arr--next\" tabindex=\"0\" role=\"button\"><\/div>\n<div class=\"fotorama__video-close\"><\/div>\n<\/div>\n<div class=\"fotorama__nav-wrap\">\n<div class=\"fotorama__nav fotorama__nav--thumbs\">\n<div class=\"fotorama__nav__shaft\">\n<div class=\"fotorama__thumb-border\"><\/div>\n<div class=\"fotorama__nav__frame fotorama__nav__frame--thumb\" tabindex=\"0\" role=\"button\">\n<div class=\"fotorama__thumb fotorama__loaded fotorama__loaded--img\"><img class=\"fotorama__img\" src=\"https:\/\/ikisahil.az\/photo\/150x100_2\/upload\/gallery\/2021\/11\/09\/-561918f1163644198752836553410563211.jpg\" \/><\/div>\n<\/div>\n<div class=\"fotorama__nav__frame fotorama__nav__frame--thumb\" tabindex=\"0\" role=\"button\">\n<div class=\"fotorama__thumb fotorama__loaded fotorama__loaded--img\"><img class=\"fotorama__img\" src=\"https:\/\/ikisahil.az\/photo\/150x100_2\/upload\/gallery\/2021\/11\/09\/-5f11b27f163644199013202350910195497.jpg\" \/><\/div>\n<\/div>\n<div class=\"fotorama__nav__frame fotorama__nav__frame--thumb\" tabindex=\"0\" role=\"button\">\n<div class=\"fotorama__thumb fotorama__loaded fotorama__loaded--img\"><img class=\"fotorama__img\" src=\"https:\/\/ikisahil.az\/photo\/150x100_2\/upload\/gallery\/2021\/11\/09\/-39539f63163644199643524258410218865.jpg\" \/><\/div>\n<\/div>\n<div class=\"fotorama__nav__frame fotorama__nav__frame--thumb\" tabindex=\"0\" role=\"button\">\n<div class=\"fotorama__thumb fotorama__loaded fotorama__loaded--img\"><img class=\"fotorama__img\" src=\"https:\/\/ikisahil.az\/photo\/150x100_2\/upload\/gallery\/2021\/11\/09\/-39252609163644200023764621110447699.jpg\" \/><\/div>\n<\/div>\n<div class=\"fotorama__nav__frame fotorama__nav__frame--thumb\" tabindex=\"0\" role=\"button\">\n<div class=\"fotorama__thumb fotorama__loaded fotorama__loaded--img\"><img class=\"fotorama__img\" src=\"https:\/\/ikisahil.az\/photo\/150x100_2\/upload\/gallery\/2021\/11\/09\/-e97c864e163644200375361857010998596.jpg\" \/><\/div>\n<\/div>\n<div class=\"fotorama__nav__frame fotorama__nav__frame--thumb fotorama__active\" tabindex=\"0\" role=\"button\">\n<div class=\"fotorama__thumb fotorama__loaded fotorama__loaded--img\"><img class=\"fotorama__img\" src=\"https:\/\/ikisahil.az\/photo\/150x100_2\/upload\/gallery\/2021\/11\/09\/-63ceea56163644200434234478010532396.jpg\" \/><\/div>\n<\/div>\n<div class=\"fotorama__nav__frame fotorama__nav__frame--thumb\" tabindex=\"0\" role=\"button\">\n<div class=\"fotorama__thumb fotorama__loaded fotorama__loaded--img\"><img class=\"fotorama__img\" src=\"https:\/\/ikisahil.az\/photo\/150x100_2\/upload\/gallery\/2021\/11\/09\/-30f48cd3163644200681953094410616727.jpg\" \/><\/div>\n<\/div>\n<\/div>\n<\/div>\n<\/div>\n<\/div>\n<\/div>\n<div class=\"sharing my-2 row no-gutters d-print-none\">\n<div class=\"col-md-3\"><\/div>\n<\/div>\n","protected":false},"excerpt":{"rendered":"<p>Az\u0259rbaycan Respublikas\u0131n\u0131n \u00c7in Xalq Respublikas\u0131ndak\u0131 S\u0259firliyind\u0259 8 Noyabr \u2013 Z\u0259f\u0259r G\u00fcn\u00fc m\u00fcnasib\u0259ti il\u0259 t\u0259dbir ke\u00e7irilib. ARANTV.AZ x\u0259b\u0259r verir ki, Az\u0259rbaycan v\u0259 T\u00fcrkiy\u0259 s\u0259firlikl\u0259rinin \u0259m\u0259kda\u015flar\u0131n\u0131n, bu \u00f6lk\u0259d\u0259 ya\u015fayan v\u0259 i\u015fl\u0259y\u0259n soyda\u015flar\u0131m\u0131z\u0131n, Az\u0259rbaycan\u0131n m\u00fcxt\u0259lif qurumlar\u0131n\u0131n \u00c7ind\u0259ki n\u00fcmay\u0259nd\u0259l\u0259rinin i\u015ftirak etdikl\u0259ri t\u0259dbird\u0259 d\u00f6vl\u0259t himnimiz oxunub, V\u0259t\u0259n M\u00fcharib\u0259sind\u0259 q\u0259hr\u0259mancas\u0131na d\u00f6y\u00fc\u015fm\u00fc\u015f, \u00f6lk\u0259mizin \u0259razi b\u00fct\u00f6vl\u00fcy\u00fc yolunda canlar\u0131ndan ke\u00e7mi\u015f \u0259sg\u0259r v\u0259 zabitl\u0259rimizin xatir\u0259si bir d\u0259qiq\u0259lik s\u00fckutla yad edilib. Z\u0259f\u0259r G\u00fcn\u00fcn\u00fcn Az\u0259rbaycan tarixind\u0259ki x\u00fcsusi yerind\u0259n, h\u0259min \u0259lam\u0259tdar hadis\u0259y\u0259 aparan yoldan dan\u0131\u015fan s\u0259fir \u018fkr\u0259m Zeynall\u0131 bildirib ki, h\u0259l\u0259 Sovet d\u00f6vr\u00fcnd\u0259 Az\u0259rbaycana r\u0259hb\u0259rlik etmi\u015f g\u00f6rk\u0259mli d\u00f6vl\u0259t xadimi Heyd\u0259r \u018fliyev milli zabitl\u0259rin&hellip;<\/p>\n","protected":false},"author":2,"featured_media":401723,"comment_status":"closed","ping_status":"closed","sticky":false,"template":"","format":"standard","meta":{"om_disable_all_campaigns":false,"_monsterinsights_skip_tracking":false,"_monsterinsights_sitenote_active":false,"_monsterinsights_sitenote_note":"","_monsterinsights_sitenote_category":0},"categories":[4],"tags":[],"aioseo_notices":[],"gutentor_comment":0,"rttpg_featured_image_url":{"full":["https:\/\/arantv.az\/wp-content\/uploads\/2021\/11\/ba038e2a163644192848566290010523505.jpg",975,540,false],"landscape":["https:\/\/arantv.az\/wp-content\/uploads\/2021\/11\/ba038e2a163644192848566290010523505.jpg",975,540,false],"portraits":["https:\/\/arantv.az\/wp-content\/uploads\/2021\/11\/ba038e2a163644192848566290010523505.jpg",975,540,false],"thumbnail":["https:\/\/arantv.az\/wp-content\/uploads\/2021\/11\/ba038e2a163644192848566290010523505-500x280.jpg",500,280,true],"medium":["https:\/\/arantv.az\/wp-content\/uploads\/2021\/11\/ba038e2a163644192848566290010523505-660x365.jpg",660,365,true],"large":["https:\/\/arantv.az\/wp-content\/uploads\/2021\/11\/ba038e2a163644192848566290010523505-840x465.jpg",640,354,true],"1536x1536":["https:\/\/arantv.az\/wp-content\/uploads\/2021\/11\/ba038e2a163644192848566290010523505.jpg",975,540,false],"2048x2048":["https:\/\/arantv.az\/wp-content\/uploads\/2021\/11\/ba038e2a163644192848566290010523505.jpg",975,540,false],"post-thumbnail":["https:\/\/arantv.az\/wp-content\/uploads\/2021\/11\/ba038e2a163644192848566290010523505-240x172.jpg",240,172,true],"advps-thumb-one":["https:\/\/arantv.az\/wp-content\/uploads\/2021\/11\/ba038e2a163644192848566290010523505.jpg",975,540,false]},"rttpg_author":{"display_name":"V\u00fcsal Rafiqo\u011flu","author_link":"https:\/\/arantv.az\/?author=2"},"rttpg_comment":0,"rttpg_category":"<a href=\"https:\/\/arantv.az\/?cat=4\" rel=\"category\">Siyas\u0259t<\/a>","rttpg_excerpt":"Az\u0259rbaycan Respublikas\u0131n\u0131n \u00c7in Xalq Respublikas\u0131ndak\u0131 S\u0259firliyind\u0259 8 Noyabr \u2013 Z\u0259f\u0259r G\u00fcn\u00fc m\u00fcnasib\u0259ti il\u0259 t\u0259dbir ke\u00e7irilib. ARANTV.AZ x\u0259b\u0259r verir ki, Az\u0259rbaycan v\u0259 T\u00fcrkiy\u0259 s\u0259firlikl\u0259rinin \u0259m\u0259kda\u015flar\u0131n\u0131n, bu \u00f6lk\u0259d\u0259 ya\u015fayan v\u0259 i\u015fl\u0259y\u0259n soyda\u015flar\u0131m\u0131z\u0131n, Az\u0259rbaycan\u0131n m\u00fcxt\u0259lif qurumlar\u0131n\u0131n \u00c7ind\u0259ki n\u00fcmay\u0259nd\u0259l\u0259rinin i\u015ftirak etdikl\u0259ri t\u0259dbird\u0259 d\u00f6vl\u0259t himnimiz oxunub, V\u0259t\u0259n M\u00fcharib\u0259sind\u0259 q\u0259hr\u0259mancas\u0131na d\u00f6y\u00fc\u015fm\u00fc\u015f, \u00f6lk\u0259mizin \u0259razi b\u00fct\u00f6vl\u00fcy\u00fc yolunda canlar\u0131ndan ke\u00e7mi\u015f \u0259sg\u0259r v\u0259 zabitl\u0259rimizin xatir\u0259si&hellip;","_links":{"self":[{"href":"https:\/\/arantv.az\/index.php?rest_route=\/wp\/v2\/posts\/401722"}],"collection":[{"href":"https:\/\/arantv.az\/index.php?rest_route=\/wp\/v2\/posts"}],"about":[{"href":"https:\/\/arantv.az\/index.php?rest_route=\/wp\/v2\/types\/post"}],"author":[{"embeddable":true,"href":"https:\/\/arantv.az\/index.php?rest_route=\/wp\/v2\/users\/2"}],"replies":[{"embeddable":true,"href":"https:\/\/arantv.az\/index.php?rest_route=%2Fwp%2Fv2%2Fcomments&post=401722"}],"version-history":[{"count":0,"href":"https:\/\/arantv.az\/index.php?rest_route=\/wp\/v2\/posts\/401722\/revisions"}],"wp:featuredmedia":[{"embeddable":true,"href":"https:\/\/arantv.az\/index.php?rest_route=\/wp\/v2\/media\/401723"}],"wp:attachment":[{"href":"https:\/\/arantv.az\/index.php?rest_route=%2Fwp%2Fv2%2Fmedia&parent=401722"}],"wp:term":[{"taxonomy":"category","embeddable":true,"href":"https:\/\/arantv.az\/index.php?rest_route=%2Fwp%2Fv2%2Fcategories&post=401722"},{"taxonomy":"post_tag","embeddable":true,"href":"https:\/\/arantv.az\/index.php?rest_route=%2Fwp%2Fv2%2Ftags&post=401722"}],"curies":[{"name":"wp","href":"https:\/\/api.w.org\/{rel}","templated":true}]}}