{"id":401725,"date":"2021-11-09T11:08:15","date_gmt":"2021-11-09T08:08:15","guid":{"rendered":"http:\/\/arantv.az\/?p=401725"},"modified":"2021-11-09T11:08:15","modified_gmt":"2021-11-09T08:08:15","slug":"niaqara-s%c9%99lal%c9%99si-az%c9%99rbaycan-bayraginin-r%c9%99ngl%c9%99rin%c9%99-boyanib-foto","status":"publish","type":"post","link":"https:\/\/arantv.az\/?p=401725","title":{"rendered":"Niaqara \u015f\u0259lal\u0259si Az\u0259rbaycan bayra\u011f\u0131n\u0131n r\u0259ngl\u0259rin\u0259 boyan\u0131b &#8211; FOTO"},"content":{"rendered":"<p>8 noyabr \u2013 Z\u0259f\u0259r G\u00fcn\u00fc tarixind\u0259 Amerika Birl\u0259\u015fmi\u015f \u015etatlar\u0131 (AB\u015e) v\u0259 Kanada aras\u0131nda yerl\u0259\u015f\u0259n v\u0259 d\u00fcnyan\u0131n \u0259n b\u00f6y\u00fck \u015f\u0259lal\u0259l\u0259rind\u0259n olan Niaqara \u015f\u0259lal\u0259si Az\u0259rbaycan\u0131n d\u00f6vl\u0259t bayra\u011f\u0131n\u0131n r\u0259ngl\u0259rin\u0259 boyan\u0131b.<\/p>\n<p>Az\u0259rbaycan\u0131n AB\u015e-dak\u0131 S\u0259firliyind\u0259n Oxu.Az-a veril\u0259n m\u0259lumata g\u00f6r\u0259, Az\u0259rbaycan bayra\u011f\u0131n\u0131n fonunda torpaqlar\u0131m\u0131z\u0131n azad olunmas\u0131 yolunda canlar\u0131ndan ke\u00e7mi\u015f \u015f\u0259hidl\u0259rimizin \u0259ziz xatir\u0259si yad edilib, musiqi\u00e7il\u0259r Rizvan \u018fliyev v\u0259 R\u00f6ya \u018fliyeva t\u0259r\u0259find\u0259n milli mahn\u0131lar ifa olunub.<\/p>\n<p>T\u0259dbird\u0259 Az\u0259rbaycan\u0131n AB\u015e-dak\u0131 s\u0259firi X\u0259z\u0259r \u0130brahim, s\u0259firliyin \u0259m\u0259kda\u015flar\u0131 v\u0259 AB\u015e-da ya\u015fayan Az\u0259rbaycan icmas\u0131n\u0131n n\u00fcmay\u0259nd\u0259l\u0259ri i\u015ftirak edibl\u0259r.<\/p>\n<p>&nbsp;<\/p>\n<div class=\"gallery\">\n<div class=\"gallery-i\"><img src=\"https:\/\/cdn.oxu.az\/uploads\/W1siZiIsIjIwMjEvMTEvMDkvMTEvMjgvNTUvZTQ5OTYyMDAtNDVlOC00NjczLWExY2QtNjM2ZmQ3NDI5ZjI3L24yLmpwZWciXSxbInAiLCJlbmNvZGUiLCJqcGciLCItcXVhbGl0eSA4MCJdLFsicCIsInRodW1iIiwiNTkweDU5MFx1MDAzZSJdXQ?sha=a7143ec5ac0b3d32\" \/><\/p>\n<div class=\"gallery-i-caption\"><\/div>\n<\/div>\n<div class=\"gallery-i\"><img src=\"https:\/\/cdn.oxu.az\/uploads\/W1siZiIsIjIwMjEvMTEvMDkvMTEvMjgvNTUvZmMyNWQzMWUtOGZjYy00YzA0LWI0NDgtMzcwOGYyN2EwMjg4L24zLmpwZWciXSxbInAiLCJlbmNvZGUiLCJqcGciLCItcXVhbGl0eSA4MCJdLFsicCIsInRodW1iIiwiNTkweDU5MFx1MDAzZSJdXQ?sha=aa79fc84ebf7fabd\" \/><\/div>\n<\/div>\n","protected":false},"excerpt":{"rendered":"<p>8 noyabr \u2013 Z\u0259f\u0259r G\u00fcn\u00fc tarixind\u0259 Amerika Birl\u0259\u015fmi\u015f \u015etatlar\u0131 (AB\u015e) v\u0259 Kanada aras\u0131nda yerl\u0259\u015f\u0259n v\u0259 d\u00fcnyan\u0131n \u0259n b\u00f6y\u00fck \u015f\u0259lal\u0259l\u0259rind\u0259n olan Niaqara \u015f\u0259lal\u0259si Az\u0259rbaycan\u0131n d\u00f6vl\u0259t bayra\u011f\u0131n\u0131n r\u0259ngl\u0259rin\u0259 boyan\u0131b. Az\u0259rbaycan\u0131n AB\u015e-dak\u0131 S\u0259firliyind\u0259n Oxu.Az-a veril\u0259n m\u0259lumata g\u00f6r\u0259, Az\u0259rbaycan bayra\u011f\u0131n\u0131n fonunda torpaqlar\u0131m\u0131z\u0131n azad olunmas\u0131 yolunda canlar\u0131ndan ke\u00e7mi\u015f \u015f\u0259hidl\u0259rimizin \u0259ziz xatir\u0259si yad edilib, musiqi\u00e7il\u0259r Rizvan \u018fliyev v\u0259 R\u00f6ya \u018fliyeva t\u0259r\u0259find\u0259n milli mahn\u0131lar ifa olunub. T\u0259dbird\u0259 Az\u0259rbaycan\u0131n AB\u015e-dak\u0131 s\u0259firi X\u0259z\u0259r \u0130brahim, s\u0259firliyin \u0259m\u0259kda\u015flar\u0131 v\u0259 AB\u015e-da ya\u015fayan Az\u0259rbaycan icmas\u0131n\u0131n n\u00fcmay\u0259nd\u0259l\u0259ri i\u015ftirak edibl\u0259r. &nbsp;<\/p>\n","protected":false},"author":2,"featured_media":401726,"comment_status":"closed","ping_status":"closed","sticky":false,"template":"","format":"standard","meta":{"om_disable_all_campaigns":false,"_monsterinsights_skip_tracking":false,"_monsterinsights_sitenote_active":false,"_monsterinsights_sitenote_note":"","_monsterinsights_sitenote_category":0},"categories":[26],"tags":[],"aioseo_notices":[],"gutentor_comment":0,"rttpg_featured_image_url":{"full":["https:\/\/arantv.az\/wp-content\/uploads\/2021\/11\/FotoJet-6-2.jpg",620,413,false],"landscape":["https:\/\/arantv.az\/wp-content\/uploads\/2021\/11\/FotoJet-6-2.jpg",620,413,false],"portraits":["https:\/\/arantv.az\/wp-content\/uploads\/2021\/11\/FotoJet-6-2.jpg",620,413,false],"thumbnail":["https:\/\/arantv.az\/wp-content\/uploads\/2021\/11\/FotoJet-6-2-500x280.jpg",500,280,true],"medium":["https:\/\/arantv.az\/wp-content\/uploads\/2021\/11\/FotoJet-6-2-548x365.jpg",548,365,true],"large":["https:\/\/arantv.az\/wp-content\/uploads\/2021\/11\/FotoJet-6-2.jpg",620,413,false],"1536x1536":["https:\/\/arantv.az\/wp-content\/uploads\/2021\/11\/FotoJet-6-2.jpg",620,413,false],"2048x2048":["https:\/\/arantv.az\/wp-content\/uploads\/2021\/11\/FotoJet-6-2.jpg",620,413,false],"post-thumbnail":["https:\/\/arantv.az\/wp-content\/uploads\/2021\/11\/FotoJet-6-2-240x172.jpg",240,172,true],"advps-thumb-one":["https:\/\/arantv.az\/wp-content\/uploads\/2021\/11\/FotoJet-6-2.jpg",620,413,false]},"rttpg_author":{"display_name":"V\u00fcsal Rafiqo\u011flu","author_link":"https:\/\/arantv.az\/?author=2"},"rttpg_comment":0,"rttpg_category":"<a href=\"https:\/\/arantv.az\/?cat=26\" rel=\"category\">Sosial<\/a>","rttpg_excerpt":"8 noyabr \u2013 Z\u0259f\u0259r G\u00fcn\u00fc tarixind\u0259 Amerika Birl\u0259\u015fmi\u015f \u015etatlar\u0131 (AB\u015e) v\u0259 Kanada aras\u0131nda yerl\u0259\u015f\u0259n v\u0259 d\u00fcnyan\u0131n \u0259n b\u00f6y\u00fck \u015f\u0259lal\u0259l\u0259rind\u0259n olan Niaqara \u015f\u0259lal\u0259si Az\u0259rbaycan\u0131n d\u00f6vl\u0259t bayra\u011f\u0131n\u0131n r\u0259ngl\u0259rin\u0259 boyan\u0131b. Az\u0259rbaycan\u0131n AB\u015e-dak\u0131 S\u0259firliyind\u0259n Oxu.Az-a veril\u0259n m\u0259lumata g\u00f6r\u0259, Az\u0259rbaycan bayra\u011f\u0131n\u0131n fonunda torpaqlar\u0131m\u0131z\u0131n azad olunmas\u0131 yolunda canlar\u0131ndan ke\u00e7mi\u015f \u015f\u0259hidl\u0259rimizin \u0259ziz xatir\u0259si yad edilib, musiqi\u00e7il\u0259r Rizvan \u018fliyev v\u0259 R\u00f6ya \u018fliyeva t\u0259r\u0259find\u0259n&hellip;","_links":{"self":[{"href":"https:\/\/arantv.az\/index.php?rest_route=\/wp\/v2\/posts\/401725"}],"collection":[{"href":"https:\/\/arantv.az\/index.php?rest_route=\/wp\/v2\/posts"}],"about":[{"href":"https:\/\/arantv.az\/index.php?rest_route=\/wp\/v2\/types\/post"}],"author":[{"embeddable":true,"href":"https:\/\/arantv.az\/index.php?rest_route=\/wp\/v2\/users\/2"}],"replies":[{"embeddable":true,"href":"https:\/\/arantv.az\/index.php?rest_route=%2Fwp%2Fv2%2Fcomments&post=401725"}],"version-history":[{"count":0,"href":"https:\/\/arantv.az\/index.php?rest_route=\/wp\/v2\/posts\/401725\/revisions"}],"wp:featuredmedia":[{"embeddable":true,"href":"https:\/\/arantv.az\/index.php?rest_route=\/wp\/v2\/media\/401726"}],"wp:attachment":[{"href":"https:\/\/arantv.az\/index.php?rest_route=%2Fwp%2Fv2%2Fmedia&parent=401725"}],"wp:term":[{"taxonomy":"category","embeddable":true,"href":"https:\/\/arantv.az\/index.php?rest_route=%2Fwp%2Fv2%2Fcategories&post=401725"},{"taxonomy":"post_tag","embeddable":true,"href":"https:\/\/arantv.az\/index.php?rest_route=%2Fwp%2Fv2%2Ftags&post=401725"}],"curies":[{"name":"wp","href":"https:\/\/api.w.org\/{rel}","templated":true}]}}