{"id":401728,"date":"2021-11-09T11:09:04","date_gmt":"2021-11-09T08:09:04","guid":{"rendered":"http:\/\/arantv.az\/?p=401728"},"modified":"2021-11-09T11:09:04","modified_gmt":"2021-11-09T08:09:04","slug":"tbilisid%c9%99-az%c9%99rbaycan-bayraginin-fl%c9%99smobu-kecirildi-video","status":"publish","type":"post","link":"https:\/\/arantv.az\/?p=401728","title":{"rendered":"Tbilisid\u0259 Az\u0259rbaycan bayra\u011f\u0131n\u0131n fl\u0259\u015fmobu ke\u00e7irildi &#8211; V\u0130DEO"},"content":{"rendered":"<p>Az\u0259rbaycan Respublikas\u0131n\u0131n G\u00fcrc\u00fcstandak\u0131 S\u0259firliyinin t\u0259\u015f\u0259bb\u00fcs\u00fc, Az\u0259rbaycan Respublikas\u0131n\u0131n Diasporla \u0130\u015f \u00fczr\u0259 D\u00f6vl\u0259t Komit\u0259sinin v\u0259 Mirz\u0259 F\u0259t\u0259li Axundov ad\u0131na muzeyin birg\u0259 d\u0259st\u0259yi \u0259sas\u0131nda 8 Noyabr &#8211; Z\u0259f\u0259r G\u00fcn\u00fc G\u00fcrc\u00fcstan\u0131n paytaxt\u0131 Tbilisi \u015f\u0259h\u0259rinin m\u0259rk\u0259zind\u0259ki Rike parkda Az\u0259rbaycan bayra\u011f\u0131n\u0131n fl\u0259\u015fmobu\u00a0ke\u00e7irilib.<\/p>\n<article class=\"news\">\n<div class=\"news-inner\">\n<p><strong>ARANTV.AZ<\/strong>-\u0131n m\u0259lumata g\u00f6r\u0259, h\u0259m\u00e7inin 8 noyabr tarixind\u0259 Tbilisi \u015f\u0259h\u0259rinin m\u0259rk\u0259zind\u0259n ke\u00e7\u0259n K\u00fcr \u00e7ay\u0131 boyunca Az\u0259rbaycan Respublikas\u0131n\u0131n d\u00f6vl\u0259t bayra\u011f\u0131n\u0131n r\u0259ngl\u0259rin\u0259 b\u00fcr\u00fcnm\u00fc\u015f \u00fc\u00e7\u00a0g\u0259mi \u015f\u0259h\u0259r turu edib.<\/p>\n<p>Yekun olaraq, Tbilisi \u015f\u0259h\u0259rinin simvollar\u0131ndan biri olan hava balonu ax\u015fam saatlar\u0131nda Az\u0259rbaycan Respublikas\u0131n\u0131n d\u00f6vl\u0259t bayra\u011f\u0131n\u0131n v\u0259 V\u0259t\u0259n m\u00fcharib\u0259sind\u0259ki q\u0259l\u0259b\u0259nin r\u0259mzi olan Xar\u0131b\u00fclb\u00fcl g\u00fcl\u00fcn\u00fcn r\u0259ngl\u0259rind\u0259 i\u015f\u0131qland\u0131r\u0131l\u0131b.<\/p>\n<div><iframe loading=\"lazy\" src=\"https:\/\/player.baku.tv\/embed\/46289\" width=\"560\" height=\"315\" frameborder=\"0\" allowfullscreen=\"allowfullscreen\" data-mce-fragment=\"1\"><\/iframe><\/div>\n<\/div>\n<\/article>\n<h2 class=\"news-share-title\"><\/h2>\n","protected":false},"excerpt":{"rendered":"<p>Az\u0259rbaycan Respublikas\u0131n\u0131n G\u00fcrc\u00fcstandak\u0131 S\u0259firliyinin t\u0259\u015f\u0259bb\u00fcs\u00fc, Az\u0259rbaycan Respublikas\u0131n\u0131n Diasporla \u0130\u015f \u00fczr\u0259 D\u00f6vl\u0259t Komit\u0259sinin v\u0259 Mirz\u0259 F\u0259t\u0259li Axundov ad\u0131na muzeyin birg\u0259 d\u0259st\u0259yi \u0259sas\u0131nda 8 Noyabr &#8211; Z\u0259f\u0259r G\u00fcn\u00fc G\u00fcrc\u00fcstan\u0131n paytaxt\u0131 Tbilisi \u015f\u0259h\u0259rinin m\u0259rk\u0259zind\u0259ki Rike parkda Az\u0259rbaycan bayra\u011f\u0131n\u0131n fl\u0259\u015fmobu\u00a0ke\u00e7irilib. ARANTV.AZ-\u0131n m\u0259lumata g\u00f6r\u0259, h\u0259m\u00e7inin 8 noyabr tarixind\u0259 Tbilisi \u015f\u0259h\u0259rinin m\u0259rk\u0259zind\u0259n ke\u00e7\u0259n K\u00fcr \u00e7ay\u0131 boyunca Az\u0259rbaycan Respublikas\u0131n\u0131n d\u00f6vl\u0259t bayra\u011f\u0131n\u0131n r\u0259ngl\u0259rin\u0259 b\u00fcr\u00fcnm\u00fc\u015f \u00fc\u00e7\u00a0g\u0259mi \u015f\u0259h\u0259r turu edib. Yekun olaraq, Tbilisi \u015f\u0259h\u0259rinin simvollar\u0131ndan biri olan hava balonu ax\u015fam saatlar\u0131nda Az\u0259rbaycan Respublikas\u0131n\u0131n d\u00f6vl\u0259t bayra\u011f\u0131n\u0131n v\u0259 V\u0259t\u0259n m\u00fcharib\u0259sind\u0259ki q\u0259l\u0259b\u0259nin r\u0259mzi olan Xar\u0131b\u00fclb\u00fcl g\u00fcl\u00fcn\u00fcn r\u0259ngl\u0259rind\u0259 i\u015f\u0131qland\u0131r\u0131l\u0131b.<\/p>\n","protected":false},"author":2,"featured_media":401729,"comment_status":"closed","ping_status":"closed","sticky":false,"template":"","format":"standard","meta":{"om_disable_all_campaigns":false,"_monsterinsights_skip_tracking":false,"_monsterinsights_sitenote_active":false,"_monsterinsights_sitenote_note":"","_monsterinsights_sitenote_category":0},"categories":[26],"tags":[],"aioseo_notices":[],"gutentor_comment":0,"rttpg_featured_image_url":{"full":["https:\/\/arantv.az\/wp-content\/uploads\/2021\/11\/FotoJet-2021-11-09T115519.058.jpg",620,413,false],"landscape":["https:\/\/arantv.az\/wp-content\/uploads\/2021\/11\/FotoJet-2021-11-09T115519.058.jpg",620,413,false],"portraits":["https:\/\/arantv.az\/wp-content\/uploads\/2021\/11\/FotoJet-2021-11-09T115519.058.jpg",620,413,false],"thumbnail":["https:\/\/arantv.az\/wp-content\/uploads\/2021\/11\/FotoJet-2021-11-09T115519.058-500x280.jpg",500,280,true],"medium":["https:\/\/arantv.az\/wp-content\/uploads\/2021\/11\/FotoJet-2021-11-09T115519.058-548x365.jpg",548,365,true],"large":["https:\/\/arantv.az\/wp-content\/uploads\/2021\/11\/FotoJet-2021-11-09T115519.058.jpg",620,413,false],"1536x1536":["https:\/\/arantv.az\/wp-content\/uploads\/2021\/11\/FotoJet-2021-11-09T115519.058.jpg",620,413,false],"2048x2048":["https:\/\/arantv.az\/wp-content\/uploads\/2021\/11\/FotoJet-2021-11-09T115519.058.jpg",620,413,false],"post-thumbnail":["https:\/\/arantv.az\/wp-content\/uploads\/2021\/11\/FotoJet-2021-11-09T115519.058-240x172.jpg",240,172,true],"advps-thumb-one":["https:\/\/arantv.az\/wp-content\/uploads\/2021\/11\/FotoJet-2021-11-09T115519.058.jpg",620,413,false]},"rttpg_author":{"display_name":"V\u00fcsal Rafiqo\u011flu","author_link":"https:\/\/arantv.az\/?author=2"},"rttpg_comment":0,"rttpg_category":"<a href=\"https:\/\/arantv.az\/?cat=26\" rel=\"category\">Sosial<\/a>","rttpg_excerpt":"Az\u0259rbaycan Respublikas\u0131n\u0131n G\u00fcrc\u00fcstandak\u0131 S\u0259firliyinin t\u0259\u015f\u0259bb\u00fcs\u00fc, Az\u0259rbaycan Respublikas\u0131n\u0131n Diasporla \u0130\u015f \u00fczr\u0259 D\u00f6vl\u0259t Komit\u0259sinin v\u0259 Mirz\u0259 F\u0259t\u0259li Axundov ad\u0131na muzeyin birg\u0259 d\u0259st\u0259yi \u0259sas\u0131nda 8 Noyabr &#8211; Z\u0259f\u0259r G\u00fcn\u00fc G\u00fcrc\u00fcstan\u0131n paytaxt\u0131 Tbilisi \u015f\u0259h\u0259rinin m\u0259rk\u0259zind\u0259ki Rike parkda Az\u0259rbaycan bayra\u011f\u0131n\u0131n fl\u0259\u015fmobu\u00a0ke\u00e7irilib. ARANTV.AZ-\u0131n m\u0259lumata g\u00f6r\u0259, h\u0259m\u00e7inin 8 noyabr tarixind\u0259 Tbilisi \u015f\u0259h\u0259rinin m\u0259rk\u0259zind\u0259n ke\u00e7\u0259n K\u00fcr \u00e7ay\u0131 boyunca Az\u0259rbaycan Respublikas\u0131n\u0131n d\u00f6vl\u0259t bayra\u011f\u0131n\u0131n r\u0259ngl\u0259rin\u0259&hellip;","_links":{"self":[{"href":"https:\/\/arantv.az\/index.php?rest_route=\/wp\/v2\/posts\/401728"}],"collection":[{"href":"https:\/\/arantv.az\/index.php?rest_route=\/wp\/v2\/posts"}],"about":[{"href":"https:\/\/arantv.az\/index.php?rest_route=\/wp\/v2\/types\/post"}],"author":[{"embeddable":true,"href":"https:\/\/arantv.az\/index.php?rest_route=\/wp\/v2\/users\/2"}],"replies":[{"embeddable":true,"href":"https:\/\/arantv.az\/index.php?rest_route=%2Fwp%2Fv2%2Fcomments&post=401728"}],"version-history":[{"count":0,"href":"https:\/\/arantv.az\/index.php?rest_route=\/wp\/v2\/posts\/401728\/revisions"}],"wp:featuredmedia":[{"embeddable":true,"href":"https:\/\/arantv.az\/index.php?rest_route=\/wp\/v2\/media\/401729"}],"wp:attachment":[{"href":"https:\/\/arantv.az\/index.php?rest_route=%2Fwp%2Fv2%2Fmedia&parent=401728"}],"wp:term":[{"taxonomy":"category","embeddable":true,"href":"https:\/\/arantv.az\/index.php?rest_route=%2Fwp%2Fv2%2Fcategories&post=401728"},{"taxonomy":"post_tag","embeddable":true,"href":"https:\/\/arantv.az\/index.php?rest_route=%2Fwp%2Fv2%2Ftags&post=401728"}],"curies":[{"name":"wp","href":"https:\/\/api.w.org\/{rel}","templated":true}]}}