{"id":401734,"date":"2021-11-09T11:28:17","date_gmt":"2021-11-09T08:28:17","guid":{"rendered":"http:\/\/arantv.az\/?p=401734"},"modified":"2021-11-09T11:28:17","modified_gmt":"2021-11-09T08:28:17","slug":"cavusogludan-az%c9%99rbaycan-dilind%c9%99-bayram-t%c9%99briki-foto","status":"publish","type":"post","link":"https:\/\/arantv.az\/?p=401734","title":{"rendered":"\u00c7avu\u015fo\u011fludan Az\u0259rbaycan dilind\u0259 bayram t\u0259briki &#8211; FOTO"},"content":{"rendered":"<p>T\u00fcrkiy\u0259 xarici i\u015fl\u0259r naziri M\u00f6vlud \u00c7avu\u015fo\u011flu D\u00f6vl\u0259t Bayra\u011f\u0131 G\u00fcn\u00fc m\u00fcnasib\u0259til\u0259 Az\u0259rbaycana t\u0259brik \u00fcnvanlay\u0131b.<\/p>\n<p>\u201c\u00dc\u00e7r\u0259ngli bayra\u011f\u0131nla \u00e7ox ya\u015fa, Can Az\u0259rbaycan!\u201d\u00a0&#8211; dey\u0259n t\u00fcrkiy\u0259li nazir \u201cTwitter\u201d hesab\u0131nda payla\u015fd\u0131\u011f\u0131, Az\u0259rbaycan dilind\u0259 olan \u015feirl\u0259 t\u0259brikini ifad\u0259 edib.<\/p>\n<p>\u201cBirdir bizim h\u0259r hal\u0131m\u0131z,<\/p>\n<div id=\"AdviadNativeVideo0\" class=\"AdviadNativeVideo\"><\/div>\n<p>Dil\u0259yimiz, amal\u0131m\u0131z,<\/p>\n<p>Bayraqlarda hilal\u0131m\u0131z,<\/p>\n<p>Az\u0259rbaycan-T\u00fcrkiy\u0259\u201d.<\/p>\n<div>\n<div class=\"twitter-tweet twitter-tweet-rendered\"><iframe id=\"twitter-widget-0\" class=\"\" title=\"Twitter Tweet\" src=\"https:\/\/platform.twitter.com\/embed\/Tweet.html?creatorScreenName=oxuaz&amp;dnt=false&amp;embedId=twitter-widget-0&amp;features=eyJ0ZndfZXhwZXJpbWVudHNfY29va2llX2V4cGlyYXRpb24iOnsiYnVja2V0IjoxMjA5NjAwLCJ2ZXJzaW9uIjpudWxsfSwidGZ3X2hvcml6b25fdHdlZXRfZW1iZWRfOTU1NSI6eyJidWNrZXQiOiJodGUiLCJ2ZXJzaW9uIjpudWxsfSwidGZ3X3NwYWNlX2NhcmQiOnsiYnVja2V0Ijoib2ZmIiwidmVyc2lvbiI6bnVsbH19&amp;frame=false&amp;hideCard=false&amp;hideThread=false&amp;id=1457972023439859717&amp;lang=en&amp;origin=https%3A%2F%2Foxu.az%2Fpolitics%2F544830&amp;sessionId=163d985203aa2bf4dc03297f1fb8896453d8f857&amp;siteScreenName=oxuaz&amp;theme=light&amp;widgetsVersion=f001879%3A1634581029404&amp;width=550px\" frameborder=\"0\" scrolling=\"no\" allowfullscreen=\"allowfullscreen\" data-tweet-id=\"1457972023439859717\" data-mce-fragment=\"1\"><\/iframe><\/div>\n<\/div>\n<p>&nbsp;<\/p>\n","protected":false},"excerpt":{"rendered":"<p>T\u00fcrkiy\u0259 xarici i\u015fl\u0259r naziri M\u00f6vlud \u00c7avu\u015fo\u011flu D\u00f6vl\u0259t Bayra\u011f\u0131 G\u00fcn\u00fc m\u00fcnasib\u0259til\u0259 Az\u0259rbaycana t\u0259brik \u00fcnvanlay\u0131b. \u201c\u00dc\u00e7r\u0259ngli bayra\u011f\u0131nla \u00e7ox ya\u015fa, Can Az\u0259rbaycan!\u201d\u00a0&#8211; dey\u0259n t\u00fcrkiy\u0259li nazir \u201cTwitter\u201d hesab\u0131nda payla\u015fd\u0131\u011f\u0131, Az\u0259rbaycan dilind\u0259 olan \u015feirl\u0259 t\u0259brikini ifad\u0259 edib. \u201cBirdir bizim h\u0259r hal\u0131m\u0131z, Dil\u0259yimiz, amal\u0131m\u0131z, Bayraqlarda hilal\u0131m\u0131z, Az\u0259rbaycan-T\u00fcrkiy\u0259\u201d. &nbsp;<\/p>\n","protected":false},"author":2,"featured_media":399891,"comment_status":"closed","ping_status":"closed","sticky":false,"template":"","format":"standard","meta":{"om_disable_all_campaigns":false,"_monsterinsights_skip_tracking":false,"_monsterinsights_sitenote_active":false,"_monsterinsights_sitenote_note":"","_monsterinsights_sitenote_category":0},"categories":[4],"tags":[],"aioseo_notices":[],"gutentor_comment":0,"rttpg_featured_image_url":{"full":["https:\/\/arantv.az\/wp-content\/uploads\/2021\/11\/4e35a66bdfee74a4c1799a47677e42dd.jpg",450,300,false],"landscape":["https:\/\/arantv.az\/wp-content\/uploads\/2021\/11\/4e35a66bdfee74a4c1799a47677e42dd.jpg",450,300,false],"portraits":["https:\/\/arantv.az\/wp-content\/uploads\/2021\/11\/4e35a66bdfee74a4c1799a47677e42dd.jpg",450,300,false],"thumbnail":["https:\/\/arantv.az\/wp-content\/uploads\/2021\/11\/4e35a66bdfee74a4c1799a47677e42dd-450x280.jpg",450,280,true],"medium":["https:\/\/arantv.az\/wp-content\/uploads\/2021\/11\/4e35a66bdfee74a4c1799a47677e42dd.jpg",450,300,false],"large":["https:\/\/arantv.az\/wp-content\/uploads\/2021\/11\/4e35a66bdfee74a4c1799a47677e42dd.jpg",450,300,false],"1536x1536":["https:\/\/arantv.az\/wp-content\/uploads\/2021\/11\/4e35a66bdfee74a4c1799a47677e42dd.jpg",450,300,false],"2048x2048":["https:\/\/arantv.az\/wp-content\/uploads\/2021\/11\/4e35a66bdfee74a4c1799a47677e42dd.jpg",450,300,false],"post-thumbnail":["https:\/\/arantv.az\/wp-content\/uploads\/2021\/11\/4e35a66bdfee74a4c1799a47677e42dd-240x172.jpg",240,172,true],"advps-thumb-one":["https:\/\/arantv.az\/wp-content\/uploads\/2021\/11\/4e35a66bdfee74a4c1799a47677e42dd.jpg",450,300,false]},"rttpg_author":{"display_name":"V\u00fcsal Rafiqo\u011flu","author_link":"https:\/\/arantv.az\/?author=2"},"rttpg_comment":0,"rttpg_category":"<a href=\"https:\/\/arantv.az\/?cat=4\" rel=\"category\">Siyas\u0259t<\/a>","rttpg_excerpt":"T\u00fcrkiy\u0259 xarici i\u015fl\u0259r naziri M\u00f6vlud \u00c7avu\u015fo\u011flu D\u00f6vl\u0259t Bayra\u011f\u0131 G\u00fcn\u00fc m\u00fcnasib\u0259til\u0259 Az\u0259rbaycana t\u0259brik \u00fcnvanlay\u0131b. \u201c\u00dc\u00e7r\u0259ngli bayra\u011f\u0131nla \u00e7ox ya\u015fa, Can Az\u0259rbaycan!\u201d\u00a0&#8211; dey\u0259n t\u00fcrkiy\u0259li nazir \u201cTwitter\u201d hesab\u0131nda payla\u015fd\u0131\u011f\u0131, Az\u0259rbaycan dilind\u0259 olan \u015feirl\u0259 t\u0259brikini ifad\u0259 edib. \u201cBirdir bizim h\u0259r hal\u0131m\u0131z, Dil\u0259yimiz, amal\u0131m\u0131z, Bayraqlarda hilal\u0131m\u0131z, Az\u0259rbaycan-T\u00fcrkiy\u0259\u201d. &nbsp;","_links":{"self":[{"href":"https:\/\/arantv.az\/index.php?rest_route=\/wp\/v2\/posts\/401734"}],"collection":[{"href":"https:\/\/arantv.az\/index.php?rest_route=\/wp\/v2\/posts"}],"about":[{"href":"https:\/\/arantv.az\/index.php?rest_route=\/wp\/v2\/types\/post"}],"author":[{"embeddable":true,"href":"https:\/\/arantv.az\/index.php?rest_route=\/wp\/v2\/users\/2"}],"replies":[{"embeddable":true,"href":"https:\/\/arantv.az\/index.php?rest_route=%2Fwp%2Fv2%2Fcomments&post=401734"}],"version-history":[{"count":0,"href":"https:\/\/arantv.az\/index.php?rest_route=\/wp\/v2\/posts\/401734\/revisions"}],"wp:featuredmedia":[{"embeddable":true,"href":"https:\/\/arantv.az\/index.php?rest_route=\/wp\/v2\/media\/399891"}],"wp:attachment":[{"href":"https:\/\/arantv.az\/index.php?rest_route=%2Fwp%2Fv2%2Fmedia&parent=401734"}],"wp:term":[{"taxonomy":"category","embeddable":true,"href":"https:\/\/arantv.az\/index.php?rest_route=%2Fwp%2Fv2%2Fcategories&post=401734"},{"taxonomy":"post_tag","embeddable":true,"href":"https:\/\/arantv.az\/index.php?rest_route=%2Fwp%2Fv2%2Ftags&post=401734"}],"curies":[{"name":"wp","href":"https:\/\/api.w.org\/{rel}","templated":true}]}}