{"id":401739,"date":"2021-11-09T11:35:14","date_gmt":"2021-11-09T08:35:14","guid":{"rendered":"http:\/\/arantv.az\/?p=401739"},"modified":"2021-11-09T11:35:14","modified_gmt":"2021-11-09T08:35:14","slug":"moskvada-bazar-sahibi-olan-erm%c9%99ni-bayragimizi-ayaqlar-altina-s%c9%99rdi-foto-video","status":"publish","type":"post","link":"https:\/\/arantv.az\/?p=401739","title":{"rendered":"Moskvada bazar sahibi olan erm\u0259ni bayra\u011f\u0131m\u0131z\u0131 ayaqlar alt\u0131na s\u0259rdi (FOTO\/V\u0130DEO)"},"content":{"rendered":"<p><strong>Rusiyan\u0131n paytaxt\u0131 Moskva \u015f\u0259h\u0259rind\u0259 yerl\u0259\u015f\u0259n Rumyantsev Ticar\u0259t M\u0259rk\u0259zind\u0259 Az\u0259rbaycan bayra\u011f\u0131 t\u0259hqir edilir.<\/strong><\/p>\n<p><b>ARANTV.AZ\u00a0<\/b> x\u0259b\u0259r verir ki, Qaynarinfo-ya daxil olan olan m\u0259lumata g\u00f6r\u0259, ticar\u0259t m\u0259rk\u0259zinin d\u00f6\u015f\u0259m\u0259 v\u0259 pill\u0259k\u0259nl\u0259rin\u0259 Az\u0259rbaycan bayra\u011f\u0131 h\u0259kk olunub.<\/p>\n<p>Moskvada ya\u015fayan az\u0259rbaycanl\u0131 diaspor n\u00fcmay\u0259nd\u0259l\u0259ri bildirir ki, bu add\u0131m m\u0259qs\u0259dli \u015f\u0259kild\u0259 at\u0131l\u0131b. &#8220;Ticar\u0259t M\u0259rk\u0259zinin sahibl\u0259rind\u0259n biri Sirunyan A\u015fot Alfredovi\u00e7dir. O milliyy\u0259tc\u0259 erm\u0259nidir. Ad v\u0259 soyad\u0131 da dedikl\u0259rimizi t\u0259sdiq edir. Az\u0259rbaycan bayra\u011f\u0131 da onun t\u0259\u015f\u0259bb\u00fcs\u00fc il\u0259 d\u00f6\u015f\u0259m\u0259d\u0259 \u0259ks olunub\u201d, &#8211; dey\u0259 soyda\u015flar\u0131m\u0131z bildirib.<\/p>\n<p>A\u015fot Sirunyan\u0131n bu \u0259m\u0259li soyda\u015flar\u0131m\u0131z t\u0259r\u0259find\u0259n naraz\u0131l\u0131qla qar\u015f\u0131lan\u0131b.<\/p>\n<p>&#8220;Biz art\u0131q Rusiyan\u0131n m\u00fcvafiq strukturlar\u0131na m\u00fcraci\u0259t etmi\u015fik. T\u0259l\u0259b etmi\u015fik ki, bu r\u0259zal\u0259t\u0259 son qoyulsun. Ticar\u0259t M\u0259rk\u0259zinin r\u0259hb\u0259rliyin\u0259 d\u0259 s\u00f6z\u00fcm\u00fcz\u00fc demi\u015fik. Bu g\u00fcn r\u0259smi m\u00fcraci\u0259tl\u0259rimizi Az\u0259rbaycan\u0131n Rusiyadak\u0131 s\u0259firliyin\u0259 v\u0259 ticar\u0259t m\u0259rk\u0259zinin r\u0259hb\u0259rliyin\u0259 d\u0259 \u00e7atd\u0131raca\u011f\u0131q\u201d, &#8211; dey\u0259 soyda\u015flar\u0131m\u0131z vur\u011fulay\u0131b.<\/p>\n<p>Soyda\u015flar\u0131m\u0131z olayla ba\u011fl\u0131 redaksiyam\u0131za foto v\u0259 video qeydl\u0259r g\u00f6nd\u0259rib. H\u0259min foto v\u0259 videonu t\u0259qdim edirik.<\/p>\n<p><iframe loading=\"lazy\" src=\"https:\/\/player.qaynarinfo.az\/?v=3418\" width=\"640\" height=\"360\" frameborder=\"0\" seamless=\"\" allowfullscreen=\"allowfullscreen\" data-mce-fragment=\"1\"><\/iframe><\/p>\n<p><img src=\"https:\/\/qaynarinfo.az\/file\/pic\/xeber\/\/2021-11\/1636440641_vf1.jpg\" \/>.<\/p>\n<p>&nbsp;<\/p>\n<p><img src=\"https:\/\/qaynarinfo.az\/file\/pic\/xeber\/\/2021-11\/1636440985_xc.png\" \/><\/p>\n<p>&nbsp;<\/p>\n","protected":false},"excerpt":{"rendered":"<p>Rusiyan\u0131n paytaxt\u0131 Moskva \u015f\u0259h\u0259rind\u0259 yerl\u0259\u015f\u0259n Rumyantsev Ticar\u0259t M\u0259rk\u0259zind\u0259 Az\u0259rbaycan bayra\u011f\u0131 t\u0259hqir edilir. ARANTV.AZ\u00a0 x\u0259b\u0259r verir ki, Qaynarinfo-ya daxil olan olan m\u0259lumata g\u00f6r\u0259, ticar\u0259t m\u0259rk\u0259zinin d\u00f6\u015f\u0259m\u0259 v\u0259 pill\u0259k\u0259nl\u0259rin\u0259 Az\u0259rbaycan bayra\u011f\u0131 h\u0259kk olunub. Moskvada ya\u015fayan az\u0259rbaycanl\u0131 diaspor n\u00fcmay\u0259nd\u0259l\u0259ri bildirir ki, bu add\u0131m m\u0259qs\u0259dli \u015f\u0259kild\u0259 at\u0131l\u0131b. &#8220;Ticar\u0259t M\u0259rk\u0259zinin sahibl\u0259rind\u0259n biri Sirunyan A\u015fot Alfredovi\u00e7dir. O milliyy\u0259tc\u0259 erm\u0259nidir. Ad v\u0259 soyad\u0131 da dedikl\u0259rimizi t\u0259sdiq edir. Az\u0259rbaycan bayra\u011f\u0131 da onun t\u0259\u015f\u0259bb\u00fcs\u00fc il\u0259 d\u00f6\u015f\u0259m\u0259d\u0259 \u0259ks olunub\u201d, &#8211; dey\u0259 soyda\u015flar\u0131m\u0131z bildirib. A\u015fot Sirunyan\u0131n bu \u0259m\u0259li soyda\u015flar\u0131m\u0131z t\u0259r\u0259find\u0259n naraz\u0131l\u0131qla qar\u015f\u0131lan\u0131b. &#8220;Biz art\u0131q Rusiyan\u0131n m\u00fcvafiq strukturlar\u0131na m\u00fcraci\u0259t etmi\u015fik. T\u0259l\u0259b etmi\u015fik&hellip;<\/p>\n","protected":false},"author":2,"featured_media":401740,"comment_status":"closed","ping_status":"closed","sticky":false,"template":"","format":"standard","meta":{"om_disable_all_campaigns":false,"_monsterinsights_skip_tracking":false,"_monsterinsights_sitenote_active":false,"_monsterinsights_sitenote_note":"","_monsterinsights_sitenote_category":0},"categories":[19],"tags":[],"aioseo_notices":[],"gutentor_comment":0,"rttpg_featured_image_url":{"full":["https:\/\/arantv.az\/wp-content\/uploads\/2021\/11\/a4565c0e88aec12f9653e90e205f44db.png",450,300,false],"landscape":["https:\/\/arantv.az\/wp-content\/uploads\/2021\/11\/a4565c0e88aec12f9653e90e205f44db.png",450,300,false],"portraits":["https:\/\/arantv.az\/wp-content\/uploads\/2021\/11\/a4565c0e88aec12f9653e90e205f44db.png",450,300,false],"thumbnail":["https:\/\/arantv.az\/wp-content\/uploads\/2021\/11\/a4565c0e88aec12f9653e90e205f44db-450x280.png",450,280,true],"medium":["https:\/\/arantv.az\/wp-content\/uploads\/2021\/11\/a4565c0e88aec12f9653e90e205f44db.png",450,300,false],"large":["https:\/\/arantv.az\/wp-content\/uploads\/2021\/11\/a4565c0e88aec12f9653e90e205f44db.png",450,300,false],"1536x1536":["https:\/\/arantv.az\/wp-content\/uploads\/2021\/11\/a4565c0e88aec12f9653e90e205f44db.png",450,300,false],"2048x2048":["https:\/\/arantv.az\/wp-content\/uploads\/2021\/11\/a4565c0e88aec12f9653e90e205f44db.png",450,300,false],"post-thumbnail":["https:\/\/arantv.az\/wp-content\/uploads\/2021\/11\/a4565c0e88aec12f9653e90e205f44db-240x172.png",240,172,true],"advps-thumb-one":["https:\/\/arantv.az\/wp-content\/uploads\/2021\/11\/a4565c0e88aec12f9653e90e205f44db.png",450,300,false]},"rttpg_author":{"display_name":"V\u00fcsal Rafiqo\u011flu","author_link":"https:\/\/arantv.az\/?author=2"},"rttpg_comment":0,"rttpg_category":"<a href=\"https:\/\/arantv.az\/?cat=19\" rel=\"category\">G\u00fcnd\u0259m<\/a>","rttpg_excerpt":"Rusiyan\u0131n paytaxt\u0131 Moskva \u015f\u0259h\u0259rind\u0259 yerl\u0259\u015f\u0259n Rumyantsev Ticar\u0259t M\u0259rk\u0259zind\u0259 Az\u0259rbaycan bayra\u011f\u0131 t\u0259hqir edilir. ARANTV.AZ\u00a0 x\u0259b\u0259r verir ki, Qaynarinfo-ya daxil olan olan m\u0259lumata g\u00f6r\u0259, ticar\u0259t m\u0259rk\u0259zinin d\u00f6\u015f\u0259m\u0259 v\u0259 pill\u0259k\u0259nl\u0259rin\u0259 Az\u0259rbaycan bayra\u011f\u0131 h\u0259kk olunub. Moskvada ya\u015fayan az\u0259rbaycanl\u0131 diaspor n\u00fcmay\u0259nd\u0259l\u0259ri bildirir ki, bu add\u0131m m\u0259qs\u0259dli \u015f\u0259kild\u0259 at\u0131l\u0131b. &#8220;Ticar\u0259t M\u0259rk\u0259zinin sahibl\u0259rind\u0259n biri Sirunyan A\u015fot Alfredovi\u00e7dir. O milliyy\u0259tc\u0259 erm\u0259nidir. Ad v\u0259&hellip;","_links":{"self":[{"href":"https:\/\/arantv.az\/index.php?rest_route=\/wp\/v2\/posts\/401739"}],"collection":[{"href":"https:\/\/arantv.az\/index.php?rest_route=\/wp\/v2\/posts"}],"about":[{"href":"https:\/\/arantv.az\/index.php?rest_route=\/wp\/v2\/types\/post"}],"author":[{"embeddable":true,"href":"https:\/\/arantv.az\/index.php?rest_route=\/wp\/v2\/users\/2"}],"replies":[{"embeddable":true,"href":"https:\/\/arantv.az\/index.php?rest_route=%2Fwp%2Fv2%2Fcomments&post=401739"}],"version-history":[{"count":0,"href":"https:\/\/arantv.az\/index.php?rest_route=\/wp\/v2\/posts\/401739\/revisions"}],"wp:featuredmedia":[{"embeddable":true,"href":"https:\/\/arantv.az\/index.php?rest_route=\/wp\/v2\/media\/401740"}],"wp:attachment":[{"href":"https:\/\/arantv.az\/index.php?rest_route=%2Fwp%2Fv2%2Fmedia&parent=401739"}],"wp:term":[{"taxonomy":"category","embeddable":true,"href":"https:\/\/arantv.az\/index.php?rest_route=%2Fwp%2Fv2%2Fcategories&post=401739"},{"taxonomy":"post_tag","embeddable":true,"href":"https:\/\/arantv.az\/index.php?rest_route=%2Fwp%2Fv2%2Ftags&post=401739"}],"curies":[{"name":"wp","href":"https:\/\/api.w.org\/{rel}","templated":true}]}}