{"id":401749,"date":"2021-11-09T12:36:40","date_gmt":"2021-11-09T09:36:40","guid":{"rendered":"http:\/\/arantv.az\/?p=401749"},"modified":"2021-11-09T12:36:40","modified_gmt":"2021-11-09T09:36:40","slug":"abs-in-minneapolis-s%c9%99h%c9%99rind%c9%99-z%c9%99f%c9%99r-gunu-qeyd-edilib-foto","status":"publish","type":"post","link":"https:\/\/arantv.az\/?p=401749","title":{"rendered":"AB\u015e-\u0131n Minneapolis \u015f\u0259h\u0259rind\u0259 Z\u0259f\u0259r G\u00fcn\u00fc qeyd edilib &#8211; FOTO"},"content":{"rendered":"<p>Amerika Birl\u0259\u015fmi\u015f \u015etatlar\u0131n\u0131n Minnesota \u015ftat\u0131n\u0131n Minneapolis \u015f\u0259h\u0259rind\u0259 8 Noyabr &#8211; Z\u0259f\u0259r G\u00fcn\u00fc qeyd edilib.<\/p>\n<p>Diasporla \u0130\u015f \u00fczr\u0259 D\u00f6vl\u0259t Komit\u0259sind\u0259n veril\u0259n m\u0259lumata g\u00f6r\u0259, Minnesota Az\u0259rbaycan Assosiasiyas\u0131n\u0131n r\u0259hb\u0259ri G\u00fcnel Rallisin t\u0259\u015fkilat\u00e7\u0131l\u0131\u011f\u0131 il\u0259 ba\u015f tutan t\u0259dbird\u0259 Az\u0259rbaycan, T\u00fcrkiy\u0259 icmalar\u0131n\u0131n \u00fczvl\u0259ri v\u0259 yerli ictimaiyy\u0259tin n\u00fcmay\u0259nd\u0259l\u0259ri i\u015ftirak edib.<\/p>\n<p>T\u0259dbir Az\u0259rbaycan\u0131n d\u00f6vl\u0259t himninin s\u0259sl\u0259ndirilm\u0259si il\u0259 ba\u015flay\u0131b, daha sonra V\u0259t\u0259n m\u00fcharib\u0259si \u015f\u0259hidl\u0259rinin xatir\u0259si bir\u00a0d\u0259qiq\u0259lik s\u00fckutla yad edilib.<\/p>\n<div id=\"AdviadNativeVideo0\" class=\"AdviadNativeVideo\"><\/div>\n<p>G\u00fcnel Rallis qonaqlara Z\u0259f\u0259r\u0259 ged\u0259n yol, 44 g\u00fcnl\u00fck m\u00fcharib\u0259d\u0259 \u0259ld\u0259 edil\u0259n q\u0259l\u0259b\u0259 bar\u0259d\u0259 m\u0259lumat verib. Qaraba\u011fa dair haz\u0131rlanm\u0131\u015f m\u0259lumat v\u0259r\u0259q\u0259l\u0259ri qonaqlara paylan\u0131l\u0131b.<\/p>\n<p>A\u015fkina T\u00fcrk R\u0259qs Ansambl\u0131 Az\u0259rbaycan r\u0259qsl\u0259rini ifa edib. T\u0259dbir Az\u0259rbaycan xalq mahn\u0131lar\u0131n\u0131n s\u0259sl\u0259ndirilm\u0259si il\u0259 davam edib.<\/p>\n<p>Qeyd ed\u0259k ki, bayram t\u0259dbirin\u0259 qat\u0131lan x\u00fcsusi qonaqlardan biri Dakota \u015e\u0259h\u0259r Texniki Kolleci V\u0259qfin\u0259 r\u0259hb\u0259rlik ed\u0259n i\u015f adam\u0131 Meri Skoessler olub. O, \u201cALLwaysJoy\u201du qurmazdan \u0259vv\u0259l m\u00fcxt\u0259lif sektorlarda marketinq kommunikasiyalar\u0131 \u00fczr\u0259 liderlik edib.<\/p>\n<p>&nbsp;<\/p>\n<div class=\"gallery\">\n<div class=\"gallery-i\"><img src=\"https:\/\/cdn.oxu.az\/uploads\/W1siZiIsIjIwMjEvMTEvMDkvMTIvMDMvMTMvNzdlZDViMGEtOTQ0Ni00MTYwLWFiMDAtYmQ4Nzc2NDYzMzYzLzI1NDU1MzA1OV85MDg1Nzk3NzY0Mjc3NzBfNjk4MzYyNzc0MzE0MDM5NTM3OV9uLmpwZyJdLFsicCIsImVuY29kZSIsImpwZyIsIi1xdWFsaXR5IDgwIl0sWyJwIiwidGh1bWIiLCI1OTB4NTkwXHUwMDNlIl1d?sha=31feb2faa13530e4\" alt=\"\" \/><\/p>\n<div class=\"gallery-i-caption\"><\/div>\n<\/div>\n<div class=\"gallery-i\"><img src=\"https:\/\/cdn.oxu.az\/uploads\/W1siZiIsIjIwMjEvMTEvMDkvMTIvMDMvMTMvMDI2MjA5OTMtYzdhMS00NjllLWJkZmItNWI2NzBmNDdiNzhiLzI1NDg5MjE0N18zNDQ3ODY4OTQxMTMwMzRfOTA5NTgxMzg2NDc3MzcxNTM4MF9uLmpwZyJdLFsicCIsImVuY29kZSIsImpwZyIsIi1xdWFsaXR5IDgwIl0sWyJwIiwidGh1bWIiLCI1OTB4NTkwXHUwMDNlIl1d?sha=c333aad2b07f079e\" alt=\"\" \/><\/p>\n<div class=\"gallery-i-caption\"><\/div>\n<\/div>\n<div class=\"gallery-i\"><img src=\"https:\/\/cdn.oxu.az\/uploads\/W1siZiIsIjIwMjEvMTEvMDkvMTIvMDMvMTMvMDcxMTNmMjktNjgxMi00MzliLWExZTAtYTM4OTZjMTQyZmUyLzI1NDY2NzU5N18yODUwMTc5OTY4NDA0NzhfMzI0MTYyMzE0Mzg2MzQxMDAwMV9uLmpwZyJdLFsicCIsImVuY29kZSIsImpwZyIsIi1xdWFsaXR5IDgwIl0sWyJwIiwidGh1bWIiLCI1OTB4NTkwXHUwMDNlIl1d?sha=57f914dd111b20a3\" alt=\"\" \/><\/p>\n<div class=\"gallery-i-caption\"><\/div>\n<\/div>\n<div class=\"gallery-i\"><img src=\"https:\/\/cdn.oxu.az\/uploads\/W1siZiIsIjIwMjEvMTEvMDkvMTIvMDMvMTMvNjFmYWY0YzItNzNjNC00YTk2LWE4ZWEtMThmNzE5MGZlY2ViLzI1NDMwMTcxNl8yNjQ3MDE1OTU2MTI2MjlfNzY1Nzc0NzkxOTQ4NzQzODE4OV9uLmpwZyJdLFsicCIsImVuY29kZSIsImpwZyIsIi1xdWFsaXR5IDgwIl0sWyJwIiwidGh1bWIiLCI1OTB4NTkwXHUwMDNlIl1d?sha=117fb3adaf01ee9e\" alt=\"\" \/><\/p>\n<div class=\"gallery-i-caption\"><\/div>\n<\/div>\n<div class=\"gallery-i\"><img src=\"https:\/\/cdn.oxu.az\/uploads\/W1siZiIsIjIwMjEvMTEvMDkvMTIvMDMvMTQvMjgyZTM2YTYtYWY3Zi00MzQ0LTg5NDktNTIzNTIyNjc0N2Q4LzI1NTQyNjAwNF8zMTE5OTE5ODc0MDYyMTFfMjEzOTYxOTc0Nzc2NzkxOTUwMV9uLmpwZyJdLFsicCIsImVuY29kZSIsImpwZyIsIi1xdWFsaXR5IDgwIl0sWyJwIiwidGh1bWIiLCI1OTB4NTkwXHUwMDNlIl1d?sha=eaab3f9bdfdd0aa4\" alt=\"\" \/><\/div>\n<\/div>\n","protected":false},"excerpt":{"rendered":"<p>Amerika Birl\u0259\u015fmi\u015f \u015etatlar\u0131n\u0131n Minnesota \u015ftat\u0131n\u0131n Minneapolis \u015f\u0259h\u0259rind\u0259 8 Noyabr &#8211; Z\u0259f\u0259r G\u00fcn\u00fc qeyd edilib. Diasporla \u0130\u015f \u00fczr\u0259 D\u00f6vl\u0259t Komit\u0259sind\u0259n veril\u0259n m\u0259lumata g\u00f6r\u0259, Minnesota Az\u0259rbaycan Assosiasiyas\u0131n\u0131n r\u0259hb\u0259ri G\u00fcnel Rallisin t\u0259\u015fkilat\u00e7\u0131l\u0131\u011f\u0131 il\u0259 ba\u015f tutan t\u0259dbird\u0259 Az\u0259rbaycan, T\u00fcrkiy\u0259 icmalar\u0131n\u0131n \u00fczvl\u0259ri v\u0259 yerli ictimaiyy\u0259tin n\u00fcmay\u0259nd\u0259l\u0259ri i\u015ftirak edib. T\u0259dbir Az\u0259rbaycan\u0131n d\u00f6vl\u0259t himninin s\u0259sl\u0259ndirilm\u0259si il\u0259 ba\u015flay\u0131b, daha sonra V\u0259t\u0259n m\u00fcharib\u0259si \u015f\u0259hidl\u0259rinin xatir\u0259si bir\u00a0d\u0259qiq\u0259lik s\u00fckutla yad edilib. G\u00fcnel Rallis qonaqlara Z\u0259f\u0259r\u0259 ged\u0259n yol, 44 g\u00fcnl\u00fck m\u00fcharib\u0259d\u0259 \u0259ld\u0259 edil\u0259n q\u0259l\u0259b\u0259 bar\u0259d\u0259 m\u0259lumat verib. Qaraba\u011fa dair haz\u0131rlanm\u0131\u015f m\u0259lumat v\u0259r\u0259q\u0259l\u0259ri qonaqlara paylan\u0131l\u0131b. A\u015fkina T\u00fcrk R\u0259qs Ansambl\u0131 Az\u0259rbaycan r\u0259qsl\u0259rini ifa edib.&hellip;<\/p>\n","protected":false},"author":2,"featured_media":401750,"comment_status":"closed","ping_status":"closed","sticky":false,"template":"","format":"standard","meta":{"om_disable_all_campaigns":false,"_monsterinsights_skip_tracking":false,"_monsterinsights_sitenote_active":false,"_monsterinsights_sitenote_note":"","_monsterinsights_sitenote_category":0},"categories":[26],"tags":[],"aioseo_notices":[],"gutentor_comment":0,"rttpg_featured_image_url":{"full":["https:\/\/arantv.az\/wp-content\/uploads\/2021\/11\/FotoJet-2021-11-09T120258.023.jpg",620,413,false],"landscape":["https:\/\/arantv.az\/wp-content\/uploads\/2021\/11\/FotoJet-2021-11-09T120258.023.jpg",620,413,false],"portraits":["https:\/\/arantv.az\/wp-content\/uploads\/2021\/11\/FotoJet-2021-11-09T120258.023.jpg",620,413,false],"thumbnail":["https:\/\/arantv.az\/wp-content\/uploads\/2021\/11\/FotoJet-2021-11-09T120258.023-500x280.jpg",500,280,true],"medium":["https:\/\/arantv.az\/wp-content\/uploads\/2021\/11\/FotoJet-2021-11-09T120258.023-548x365.jpg",548,365,true],"large":["https:\/\/arantv.az\/wp-content\/uploads\/2021\/11\/FotoJet-2021-11-09T120258.023.jpg",620,413,false],"1536x1536":["https:\/\/arantv.az\/wp-content\/uploads\/2021\/11\/FotoJet-2021-11-09T120258.023.jpg",620,413,false],"2048x2048":["https:\/\/arantv.az\/wp-content\/uploads\/2021\/11\/FotoJet-2021-11-09T120258.023.jpg",620,413,false],"post-thumbnail":["https:\/\/arantv.az\/wp-content\/uploads\/2021\/11\/FotoJet-2021-11-09T120258.023-240x172.jpg",240,172,true],"advps-thumb-one":["https:\/\/arantv.az\/wp-content\/uploads\/2021\/11\/FotoJet-2021-11-09T120258.023.jpg",620,413,false]},"rttpg_author":{"display_name":"V\u00fcsal Rafiqo\u011flu","author_link":"https:\/\/arantv.az\/?author=2"},"rttpg_comment":0,"rttpg_category":"<a href=\"https:\/\/arantv.az\/?cat=26\" rel=\"category\">Sosial<\/a>","rttpg_excerpt":"Amerika Birl\u0259\u015fmi\u015f \u015etatlar\u0131n\u0131n Minnesota \u015ftat\u0131n\u0131n Minneapolis \u015f\u0259h\u0259rind\u0259 8 Noyabr &#8211; Z\u0259f\u0259r G\u00fcn\u00fc qeyd edilib. Diasporla \u0130\u015f \u00fczr\u0259 D\u00f6vl\u0259t Komit\u0259sind\u0259n veril\u0259n m\u0259lumata g\u00f6r\u0259, Minnesota Az\u0259rbaycan Assosiasiyas\u0131n\u0131n r\u0259hb\u0259ri G\u00fcnel Rallisin t\u0259\u015fkilat\u00e7\u0131l\u0131\u011f\u0131 il\u0259 ba\u015f tutan t\u0259dbird\u0259 Az\u0259rbaycan, T\u00fcrkiy\u0259 icmalar\u0131n\u0131n \u00fczvl\u0259ri v\u0259 yerli ictimaiyy\u0259tin n\u00fcmay\u0259nd\u0259l\u0259ri i\u015ftirak edib. T\u0259dbir Az\u0259rbaycan\u0131n d\u00f6vl\u0259t himninin s\u0259sl\u0259ndirilm\u0259si il\u0259 ba\u015flay\u0131b, daha sonra V\u0259t\u0259n m\u00fcharib\u0259si \u015f\u0259hidl\u0259rinin&hellip;","_links":{"self":[{"href":"https:\/\/arantv.az\/index.php?rest_route=\/wp\/v2\/posts\/401749"}],"collection":[{"href":"https:\/\/arantv.az\/index.php?rest_route=\/wp\/v2\/posts"}],"about":[{"href":"https:\/\/arantv.az\/index.php?rest_route=\/wp\/v2\/types\/post"}],"author":[{"embeddable":true,"href":"https:\/\/arantv.az\/index.php?rest_route=\/wp\/v2\/users\/2"}],"replies":[{"embeddable":true,"href":"https:\/\/arantv.az\/index.php?rest_route=%2Fwp%2Fv2%2Fcomments&post=401749"}],"version-history":[{"count":0,"href":"https:\/\/arantv.az\/index.php?rest_route=\/wp\/v2\/posts\/401749\/revisions"}],"wp:featuredmedia":[{"embeddable":true,"href":"https:\/\/arantv.az\/index.php?rest_route=\/wp\/v2\/media\/401750"}],"wp:attachment":[{"href":"https:\/\/arantv.az\/index.php?rest_route=%2Fwp%2Fv2%2Fmedia&parent=401749"}],"wp:term":[{"taxonomy":"category","embeddable":true,"href":"https:\/\/arantv.az\/index.php?rest_route=%2Fwp%2Fv2%2Fcategories&post=401749"},{"taxonomy":"post_tag","embeddable":true,"href":"https:\/\/arantv.az\/index.php?rest_route=%2Fwp%2Fv2%2Ftags&post=401749"}],"curies":[{"name":"wp","href":"https:\/\/api.w.org\/{rel}","templated":true}]}}