{"id":403654,"date":"2021-11-13T12:45:45","date_gmt":"2021-11-13T09:45:45","guid":{"rendered":"http:\/\/arantv.az\/?p=403654"},"modified":"2021-11-13T12:45:45","modified_gmt":"2021-11-13T09:45:45","slug":"xorvatiyali-deputat-az%c9%99rbaycan-xalqini-q%c9%99l%c9%99b%c9%99nin-ildonumu-munasib%c9%99til%c9%99-t%c9%99brik-edib","status":"publish","type":"post","link":"https:\/\/arantv.az\/?p=403654","title":{"rendered":"Xorvatiyal\u0131 deputat Az\u0259rbaycan xalq\u0131n\u0131 Q\u0259l\u0259b\u0259nin ild\u00f6n\u00fcm\u00fc m\u00fcnasib\u0259til\u0259 t\u0259brik edib"},"content":{"rendered":"<p>Az\u0259rbaycan\u0131n \u00f6z \u0259razi b\u00fct\u00f6vl\u00fcy\u00fcn\u00fc b\u0259rpa etm\u0259si il\u0259 b\u00f6lg\u0259d\u0259 dayan\u0131ql\u0131 s\u00fclh\u00fcn t\u0259minat\u0131 \u00fc\u00e7\u00fcn f\u00fcrs\u0259t yaran\u0131b.<\/p>\n<p><img src=\"https:\/\/ikisahil.az\/upload\/\/2021\/11\/13\/\/-70e9dbe216367928052350143101006192.jpg\" alt=\"\" \/><strong>ARANTV.AZ<\/strong>-\u0131n m\u0259lumat\u0131na g\u00f6r\u0259, bunu Xorvatiya-Az\u0259rbaycan parlamentl\u0259raras\u0131 dostluq qrupunun \u00fczv\u00fc Veljko Kajtazi Z\u0259f\u0259r G\u00fcn\u00fc m\u00fcnasib\u0259til\u0259 Milli M\u0259clisd\u0259 Az\u0259rbaycan-Xorvatiya parlamentl\u0259raras\u0131 i\u015f\u00e7i qrupunun r\u0259hb\u0259ri K\u00f6n\u00fcl Nurullayevaya g\u00f6nd\u0259rdiyi t\u0259brik m\u0259ktubunda deyib.<\/p>\n<p>Xorvatiya parlamentinin \u00fczv\u00fc Az\u0259rbaycan xalq\u0131n\u0131 Q\u0259l\u0259b\u0259nin ild\u00f6n\u00fcm\u00fc m\u00fcnasib\u0259til\u0259 t\u0259brik edib. Bildirilib ki, b\u00f6lg\u0259d\u0259 azad edilmi\u015f torpaqlarda suverenliyin v\u0259 b\u00fct\u00f6vl\u00fcy\u00fcn b\u0259rpas\u0131 il\u0259 yana\u015f\u0131, h\u0259m d\u0259 dayan\u0131ql\u0131 s\u00fclh\u00fcn, t\u0259hl\u00fck\u0259sizliyin t\u0259minat\u0131 \u00fc\u00e7\u00fcn f\u00fcrs\u0259t yaran\u0131b. Az\u0259rbaycanl\u0131 m\u0259cburi k\u00f6\u00e7k\u00fcnl\u0259rin h\u00fcquqlar\u0131n\u0131n b\u0259rpa edildiyini qeyd ed\u0259n Veljko Kajtazi Kosovo v\u0259 Xorvatiya m\u00fcharib\u0259l\u0259rini xat\u0131rlad\u0131b. O, Az\u0259rbaycan\u0131n b\u00fct\u00fcn insanlar \u00fc\u00e7\u00fcn firavan h\u0259yata \u0259dal\u0259tli v\u0259 t\u0259hl\u00fck\u0259siz ke\u00e7idi t\u0259min ed\u0259c\u0259yin\u0259 v\u0259 m\u00fcnasib\u0259tl\u0259rin normalla\u015fmas\u0131 istiqam\u0259tind\u0259 f\u0259aliyy\u0259tini davam etdir\u0259c\u0259yin\u0259 \u00fcmidvar oldu\u011funu qeyd edib. Xorvatiyal\u0131 parlamentari m\u00fcnaqi\u015f\u0259d\u0259n \u0259ziyy\u0259t \u00e7\u0259k\u0259n b\u00fct\u00fcn insanlara qay\u011f\u0131 v\u0259 davaml\u0131 s\u00fclh\u0259 y\u00f6n\u0259lmi\u015f siyasi dialoqun t\u0259min edil\u0259c\u0259yin\u0259 \u0259minliyini bildirib.<\/p>\n<p>Veljko Kajtazi Az\u0259rbaycan\u0131n dostu, h\u0259m\u00e7inin Xorvatiya-Az\u0259rbaycan parlamentl\u0259raras\u0131 dostluq qrupunun \u00fczv\u00fc kimi \u00f6lk\u0259mizi d\u0259st\u0259kl\u0259m\u0259y\u0259 davam ed\u0259c\u0259yini deyib.<\/p>\n","protected":false},"excerpt":{"rendered":"<p>Az\u0259rbaycan\u0131n \u00f6z \u0259razi b\u00fct\u00f6vl\u00fcy\u00fcn\u00fc b\u0259rpa etm\u0259si il\u0259 b\u00f6lg\u0259d\u0259 dayan\u0131ql\u0131 s\u00fclh\u00fcn t\u0259minat\u0131 \u00fc\u00e7\u00fcn f\u00fcrs\u0259t yaran\u0131b. ARANTV.AZ-\u0131n m\u0259lumat\u0131na g\u00f6r\u0259, bunu Xorvatiya-Az\u0259rbaycan parlamentl\u0259raras\u0131 dostluq qrupunun \u00fczv\u00fc Veljko Kajtazi Z\u0259f\u0259r G\u00fcn\u00fc m\u00fcnasib\u0259til\u0259 Milli M\u0259clisd\u0259 Az\u0259rbaycan-Xorvatiya parlamentl\u0259raras\u0131 i\u015f\u00e7i qrupunun r\u0259hb\u0259ri K\u00f6n\u00fcl Nurullayevaya g\u00f6nd\u0259rdiyi t\u0259brik m\u0259ktubunda deyib. Xorvatiya parlamentinin \u00fczv\u00fc Az\u0259rbaycan xalq\u0131n\u0131 Q\u0259l\u0259b\u0259nin ild\u00f6n\u00fcm\u00fc m\u00fcnasib\u0259til\u0259 t\u0259brik edib. Bildirilib ki, b\u00f6lg\u0259d\u0259 azad edilmi\u015f torpaqlarda suverenliyin v\u0259 b\u00fct\u00f6vl\u00fcy\u00fcn b\u0259rpas\u0131 il\u0259 yana\u015f\u0131, h\u0259m d\u0259 dayan\u0131ql\u0131 s\u00fclh\u00fcn, t\u0259hl\u00fck\u0259sizliyin t\u0259minat\u0131 \u00fc\u00e7\u00fcn f\u00fcrs\u0259t yaran\u0131b. Az\u0259rbaycanl\u0131 m\u0259cburi k\u00f6\u00e7k\u00fcnl\u0259rin h\u00fcquqlar\u0131n\u0131n b\u0259rpa edildiyini qeyd ed\u0259n Veljko Kajtazi Kosovo v\u0259 Xorvatiya m\u00fcharib\u0259l\u0259rini xat\u0131rlad\u0131b. O, Az\u0259rbaycan\u0131n b\u00fct\u00fcn&hellip;<\/p>\n","protected":false},"author":2,"featured_media":403655,"comment_status":"closed","ping_status":"closed","sticky":false,"template":"","format":"standard","meta":{"om_disable_all_campaigns":false,"_monsterinsights_skip_tracking":false,"_monsterinsights_sitenote_active":false,"_monsterinsights_sitenote_note":"","_monsterinsights_sitenote_category":0},"categories":[4],"tags":[],"aioseo_notices":[],"gutentor_comment":0,"rttpg_featured_image_url":{"full":["https:\/\/arantv.az\/wp-content\/uploads\/2021\/11\/a6ce9144163306541782596475710843321-2.jpg",975,540,false],"landscape":["https:\/\/arantv.az\/wp-content\/uploads\/2021\/11\/a6ce9144163306541782596475710843321-2.jpg",975,540,false],"portraits":["https:\/\/arantv.az\/wp-content\/uploads\/2021\/11\/a6ce9144163306541782596475710843321-2.jpg",975,540,false],"thumbnail":["https:\/\/arantv.az\/wp-content\/uploads\/2021\/11\/a6ce9144163306541782596475710843321-2-500x280.jpg",500,280,true],"medium":["https:\/\/arantv.az\/wp-content\/uploads\/2021\/11\/a6ce9144163306541782596475710843321-2-660x365.jpg",660,365,true],"large":["https:\/\/arantv.az\/wp-content\/uploads\/2021\/11\/a6ce9144163306541782596475710843321-2-840x465.jpg",640,354,true],"1536x1536":["https:\/\/arantv.az\/wp-content\/uploads\/2021\/11\/a6ce9144163306541782596475710843321-2.jpg",975,540,false],"2048x2048":["https:\/\/arantv.az\/wp-content\/uploads\/2021\/11\/a6ce9144163306541782596475710843321-2.jpg",975,540,false],"post-thumbnail":["https:\/\/arantv.az\/wp-content\/uploads\/2021\/11\/a6ce9144163306541782596475710843321-2-240x172.jpg",240,172,true],"advps-thumb-one":["https:\/\/arantv.az\/wp-content\/uploads\/2021\/11\/a6ce9144163306541782596475710843321-2.jpg",975,540,false]},"rttpg_author":{"display_name":"V\u00fcsal Rafiqo\u011flu","author_link":"https:\/\/arantv.az\/?author=2"},"rttpg_comment":0,"rttpg_category":"<a href=\"https:\/\/arantv.az\/?cat=4\" rel=\"category\">Siyas\u0259t<\/a>","rttpg_excerpt":"Az\u0259rbaycan\u0131n \u00f6z \u0259razi b\u00fct\u00f6vl\u00fcy\u00fcn\u00fc b\u0259rpa etm\u0259si il\u0259 b\u00f6lg\u0259d\u0259 dayan\u0131ql\u0131 s\u00fclh\u00fcn t\u0259minat\u0131 \u00fc\u00e7\u00fcn f\u00fcrs\u0259t yaran\u0131b. ARANTV.AZ-\u0131n m\u0259lumat\u0131na g\u00f6r\u0259, bunu Xorvatiya-Az\u0259rbaycan parlamentl\u0259raras\u0131 dostluq qrupunun \u00fczv\u00fc Veljko Kajtazi Z\u0259f\u0259r G\u00fcn\u00fc m\u00fcnasib\u0259til\u0259 Milli M\u0259clisd\u0259 Az\u0259rbaycan-Xorvatiya parlamentl\u0259raras\u0131 i\u015f\u00e7i qrupunun r\u0259hb\u0259ri K\u00f6n\u00fcl Nurullayevaya g\u00f6nd\u0259rdiyi t\u0259brik m\u0259ktubunda deyib. Xorvatiya parlamentinin \u00fczv\u00fc Az\u0259rbaycan xalq\u0131n\u0131 Q\u0259l\u0259b\u0259nin ild\u00f6n\u00fcm\u00fc m\u00fcnasib\u0259til\u0259 t\u0259brik edib. Bildirilib ki, b\u00f6lg\u0259d\u0259 azad&hellip;","_links":{"self":[{"href":"https:\/\/arantv.az\/index.php?rest_route=\/wp\/v2\/posts\/403654"}],"collection":[{"href":"https:\/\/arantv.az\/index.php?rest_route=\/wp\/v2\/posts"}],"about":[{"href":"https:\/\/arantv.az\/index.php?rest_route=\/wp\/v2\/types\/post"}],"author":[{"embeddable":true,"href":"https:\/\/arantv.az\/index.php?rest_route=\/wp\/v2\/users\/2"}],"replies":[{"embeddable":true,"href":"https:\/\/arantv.az\/index.php?rest_route=%2Fwp%2Fv2%2Fcomments&post=403654"}],"version-history":[{"count":0,"href":"https:\/\/arantv.az\/index.php?rest_route=\/wp\/v2\/posts\/403654\/revisions"}],"wp:featuredmedia":[{"embeddable":true,"href":"https:\/\/arantv.az\/index.php?rest_route=\/wp\/v2\/media\/403655"}],"wp:attachment":[{"href":"https:\/\/arantv.az\/index.php?rest_route=%2Fwp%2Fv2%2Fmedia&parent=403654"}],"wp:term":[{"taxonomy":"category","embeddable":true,"href":"https:\/\/arantv.az\/index.php?rest_route=%2Fwp%2Fv2%2Fcategories&post=403654"},{"taxonomy":"post_tag","embeddable":true,"href":"https:\/\/arantv.az\/index.php?rest_route=%2Fwp%2Fv2%2Ftags&post=403654"}],"curies":[{"name":"wp","href":"https:\/\/api.w.org\/{rel}","templated":true}]}}