{"id":403657,"date":"2021-11-13T12:46:25","date_gmt":"2021-11-13T09:46:25","guid":{"rendered":"http:\/\/arantv.az\/?p=403657"},"modified":"2021-11-13T12:46:25","modified_gmt":"2021-11-13T09:46:25","slug":"turk-dunyasinin-ali-ordeni-ali-bas-komandan-ilham-%c9%99liyevin-qalib-liderliyinin-beyn%c9%99lxalq-nufuzunun-dunyaya-t%c9%99qdimatidir","status":"publish","type":"post","link":"https:\/\/arantv.az\/?p=403657","title":{"rendered":"\u201cT\u00fcrk D\u00fcnyas\u0131n\u0131n Ali Ordeni\u201d Ali Ba\u015f Komandan \u0130lham \u018fliyevin qalib liderliyinin, beyn\u0259lxalq n\u00fcfuzunun d\u00fcnyaya t\u0259qdimat\u0131d\u0131r"},"content":{"rendered":"<p><em>\u201cT\u00fcrkdilli \u00d6lk\u0259l\u0259rin D\u00f6vl\u0259t Ba\u015f\u00e7\u0131lar\u0131 \u015euras\u0131n\u0131n \u00a0q\u0259bul etdiyi Q\u0259rarda deyilir: \u201cAz\u0259rbaycan Respublikas\u0131n\u0131n Prezidenti, Ali Ba\u015f Komandan Zati-alil\u0259ri \u0130lham \u018fliyevin r\u0259hb\u0259rliyi il\u0259 Az\u0259rbaycan Respublikas\u0131n\u0131n \u0259razil\u0259rinin i\u015f\u011faldan azad edilm\u0259sini v\u0259 \u0259razi b\u00fct\u00f6vl\u00fcy\u00fcn\u00fcn b\u0259rpas\u0131n\u0131 t\u0259min ed\u0259r\u0259k t\u00fcrk birliyin\u0259 m\u00fch\u00fcm t\u00f6hf\u0259 ver\u0259n v\u0259 b\u00f6lg\u0259d\u0259 davaml\u0131 s\u00fclh v\u0259 sabitliyin \u0259ld\u0259 olunmas\u0131na yol a\u00e7an tarixi q\u0259l\u0259b\u0259y\u0259 g\u00f6r\u0259 D\u00f6vl\u0259t Ba\u015f\u00e7\u0131lar\u0131 \u015euras\u0131 T\u00fcrkiy\u0259 Respublikas\u0131n\u0131n Prezidenti Zati-alil\u0259ri R\u0259c\u0259b Tayyib \u018frdo\u011fan\u0131n t\u0259klifi il\u0259 Zati-alil\u0259ri \u0130lham \u018fliyevin b\u00f6y\u00fck \u015f\u0259r\u0259fl\u0259 \u201cT\u00fcrk D\u00fcnyas\u0131n\u0131n Ali Ordeni\u201d il\u0259 t\u0259ltif edilm\u0259si haqq\u0131nda q\u0259rar q\u0259bul etmi\u015fdir.\u201d<\/em><\/p>\n<p>G\u00f6r\u00fcnd\u00fcy\u00fc kimi, Az\u0259rbaycan Prezidenti, M\u00fcz\u0259ff\u0259r Ali Ba\u015f Komandan \u0130lham \u018fliyevin ist\u0259r \u00f6lk\u0259mizin, ist\u0259rs\u0259 d\u0259 regionun, x\u00fcsusil\u0259 t\u00fcrk d\u00fcnyas\u0131n\u0131n, \u00fcmumilikd\u0259 d\u00fcnyan\u0131n bu g\u00fcn\u00fc v\u0259 g\u0259l\u0259c\u0259yi il\u0259 ba\u011fl\u0131 atd\u0131\u011f\u0131 add\u0131mlar, \u0259ld\u0259 etdiyi u\u011furlu n\u0259tic\u0259l\u0259r h\u0259r zaman diqq\u0259tl\u0259 izl\u0259nilir, t\u0259qdir olunur, ali m\u00fckafata layiq g\u00f6r\u00fcl\u00fcr. \u00d6lk\u0259 Prezidenti T\u00fcrkdilli D\u00f6vl\u0259tl\u0259rin \u018fm\u0259kda\u015fl\u0131q \u015euras\u0131n\u0131n \u00a0VIII Zirv\u0259 G\u00f6r\u00fc\u015f\u00fcnd\u0259 bu m\u00fckafat\u0131\u00a0 b\u00f6y\u00fck \u015f\u0259r\u0259f, eyni zamanda, b\u00f6y\u00fck m\u0259suliyy\u0259t kimi d\u0259y\u0259rl\u0259ndir\u0259r\u0259k bildirmi\u015fdir ki,\u00a0 sevincimi ikiqat ed\u0259n\u00a0 bu Ali Ordenin\u00a0 T\u00fcrk \u015euras\u0131na \u00fczv \u00f6lk\u0259l\u0259rin d\u00f6vl\u0259t ba\u015f\u00e7\u0131lar\u0131n\u0131n\u00a0 imzas\u0131\u00a0 v\u0259 \u0259ziz Qarda\u015f\u0131m, h\u00f6rm\u0259tli C\u00fcmhurba\u015fqan\u0131 R\u0259c\u0259b Tayyib \u018frdo\u011fan\u0131n t\u0259\u015f\u0259bb\u00fcs\u00fc il\u0259 t\u0259qdim edilm\u0259sidir. Bu m\u00fckafat t\u0259kc\u0259 M\u00fcz\u0259ff\u0259r Ali Ba\u015f Komandan, bu g\u00fcnl\u0259r qarda\u015f T\u00fcrkiy\u0259d\u0259 deyildiyi kimi, \u0130kinci Qaraba\u011f m\u00fcharib\u0259sinin Q\u0259hr\u0259man\u0131 c\u0259nab \u0130lham \u018fliyev\u0259 deyil, V\u0259t\u0259n u\u011frunda tarixi sava\u015f\u0131n qalibi olan b\u00fct\u00fcn Az\u0259rbaycan xalq\u0131na verilmi\u015f m\u00fckafatd\u0131r.<\/p>\n<p>H\u0259qiq\u0259t\u0259n d\u0259 Ali Ba\u015f Komandan\u0131m\u0131z \u00a044 g\u00fcnl\u00fck \u0130kinci Qaraba\u011f m\u00fcharib\u0259sind\u0259 b\u00f6y\u00fck Z\u0259f\u0259rimizi t\u0259min etm\u0259kl\u0259 ad\u0131n\u0131 tarix\u0259 qalib Lider, torpaqlar\u0131m\u0131z\u0131n xilaskar\u0131 kimi yazd\u0131. D\u00f6vl\u0259t ba\u015f\u00e7\u0131s\u0131 \u00a0\u0130lham \u018fliyev \u00a02003-c\u00fc ild\u0259 Prezident se\u00e7il\u0259rk\u0259n qar\u015f\u0131dak\u0131 ill\u0259rin prioritetl\u0259rini a\u00e7\u0131qlayaraq \u0259sas amal\u0131n\u0131n Az\u0259rbaycan\u0131n \u0259razi b\u00fct\u00f6vl\u00fcy\u00fcn\u00fc t\u0259min etm\u0259k oldu\u011funu b\u0259yan etmi\u015fdi. T\u0259bii ki, buna nail olmaq \u00fc\u00e7\u00fcn b\u00fct\u00fcn sah\u0259l\u0259rd\u0259 daha da g\u00fccl\u0259nm\u0259k, \u0259n \u0259sas\u0131 tarixi faktlara, real m\u0259s\u0259l\u0259l\u0259r\u0259 s\u00f6yk\u0259n\u0259r\u0259k Az\u0259rbaycan\u0131n diplomatik m\u00fcbariz\u0259d\u0259 q\u0259l\u0259b\u0259sini t\u0259min etm\u0259k laz\u0131m idi. Art\u0131q tarix\u0259 qovu\u015fan Da\u011fl\u0131q Qaraba\u011f m\u00fcnaqi\u015f\u0259sinin \u0259dal\u0259tli h\u0259lli \u00fc\u00e7\u00fcn m\u00f6hk\u0259m h\u00fcquqi baza m\u00f6vcud idi. BMT T\u0259hl\u00fck\u0259sizlik \u015euras\u0131n\u0131n 1993-c\u00fc ild\u0259 q\u0259bul etdiyi q\u0259tnam\u0259l\u0259rd\u0259 Da\u011fl\u0131q Qaraba\u011f\u0131n Az\u0259rbaycan\u0131n ayr\u0131lmaz t\u0259rkib hiss\u0259si \u00a0olmas\u0131 v\u0259 erm\u0259ni i\u015f\u011fal\u00e7\u0131lar\u0131n\u0131n torpaqlar\u0131m\u0131zdan qeyd-\u015f\u0259rtsiz \u00e7\u0131xar\u0131lmalar\u0131 \u00f6z \u0259ksini tapm\u0131\u015fd\u0131.\u201d<\/p>\n<p><strong>Bu fikirl\u0259ri Yeni Az\u0259rbaycan Partiyas\u0131 (YAP) X\u0259tai rayon t\u0259\u015fkilat\u0131n\u0131n s\u0259dri, siyasi elml\u0259r doktoru V\u00fcqar R\u0259himzad\u0259 K\u0130V-\u0259 a\u00e7\u0131qlamas\u0131nda bildirib.<\/strong><\/p>\n<p>V.R\u0259himzad\u0259 qeyd edib ki, m\u00f6ht\u0259r\u0259m Prezidentimiz \u0130lham \u018fliyev q\u0131sa d\u00f6vr \u0259rzind\u0259 Az\u0259rbaycan\u0131 inki\u015faf etmi\u015f, m\u00fcasir, g\u00fccl\u00fc v\u0259 d\u00fcnya miqyas\u0131nda b\u00f6y\u00fck n\u00fcfuza malik d\u00f6vl\u0259t\u0259 \u00e7evirdi. M\u0259hz d\u00f6vl\u0259t ba\u015f\u00e7\u0131s\u0131n\u0131n diplomatik s\u0259yl\u0259ri n\u0259tic\u0259sind\u0259 Az\u0259rbaycan\u0131n haqq s\u0259si beyn\u0259lxalq al\u0259m\u0259 \u00e7atd\u0131r\u0131ld\u0131, d\u00fcnyan\u0131n apar\u0131c\u0131 d\u00f6vl\u0259tl\u0259ri, n\u00fcfuzlu beyn\u0259lxalq t\u0259\u015fkilatlar ill\u0259rl\u0259 ka\u011f\u0131z \u00fcz\u0259rind\u0259 qal\u0131b saralmas\u0131na baxmayaraq Az\u0259rbaycan\u0131n \u0259dal\u0259tli m\u00f6vqeyini d\u0259st\u0259kl\u0259y\u0259n, Erm\u0259nistan\u0131n i\u015f\u011fal\u00e7\u0131l\u0131q siyas\u0259tini pisl\u0259y\u0259n q\u0259rar v\u0259 q\u0259tnam\u0259l\u0259r q\u0259bul etdil\u0259r: \u201cAz\u0259rbaycan\u0131n iqtisadi v\u0259 siyasi m\u00fcst\u0259qilliyinin m\u00f6hk\u0259ml\u0259ndirilm\u0259si n\u0259tic\u0259sind\u0259 biz\u0259 dost v\u0259 t\u0259r\u0259fda\u015f olan \u00f6lk\u0259l\u0259rin say\u0131 \u00a0s\u00fcr\u0259tl\u0259 artd\u0131. Bir s\u00f6zl\u0259,\u00a0 g\u00fccl\u00fc iqtisadiyyat\u0131n, q\u00fcdr\u0259tli ordunun,\u00a0 \u00f6lk\u0259mizin beyn\u0259lxalq arenada \u00f6n\u0259mli m\u00f6vqeyinin, m\u00fcst\u0259qil xarici siyas\u0259tinin fonunda Az\u0259rbaycan\u0131n Q\u0259l\u0259b\u0259y\u0259 ged\u0259n yolunun ayd\u0131n m\u0259nz\u0259r\u0259si yarand\u0131. Az\u0259rbaycan\u0131n bug\u00fcnk\u00fc reall\u0131qlar\u0131 ulu \u00f6nd\u0259r Heyd\u0259r \u018fliyevin 1 oktyabr 2003-c\u00fc il tarixd\u0259 xalqa m\u00fcraci\u0259tind\u0259 s\u00f6yl\u0259diyi \u201cM\u0259n Ona \u00f6z\u00fcm q\u0259d\u0259r inan\u0131ram\u201d fikrinin ard\u0131nca \u00f6z\u00fcn\u00fcn sona \u00e7atd\u0131ra bilm\u0259diyi i\u015fl\u0259rin c\u0259nab \u0130lham \u018fliyevin ba\u015fa \u00e7atd\u0131raca\u011f\u0131na \u0259minliyinin t\u0259sdiqidir.\u00a0 On s\u0259kkiz\u00a0 il \u0259vv\u0259l Az\u0259rbaycan xalq\u0131 m\u00fcdrik se\u00e7im ed\u0259r\u0259k, b\u00fct\u00fcn varl\u0131\u011f\u0131 il\u0259 Ulu \u00d6nd\u0259rin siyasi kursuna sadiq olan v\u0259 dahi \u015f\u0259xsiyy\u0259tin layiqli davam\u00e7\u0131s\u0131 c\u0259nab \u0130lham \u018fliyev\u0259 yekdillikl\u0259 s\u0259s verdi. \u00d6t\u0259n h\u0259r il xalq\u0131n \u00f6z tarixi se\u00e7imind\u0259 yan\u0131lmad\u0131\u011f\u0131n\u0131 t\u0259sdiql\u0259yir.\u00a0 Yeni \u0259srin yeni Lideri \u0130lham \u018fliyev\u00a0 bu ill\u0259r \u0259rzind\u0259, \u00a0yuxar\u0131da qeyd etdiyim kimi, \u00a0Az\u0259rbaycan\u0131 h\u0259m siyasi-iqtisadi, h\u0259m d\u0259 h\u0259rbi c\u0259h\u0259td\u0259n q\u00fcdr\u0259tli, d\u00fcnyada s\u00f6z\u00fcn\u00fcn imzas\u0131 q\u0259d\u0259r \u0259h\u0259miyy\u0259ti olan\u00a0 d\u00f6vl\u0259t\u0259 \u00e7evirdi. Bu g\u00fcc say\u0259sind\u0259 Qaraba\u011f\u0131n 30 il davam ed\u0259n i\u015f\u011fal\u0131na 44 g\u00fcnd\u0259 son qoymaq m\u00fcmk\u00fcn oldu. Bu g\u00fcn Az\u0259rbaycan\u00a0 h\u0259qiq\u0259t\u0259n tarixi g\u00fcnl\u0259rini ya\u015fay\u0131r\u00a0 v\u0259 bu proses \u0259b\u0259di olacaq.\u00a0 D\u00f6vl\u0259t ba\u015f\u00e7\u0131s\u0131 \u0130lham \u018fliyevin Z\u0259f\u0259r G\u00fcn\u00fcnd\u0259 \u015eu\u015fadan b\u00fct\u00fcn d\u00fcnyaya b\u0259yan etdiyi kimi, biz Qaraba\u011fda v\u0259 Z\u0259ng\u0259zurda \u0259b\u0259di ya\u015fayaca\u011f\u0131q.\u201d<\/p>\n<p>YAP X\u0259tai rayon t\u0259\u015fkilat\u0131n\u0131n s\u0259dri bildirib ki, M\u00fcz\u0259ff\u0259r Ali Ba\u015f Komandan \u0130lham \u018fliyev\u00a0 ad\u0131n\u0131 tarix\u0259 Az\u0259rbaycan xalq\u0131n\u0131 vahid ideya, \u00a0vahid amal \u0259traf\u0131nda yumruq kimi birl\u0259\u015fdir\u0259n, xalq-iqtidar birliyin\u0259 nail olan, \u00f6z xalq\u0131n\u0131n \u0259n b\u00f6y\u00fck arzular\u0131n\u0131 reall\u0131\u011fa \u00e7evir\u0259n Lider kimi yazd\u0131: \u201cPrezident \u0130lham \u018fliyev g\u00fccl\u00fc siyasi irad\u0259si il\u0259 g\u00fccl\u00fc d\u00f6vl\u0259t konsepsiyas\u0131n\u0131 h\u0259yata ke\u00e7irm\u0259kl\u0259 C\u0259nubi Qafqaz regionunda Az\u0259rbaycan\u0131n timsal\u0131nda yenilm\u0259z iqtisadi, siyasi v\u0259 h\u0259rbi g\u00fcc yaratma\u011fa nail oldu v\u0259 m\u0259hz bu amill\u0259rin\u00a0 v\u0259hd\u0259ti Da\u011fl\u0131q Qaraba\u011f m\u00fcnaqi\u015f\u0259sini tarix\u0259 qovu\u015fdurdu, \u00f6lk\u0259mizin h\u0259yat\u0131nda, beyn\u0259lxalq m\u00fcnasib\u0259tl\u0259rd\u0259 yeni s\u0259hif\u0259 a\u00e7d\u0131, \u00a0b\u00f6lg\u0259d\u0259, \u00fcmumilikd\u0259 \u00a0d\u00fcnyada\u00a0 yeni reall\u0131qlar yaratd\u0131. M\u00fcz\u0259ff\u0259r Ali Ba\u015f Komandan\u00a0 ata v\u0259siyy\u0259tini \u015f\u0259r\u0259fl\u0259 yerin\u0259 yetirdi, xalq\u0131na, \u00a0o c\u00fcml\u0259d\u0259n m\u0259cburi k\u00f6\u00e7k\u00fcnl\u0259r\u0259 verdiyi v\u0259di \u0259m\u0259li f\u0259aliyy\u0259ti il\u0259 reall\u0131\u011fa \u00e7evirdi, g\u00fccl\u00fc Az\u0259rbaycan yaradaraq 44 g\u00fcnl\u00fck V\u0259t\u0259n m\u00fcharib\u0259sind\u0259 haqq\u0131nda \u0259srl\u0259rl\u0259 dan\u0131\u015f\u0131lacaq\u00a0 m\u00fcharib\u0259 taktikas\u0131n\u0131 n\u00fcmayi\u015f etdirm\u0259kl\u0259\u00a0\u00a0 d\u00fc\u015fm\u0259ni diz \u00e7\u00f6kd\u00fcrd\u00fc, i\u015f\u011fal\u00e7\u0131 Erm\u0259nistan\u0131 v\u0259 ona havadarl\u0131q ed\u0259nl\u0259ri yeni reall\u0131qlarla bar\u0131\u015fma\u011fa m\u0259cbur etdi.\u00a0 Az\u0259rbaycan\u0131n \u0259razi b\u00fct\u00f6vl\u00fcy\u00fcn\u00fc b\u0259rpa ed\u0259n qalib\u00a0 Lider, qalib S\u0259rk\u0259rd\u0259 kimi ad\u0131n\u0131 \u0259b\u0259di olaraq tarix\u0259 yazd\u0131rd\u0131,\u00a0 V\u0259t\u0259n m\u00fcharib\u0259sinin \u0259sl q\u0259hr\u0259man\u0131na \u00e7evrildi.\u201d<\/p>\n<p>\u201cPrezident \u0130lham \u018fliyev t\u00fcrk d\u00fcnyas\u0131nda da\u00a0 uzaqg\u00f6r\u0259n, m\u0259qs\u0259dy\u00f6nl\u00fc, prinsipial Lider kimi n\u00fcfuz\u00a0 qazan\u0131b\u201d s\u00f6yl\u0259y\u0259n V\u00fcqar R\u0259himzad\u0259 d\u00f6vl\u0259t ba\u015f\u00e7\u0131s\u0131n\u0131n h\u0259l\u0259 2009-cu ilin oktyabr\u0131nda T\u00fcrkdilli \u00d6lk\u0259l\u0259rin D\u00f6vl\u0259t Ba\u015f\u00e7\u0131lar\u0131n\u0131n Nax\u00e7\u0131van Zirv\u0259 G\u00f6r\u00fc\u015f\u00fcnd\u0259 s\u00f6yl\u0259diyi\u00a0 \u201cVaxtil\u0259 Az\u0259rbaycan\u0131n tarixi torpa\u011f\u0131, \u0259z\u0259li torpa\u011f\u0131 Z\u0259ng\u0259zur b\u00f6lg\u0259sinin Az\u0259rbaycandan ay\u0131r\u0131b Erm\u0259nistana birl\u0259\u015fdirilm\u0259si dem\u0259k olar ki, b\u00f6y\u00fck t\u00fcrk d\u00fcnyas\u0131n\u0131 co\u011frafi bax\u0131mdan par\u00e7alad\u0131. Y\u0259ni t\u00fcrk d\u00fcnyas\u0131n\u0131n vahid bir ail\u0259 kimi, vahid bir q\u00fcvv\u0259 kimi f\u0259aliyy\u0259ti on illikl\u0259r \u0259rzind\u0259 dayand\u0131r\u0131lm\u0131\u015fd\u0131r\u201d fikirl\u0259rini \u00f6n\u0259 \u00e7\u0259k\u0259r\u0259k bildirib ki, bu g\u00fcn Z\u0259ng\u0259zur d\u0259hlizinin yarad\u0131lmas\u0131 t\u0259kc\u0259 iqtisadi deyil, h\u0259m d\u0259 b\u00f6y\u00fck siyasi \u0259h\u0259miyy\u0259t da\u015f\u0131yan hadis\u0259dir. M\u00f6ht\u0259r\u0259m Prezidentimiz\u00a0 \u0130lham \u018fliyev t\u00fcrkdilli d\u00f6vl\u0259tl\u0259r aras\u0131nda co\u011frafi ba\u011fl\u0131l\u0131\u011f\u0131n b\u0259rpa edilm\u0259sin\u0259, b\u00fct\u00fcn t\u00fcrk d\u00fcnyas\u0131n\u0131n birlik arzusunun reall\u0131\u011fa \u00e7evrilm\u0259sin\u0259 misilsiz t\u00f6hf\u0259l\u0259r ver\u0259n Liderdir. \u00d6lk\u0259 Prezidentinin daim b\u00fct\u00fcn t\u00fcrk d\u00fcnyas\u0131na \u00fcnvanlad\u0131\u011f\u0131 \u201cG\u00fcc\u00fcm\u00fcz birliyimizd\u0259dir\u201d, \u201cBizim birliyimizd\u0259n \u00e7ox \u015fey as\u0131l\u0131d\u0131r\u201d kimi \u00e7a\u011f\u0131r\u0131\u015flar\u0131 da \u00f6z\u00fcnd\u0259 bir s\u0131ra m\u0259qamlar\u0131, ist\u0259kl\u0259ri ehtiva edirdi.<\/p>\n<p>V\u00fcqar R\u0259himzad\u0259 Az\u0259rbaycan\u0131n 2019-2021-ci ill\u0259rd\u0259\u00a0 T\u00fcrk \u015euras\u0131na u\u011furla s\u0259drlik etdiyini, t\u00fcrkdilli \u00f6lk\u0259l\u0259r aras\u0131nda dostlu\u011fun, qarda\u015fl\u0131\u011f\u0131n v\u0259 \u0259m\u0259kda\u015fl\u0131\u011f\u0131n\u00a0 daha da m\u00f6hk\u0259ml\u0259ndirilm\u0259si istiqam\u0259tind\u0259 ciddi s\u0259yl\u0259r g\u00f6st\u0259rdiyini x\u00fcsusi vur\u011fulayaraq diqq\u0259ti d\u00f6vl\u0259t ba\u015f\u00e7\u0131s\u0131 \u0130lham \u018fliyevin T\u00fcrkdilli D\u00f6vl\u0259tl\u0259rin \u018fm\u0259kda\u015fl\u0131q \u015euras\u0131n\u0131n \u00a0VIII Zirv\u0259 G\u00f6r\u00fc\u015f\u00fcnd\u0259 s\u0259sl\u0259ndirdiyi fikirl\u0259r\u0259 y\u00f6n\u0259ldib: \u201c\u00d6lk\u0259 Prezidenti \u201cT\u00fcrk D\u00fcnyas\u0131n\u0131n Ali Ordeni\u201d m\u00fckafat\u0131n\u0131n\u00a0 Az\u0259rbaycan\u0131n\u00a0 T\u00fcrk \u015euras\u0131na s\u0259drliyi T\u00fcrkiy\u0259y\u0259 t\u0259hvil verdiyi zamana t\u0259sad\u00fcf etm\u0259sinin r\u0259mzi m\u0259nas\u0131 oldu\u011funu a\u00e7\u0131qlad\u0131 v\u0259 bu \u0259minliyi ifad\u0259 etdi ki, bundan sonra\u00a0 T\u00fcrk D\u00f6vl\u0259tl\u0259ri T\u0259\u015fkilat\u0131ndak\u0131 \u00a0s\u0259drlik m\u00fcdd\u0259tini art\u0131q \u0259ziz Qarda\u015f\u0131m R\u0259c\u0259b Tayyib \u018frdo\u011fan \u00f6z \u00fcz\u0259rin\u0259 g\u00f6t\u00fcr\u00fcr. Onun liderliyi il\u0259 \u00f6lk\u0259l\u0259rimiz aras\u0131ndak\u0131 birlik, h\u0259mr\u0259ylik, qar\u015f\u0131l\u0131ql\u0131 h\u00f6rm\u0259t v\u0259 m\u0259h\u0259bb\u0259t \u0259sas\u0131nda qurulmu\u015f \u0259laq\u0259l\u0259r daha da m\u00f6hk\u0259ml\u0259n\u0259c\u0259k. Bu g\u00fcn\u00a0 t\u00fcrk d\u00f6vl\u0259tl\u0259ri aras\u0131ndak\u0131 birlikd\u0259n dan\u0131\u015fark\u0259n g\u0259l\u0259c\u0259y\u0259 baxmaqdan m\u0259mnunlu\u011funu ifad\u0259 ed\u0259n d\u00f6vl\u0259t ba\u015f\u00e7\u0131s\u0131 bildirdi ki,\u00a0\u00a0 birg\u0259 g\u0259l\u0259c\u0259yimiz \u00fc\u00e7\u00fcn \u00e7ox m\u00f6hk\u0259m t\u0259m\u0259l var. Bu,\u00a0 ortaq k\u00f6kl\u0259rimiz, dilimiz, dinimiz v\u0259 ortaq maraqlar\u0131m\u0131zd\u0131r.\u201d<\/p>\n<p>YAP X\u0259tai rayon t\u0259\u015fkilat\u0131n\u0131n s\u0259dri bu \u00fcmumil\u0259\u015fdirm\u0259ni apar\u0131b ki, d\u00f6vl\u0259t ba\u015f\u00e7\u0131s\u0131, M\u00fcz\u0259ff\u0259r Ali Ba\u015f Komandan \u0130lham \u018fliyevin \u201cT\u00fcrk D\u00fcnyas\u0131n\u0131n Ali Ordeni\u201d m\u00fckafat\u0131 il\u0259 t\u0259ltif edilm\u0259sind\u0259 \u0259sas amil kimi \u00f6n\u0259 \u00e7\u0259kil\u0259n tarixi Z\u0259f\u0259rimiz t\u00fcrk d\u00fcnyas\u0131nda\u00a0 birliyin v\u0259 h\u0259mr\u0259yliyin\u00a0 g\u00fccl\u0259ndirilm\u0259sind\u0259 d\u0259\u00a0 m\u00fch\u00fcm rol oynad\u0131.<\/p>\n","protected":false},"excerpt":{"rendered":"<p>\u201cT\u00fcrkdilli \u00d6lk\u0259l\u0259rin D\u00f6vl\u0259t Ba\u015f\u00e7\u0131lar\u0131 \u015euras\u0131n\u0131n \u00a0q\u0259bul etdiyi Q\u0259rarda deyilir: \u201cAz\u0259rbaycan Respublikas\u0131n\u0131n Prezidenti, Ali Ba\u015f Komandan Zati-alil\u0259ri \u0130lham \u018fliyevin r\u0259hb\u0259rliyi il\u0259 Az\u0259rbaycan Respublikas\u0131n\u0131n \u0259razil\u0259rinin i\u015f\u011faldan azad edilm\u0259sini v\u0259 \u0259razi b\u00fct\u00f6vl\u00fcy\u00fcn\u00fcn b\u0259rpas\u0131n\u0131 t\u0259min ed\u0259r\u0259k t\u00fcrk birliyin\u0259 m\u00fch\u00fcm t\u00f6hf\u0259 ver\u0259n v\u0259 b\u00f6lg\u0259d\u0259 davaml\u0131 s\u00fclh v\u0259 sabitliyin \u0259ld\u0259 olunmas\u0131na yol a\u00e7an tarixi q\u0259l\u0259b\u0259y\u0259 g\u00f6r\u0259 D\u00f6vl\u0259t Ba\u015f\u00e7\u0131lar\u0131 \u015euras\u0131 T\u00fcrkiy\u0259 Respublikas\u0131n\u0131n Prezidenti Zati-alil\u0259ri R\u0259c\u0259b Tayyib \u018frdo\u011fan\u0131n t\u0259klifi il\u0259 Zati-alil\u0259ri \u0130lham \u018fliyevin b\u00f6y\u00fck \u015f\u0259r\u0259fl\u0259 \u201cT\u00fcrk D\u00fcnyas\u0131n\u0131n Ali Ordeni\u201d il\u0259 t\u0259ltif edilm\u0259si haqq\u0131nda q\u0259rar q\u0259bul etmi\u015fdir.\u201d G\u00f6r\u00fcnd\u00fcy\u00fc kimi, Az\u0259rbaycan Prezidenti, M\u00fcz\u0259ff\u0259r Ali Ba\u015f Komandan \u0130lham \u018fliyevin ist\u0259r \u00f6lk\u0259mizin,&hellip;<\/p>\n","protected":false},"author":2,"featured_media":403658,"comment_status":"closed","ping_status":"closed","sticky":false,"template":"","format":"standard","meta":{"om_disable_all_campaigns":false,"_monsterinsights_skip_tracking":false,"_monsterinsights_sitenote_active":false,"_monsterinsights_sitenote_note":"","_monsterinsights_sitenote_category":0},"categories":[4],"tags":[],"aioseo_notices":[],"gutentor_comment":0,"rttpg_featured_image_url":{"full":["https:\/\/arantv.az\/wp-content\/uploads\/2021\/11\/85ea6fd7157001754125501279410805968.jpg",975,540,false],"landscape":["https:\/\/arantv.az\/wp-content\/uploads\/2021\/11\/85ea6fd7157001754125501279410805968.jpg",975,540,false],"portraits":["https:\/\/arantv.az\/wp-content\/uploads\/2021\/11\/85ea6fd7157001754125501279410805968.jpg",975,540,false],"thumbnail":["https:\/\/arantv.az\/wp-content\/uploads\/2021\/11\/85ea6fd7157001754125501279410805968-500x280.jpg",500,280,true],"medium":["https:\/\/arantv.az\/wp-content\/uploads\/2021\/11\/85ea6fd7157001754125501279410805968-660x365.jpg",660,365,true],"large":["https:\/\/arantv.az\/wp-content\/uploads\/2021\/11\/85ea6fd7157001754125501279410805968-840x465.jpg",640,354,true],"1536x1536":["https:\/\/arantv.az\/wp-content\/uploads\/2021\/11\/85ea6fd7157001754125501279410805968.jpg",975,540,false],"2048x2048":["https:\/\/arantv.az\/wp-content\/uploads\/2021\/11\/85ea6fd7157001754125501279410805968.jpg",975,540,false],"post-thumbnail":["https:\/\/arantv.az\/wp-content\/uploads\/2021\/11\/85ea6fd7157001754125501279410805968-240x172.jpg",240,172,true],"advps-thumb-one":["https:\/\/arantv.az\/wp-content\/uploads\/2021\/11\/85ea6fd7157001754125501279410805968.jpg",975,540,false]},"rttpg_author":{"display_name":"V\u00fcsal Rafiqo\u011flu","author_link":"https:\/\/arantv.az\/?author=2"},"rttpg_comment":0,"rttpg_category":"<a href=\"https:\/\/arantv.az\/?cat=4\" rel=\"category\">Siyas\u0259t<\/a>","rttpg_excerpt":"\u201cT\u00fcrkdilli \u00d6lk\u0259l\u0259rin D\u00f6vl\u0259t Ba\u015f\u00e7\u0131lar\u0131 \u015euras\u0131n\u0131n \u00a0q\u0259bul etdiyi Q\u0259rarda deyilir: \u201cAz\u0259rbaycan Respublikas\u0131n\u0131n Prezidenti, Ali Ba\u015f Komandan Zati-alil\u0259ri \u0130lham \u018fliyevin r\u0259hb\u0259rliyi il\u0259 Az\u0259rbaycan Respublikas\u0131n\u0131n \u0259razil\u0259rinin i\u015f\u011faldan azad edilm\u0259sini v\u0259 \u0259razi b\u00fct\u00f6vl\u00fcy\u00fcn\u00fcn b\u0259rpas\u0131n\u0131 t\u0259min ed\u0259r\u0259k t\u00fcrk birliyin\u0259 m\u00fch\u00fcm t\u00f6hf\u0259 ver\u0259n v\u0259 b\u00f6lg\u0259d\u0259 davaml\u0131 s\u00fclh v\u0259 sabitliyin \u0259ld\u0259 olunmas\u0131na yol a\u00e7an tarixi q\u0259l\u0259b\u0259y\u0259 g\u00f6r\u0259 D\u00f6vl\u0259t Ba\u015f\u00e7\u0131lar\u0131 \u015euras\u0131 T\u00fcrkiy\u0259 Respublikas\u0131n\u0131n&hellip;","_links":{"self":[{"href":"https:\/\/arantv.az\/index.php?rest_route=\/wp\/v2\/posts\/403657"}],"collection":[{"href":"https:\/\/arantv.az\/index.php?rest_route=\/wp\/v2\/posts"}],"about":[{"href":"https:\/\/arantv.az\/index.php?rest_route=\/wp\/v2\/types\/post"}],"author":[{"embeddable":true,"href":"https:\/\/arantv.az\/index.php?rest_route=\/wp\/v2\/users\/2"}],"replies":[{"embeddable":true,"href":"https:\/\/arantv.az\/index.php?rest_route=%2Fwp%2Fv2%2Fcomments&post=403657"}],"version-history":[{"count":0,"href":"https:\/\/arantv.az\/index.php?rest_route=\/wp\/v2\/posts\/403657\/revisions"}],"wp:featuredmedia":[{"embeddable":true,"href":"https:\/\/arantv.az\/index.php?rest_route=\/wp\/v2\/media\/403658"}],"wp:attachment":[{"href":"https:\/\/arantv.az\/index.php?rest_route=%2Fwp%2Fv2%2Fmedia&parent=403657"}],"wp:term":[{"taxonomy":"category","embeddable":true,"href":"https:\/\/arantv.az\/index.php?rest_route=%2Fwp%2Fv2%2Fcategories&post=403657"},{"taxonomy":"post_tag","embeddable":true,"href":"https:\/\/arantv.az\/index.php?rest_route=%2Fwp%2Fv2%2Ftags&post=403657"}],"curies":[{"name":"wp","href":"https:\/\/api.w.org\/{rel}","templated":true}]}}