{"id":403666,"date":"2021-11-13T13:07:16","date_gmt":"2021-11-13T10:07:16","guid":{"rendered":"http:\/\/arantv.az\/?p=403666"},"modified":"2021-11-13T13:07:16","modified_gmt":"2021-11-13T10:07:16","slug":"abs-in-demokratiya-sammiti-ikili-standartlarin-novb%c9%99ti-numun%c9%99sidir","status":"publish","type":"post","link":"https:\/\/arantv.az\/?p=403666","title":{"rendered":"AB\u015e-\u0131n \u201cDemokratiya sammiti\u201d ikili standartlar\u0131n n\u00f6vb\u0259ti n\u00fcmun\u0259sidir"},"content":{"rendered":"<p>Bu g\u00fcn AB\u015e-\u0131n &#8220;Demokratiya sammiti&#8221; ke\u00e7iril\u0259c\u0259k. Sammit\u0259 Konqo, \u0130raq, Erm\u0259nistan kimi d\u0259v\u0259t olunsa da, T\u00fcrkiy\u0259, Macar\u0131stan, Az\u0259rbaycan bu t\u0259dbird\u0259n k\u0259narda qal\u0131b. Bel\u0259 olan halda sammit\u0259 d\u0259v\u0259t alanlar\u0131n hans\u0131 kriteriya il\u0259 se\u00e7ildiyi ciddi suallar do\u011furur v\u0259 ikili standartlar\u0131n n\u00f6vb\u0259ti n\u00fcmun\u0259si ortaya \u00e7\u0131x\u0131r.<\/p>\n<p>Milli M\u0259clisin deputat\u0131 Ceyhun M\u0259mm\u0259dov\u00a0<a href=\"https:\/\/az.trend.az\/\" target=\"_blank\" rel=\"noopener\">Trend<\/a>-\u0259 a\u00e7\u0131qlamas\u0131nda bildirib ki, bu, n\u00f6vb\u0259ti q\u0259r\u0259zli yana\u015fman\u0131n g\u00f6st\u0259ricisidir.<\/p>\n<p>&#8220;Bel\u0259 \u00e7\u0131x\u0131r ki, Erm\u0259nistan, \u0130raq, Konqo kimi \u00f6lk\u0259l\u0259r demokratik respublikad\u0131r, Az\u0259rbaycan v\u0259 T\u00fcrkiy\u0259 qeyri-demokratikdir?! \u0130ll\u0259rdir Erm\u0259nistanda insan h\u00fcquqlar\u0131n\u0131n pozulmas\u0131 adi hal al\u0131b. Bu bir daha onu g\u00f6st\u0259rir ki, T\u00fcrkiy\u0259nin g\u00fccl\u0259nm\u0259si, Az\u0259rbaycan\u0131n b\u00f6lg\u0259d\u0259 yeni reall\u0131q yaratmas\u0131 AB\u015e-\u0131 ciddi narahat edir. B\u0259zi Q\u0259rb dair\u0259l\u0259ri b\u00f6lg\u0259y\u0259 s\u00fclh\u00fcn g\u0259lm\u0259sini ist\u0259mirl\u0259r. Bu yana\u015fma ikit\u0259r\u0259fli \u0259laq\u0259l\u0259rin inki\u015faf\u0131na da ciddi x\u0259l\u0259l g\u0259tirir. AB\u015e-\u0131n n\u00fcmayi\u015f etdirdiyi bu q\u0259r\u0259zli m\u00f6vqe daha \u00e7ox \u00f6z\u00fcn\u00fcn xarici t\u0259r\u0259fda\u015flarla m\u00fcnasib\u0259tl\u0259rin\u0259 t\u0259sir ed\u0259c\u0259k. Bu g\u00fcn Az\u0259rbaycanla T\u00fcrkiy\u0259 b\u00f6lg\u0259d\u0259 s\u00f6z v\u0259 g\u00fcc sahibidir. Bu c\u00fcr add\u0131mlar iki \u00f6lk\u0259nin h\u0259yata ke\u00e7irdiyi daxili v\u0259 xarici siyas\u0259t\u0259 t\u0259sir ed\u0259 bilm\u0259z&#8221;, &#8211; dey\u0259 C.M\u0259mm\u0259dov qeyd edib.<\/p>\n<p>Deputat Cavid Osmanov is\u0259\u00a0<a href=\"https:\/\/az.trend.az\/\" target=\"_blank\" rel=\"noopener\">Trend<\/a>-\u0259 bildirib ki, &#8220;Demokratiya sammiti&#8221; bir daha ikili standartlar vasit\u0259sil\u0259 \u00f6lk\u0259l\u0259r\u0259 t\u0259sir etm\u0259k c\u0259hdl\u0259rini g\u00f6st\u0259rir:<\/p>\n<p>&#8220;Birincisi, onu qeyd etm\u0259k laz\u0131md\u0131r ki, insan haqlar\u0131n\u0131n v\u0259 demokratiyan\u0131n \u0259n \u00e7ox pozuldu\u011fu \u00f6lk\u0259l\u0259rin \u0259ks\u0259riyy\u0259ti AB\u015e t\u0259r\u0259find\u0259n bu &#8220;Demokratiya sammiti&#8221;n\u0259 d\u0259v\u0259t olunub. El\u0259 Erm\u0259nistan\u0131n \u00f6z\u00fcnd\u0259 demokratiyadan, insan haqlar\u0131n\u0131n qorunmas\u0131ndan s\u00f6hb\u0259t a\u00e7maq m\u00fcmk\u00fcn deyil. Bu g\u00fcnl\u0259rd\u0259 BMT-nin \u0130nsan haqlar\u0131 komit\u0259si Erm\u0259nistanda polis zorak\u0131l\u0131\u011f\u0131 il\u0259 ba\u011fl\u0131 b\u0259yanat verib. Bel\u0259 olan halda bu &#8220;sammit&#8221;\u0259 d\u0259v\u0259t olunanlar\u0131n hans\u0131 kriteriyalarla se\u00e7ildiyi ciddi sual yarad\u0131r. \u018flb\u0259tt\u0259 bu, ikili standartlar\u0131n daha bir t\u0259zah\u00fcr\u00fcd\u00fcr v\u0259 AB\u015e d\u00fc\u015f\u00fcn\u00fcr ki, bu yolla bir s\u0131ra \u00f6lk\u0259l\u0259r\u0259 h\u0259r hans\u0131 bir t\u0259zyiq g\u00f6st\u0259r\u0259c\u0259k. Lakin AB\u015e Erm\u0259nistan\u0131 bu &#8220;sammit&#8221;\u0259 d\u0259v\u0259t etm\u0259kl\u0259, \u00f6z\u00fcn\u00fcn demokratiya anlay\u0131\u015f\u0131n\u0131 alt-\u00fcst edir.<\/p>\n<p>AB\u015e \u00f6z ikili standartlar mexanizmini i\u015f\u0259 salaraq m\u00fcst\u0259ml\u0259k\u0259sin\u0259 \u00e7evirdiyi \u00f6lk\u0259l\u0259rl\u0259 &#8220;Demokratiya sammiti&#8221; ke\u00e7irm\u0259y\u0259 \u00e7al\u0131\u015f\u0131r&#8221;.<\/p>\n","protected":false},"excerpt":{"rendered":"<p>Bu g\u00fcn AB\u015e-\u0131n &#8220;Demokratiya sammiti&#8221; ke\u00e7iril\u0259c\u0259k. Sammit\u0259 Konqo, \u0130raq, Erm\u0259nistan kimi d\u0259v\u0259t olunsa da, T\u00fcrkiy\u0259, Macar\u0131stan, Az\u0259rbaycan bu t\u0259dbird\u0259n k\u0259narda qal\u0131b. Bel\u0259 olan halda sammit\u0259 d\u0259v\u0259t alanlar\u0131n hans\u0131 kriteriya il\u0259 se\u00e7ildiyi ciddi suallar do\u011furur v\u0259 ikili standartlar\u0131n n\u00f6vb\u0259ti n\u00fcmun\u0259si ortaya \u00e7\u0131x\u0131r. Milli M\u0259clisin deputat\u0131 Ceyhun M\u0259mm\u0259dov\u00a0Trend-\u0259 a\u00e7\u0131qlamas\u0131nda bildirib ki, bu, n\u00f6vb\u0259ti q\u0259r\u0259zli yana\u015fman\u0131n g\u00f6st\u0259ricisidir. &#8220;Bel\u0259 \u00e7\u0131x\u0131r ki, Erm\u0259nistan, \u0130raq, Konqo kimi \u00f6lk\u0259l\u0259r demokratik respublikad\u0131r, Az\u0259rbaycan v\u0259 T\u00fcrkiy\u0259 qeyri-demokratikdir?! \u0130ll\u0259rdir Erm\u0259nistanda insan h\u00fcquqlar\u0131n\u0131n pozulmas\u0131 adi hal al\u0131b. Bu bir daha onu g\u00f6st\u0259rir ki, T\u00fcrkiy\u0259nin g\u00fccl\u0259nm\u0259si, Az\u0259rbaycan\u0131n b\u00f6lg\u0259d\u0259 yeni reall\u0131q yaratmas\u0131 AB\u015e-\u0131&hellip;<\/p>\n","protected":false},"author":2,"featured_media":403667,"comment_status":"closed","ping_status":"closed","sticky":false,"template":"","format":"standard","meta":{"om_disable_all_campaigns":false,"_monsterinsights_skip_tracking":false,"_monsterinsights_sitenote_active":false,"_monsterinsights_sitenote_note":"","_monsterinsights_sitenote_category":0},"categories":[4],"tags":[],"aioseo_notices":[],"gutentor_comment":0,"rttpg_featured_image_url":{"full":["https:\/\/arantv.az\/wp-content\/uploads\/2021\/11\/995624.jpg",800,600,false],"landscape":["https:\/\/arantv.az\/wp-content\/uploads\/2021\/11\/995624.jpg",800,600,false],"portraits":["https:\/\/arantv.az\/wp-content\/uploads\/2021\/11\/995624.jpg",800,600,false],"thumbnail":["https:\/\/arantv.az\/wp-content\/uploads\/2021\/11\/995624-500x280.jpg",500,280,true],"medium":["https:\/\/arantv.az\/wp-content\/uploads\/2021\/11\/995624-487x365.jpg",487,365,true],"large":["https:\/\/arantv.az\/wp-content\/uploads\/2021\/11\/995624.jpg",640,480,false],"1536x1536":["https:\/\/arantv.az\/wp-content\/uploads\/2021\/11\/995624.jpg",800,600,false],"2048x2048":["https:\/\/arantv.az\/wp-content\/uploads\/2021\/11\/995624.jpg",800,600,false],"post-thumbnail":["https:\/\/arantv.az\/wp-content\/uploads\/2021\/11\/995624-240x172.jpg",240,172,true],"advps-thumb-one":["https:\/\/arantv.az\/wp-content\/uploads\/2021\/11\/995624.jpg",800,600,false]},"rttpg_author":{"display_name":"V\u00fcsal Rafiqo\u011flu","author_link":"https:\/\/arantv.az\/?author=2"},"rttpg_comment":0,"rttpg_category":"<a href=\"https:\/\/arantv.az\/?cat=4\" rel=\"category\">Siyas\u0259t<\/a>","rttpg_excerpt":"Bu g\u00fcn AB\u015e-\u0131n &#8220;Demokratiya sammiti&#8221; ke\u00e7iril\u0259c\u0259k. Sammit\u0259 Konqo, \u0130raq, Erm\u0259nistan kimi d\u0259v\u0259t olunsa da, T\u00fcrkiy\u0259, Macar\u0131stan, Az\u0259rbaycan bu t\u0259dbird\u0259n k\u0259narda qal\u0131b. Bel\u0259 olan halda sammit\u0259 d\u0259v\u0259t alanlar\u0131n hans\u0131 kriteriya il\u0259 se\u00e7ildiyi ciddi suallar do\u011furur v\u0259 ikili standartlar\u0131n n\u00f6vb\u0259ti n\u00fcmun\u0259si ortaya \u00e7\u0131x\u0131r. Milli M\u0259clisin deputat\u0131 Ceyhun M\u0259mm\u0259dov\u00a0Trend-\u0259 a\u00e7\u0131qlamas\u0131nda bildirib ki, bu, n\u00f6vb\u0259ti q\u0259r\u0259zli yana\u015fman\u0131n g\u00f6st\u0259ricisidir. &#8220;Bel\u0259&hellip;","_links":{"self":[{"href":"https:\/\/arantv.az\/index.php?rest_route=\/wp\/v2\/posts\/403666"}],"collection":[{"href":"https:\/\/arantv.az\/index.php?rest_route=\/wp\/v2\/posts"}],"about":[{"href":"https:\/\/arantv.az\/index.php?rest_route=\/wp\/v2\/types\/post"}],"author":[{"embeddable":true,"href":"https:\/\/arantv.az\/index.php?rest_route=\/wp\/v2\/users\/2"}],"replies":[{"embeddable":true,"href":"https:\/\/arantv.az\/index.php?rest_route=%2Fwp%2Fv2%2Fcomments&post=403666"}],"version-history":[{"count":0,"href":"https:\/\/arantv.az\/index.php?rest_route=\/wp\/v2\/posts\/403666\/revisions"}],"wp:featuredmedia":[{"embeddable":true,"href":"https:\/\/arantv.az\/index.php?rest_route=\/wp\/v2\/media\/403667"}],"wp:attachment":[{"href":"https:\/\/arantv.az\/index.php?rest_route=%2Fwp%2Fv2%2Fmedia&parent=403666"}],"wp:term":[{"taxonomy":"category","embeddable":true,"href":"https:\/\/arantv.az\/index.php?rest_route=%2Fwp%2Fv2%2Fcategories&post=403666"},{"taxonomy":"post_tag","embeddable":true,"href":"https:\/\/arantv.az\/index.php?rest_route=%2Fwp%2Fv2%2Ftags&post=403666"}],"curies":[{"name":"wp","href":"https:\/\/api.w.org\/{rel}","templated":true}]}}