{"id":403669,"date":"2021-11-13T13:09:08","date_gmt":"2021-11-13T10:09:08","guid":{"rendered":"http:\/\/arantv.az\/?p=403669"},"modified":"2021-11-13T13:09:08","modified_gmt":"2021-11-13T10:09:08","slug":"az%c9%99rbaycanin-investisiya-potensiali-xarici-s%c9%99rmay%c9%99darlara-tanidilib","status":"publish","type":"post","link":"https:\/\/arantv.az\/?p=403669","title":{"rendered":"Az\u0259rbaycan\u0131n investisiya potensial\u0131 xarici s\u0259rmay\u0259darlara tan\u0131d\u0131l\u0131b"},"content":{"rendered":"<p>Noyabr\u0131n 13-d\u0259 Ki\u00e7ik v\u0259 Orta Biznesin \u0130nki\u015faf\u0131 Agentliyind\u0259 (KOB\u0130A) Bak\u0131da ke\u00e7iril\u0259c\u0259k 25-ci Beyn\u0259lxalq Biznes Forumla (\u0130BF- \u0130nternational Business Forum) ba\u011fl\u0131 M\u0259tbuat Konfrans\u0131 ke\u00e7irilib.<\/p>\n<p>M\u0259tbuat konfrans\u0131nda \u0130BF-in prezidenti, T\u00fcrkiy\u0259nin M\u00fcst\u0259qil S\u0259naye\u00e7i v\u0259 \u0130\u015f Adamlar\u0131 D\u0259rn\u0259yinin (M\u00dcS\u0130AD) qurucu r\u0259hb\u0259ri Erol Yarar v\u0259 KOB\u0130A-n\u0131n \u0130dar\u0259 Hey\u0259tinin s\u0259dri Orxan M\u0259mm\u0259dov forumla ba\u011fl\u0131 m\u0259lumat verib, media n\u00fcmay\u0259nd\u0259l\u0259rinin suallar\u0131n\u0131 cavabland\u0131r\u0131blar.<\/p>\n<p>Qeyd olunub ki, Beyn\u0259lxalq Biznes Forum 1995-ci ild\u0259 MUS\u0130AD t\u0259r\u0259find\u0259n t\u0259sis olunub v\u0259 h\u0259r il m\u00fcxt\u0259lif \u00f6lk\u0259l\u0259rd\u0259 ke\u00e7irilir. Forumun m\u0259qs\u0259di \u00f6lk\u0259l\u0259r aras\u0131nda ikit\u0259r\u0259fli iqtisadi-ticar\u0259t \u0259laq\u0259l\u0259rinin inki\u015faf etdirilm\u0259si, davaml\u0131 \u0259m\u0259kda\u015fl\u0131q modell\u0259rinin yarad\u0131lmas\u0131, investisiya sah\u0259sind\u0259 \u0259m\u0259kda\u015fl\u0131q v\u0259 biznes \u0259laq\u0259l\u0259rinin m\u00f6hk\u0259ml\u0259ndirilm\u0259si, el\u0259c\u0259 d\u0259 post-COVID d\u00f6vr\u00fcnd\u0259 \u00f6lk\u0259l\u0259r aras\u0131nda ticar\u0259t v\u0259 iqtisadi t\u0259r\u0259fda\u015fl\u0131\u011f\u0131n canland\u0131r\u0131lmas\u0131, birg\u0259 t\u0259\u015f\u0259bb\u00fcsl\u0259rin realla\u015fd\u0131r\u0131lmas\u0131d\u0131r.<\/p>\n<div id=\"AdviadNativeVideo0\" class=\"AdviadNativeVideo\"><\/div>\n<p>\u201cForum Az\u0259rbaycan\u0131n, o c\u00fcml\u0259d\u0259n 44 g\u00fcnl\u00fck V\u0259t\u0259n M\u00fcharib\u0259si n\u0259tic\u0259sind\u0259 i\u015f\u011faldan azad edilmi\u015f Qaraba\u011f\u0131n iqtisadi v\u0259 investisiya potensial\u0131n\u0131n geni\u015f investorlar auditoriyas\u0131na tan\u0131d\u0131lmas\u0131 \u00fc\u00e7\u00fcn \u0259h\u0259miyy\u0259tli olacaqd\u0131r. Yerli v\u0259 xarici investorlar aras\u0131nda birba\u015fa \u0259laq\u0259l\u0259rin yarad\u0131lmas\u0131, KOB-lar aras\u0131nda yeni \u0259m\u0259kda\u015fl\u0131qlar\u0131n qurulmas\u0131 v\u0259 birg\u0259 investisiya layih\u0259l\u0259rinin realla\u015fd\u0131r\u0131lmas\u0131 da forumun h\u0259d\u0259fl\u0259ri s\u0131ras\u0131ndad\u0131r\u201d, &#8211; Orxan M\u0259mm\u0259dov bildirib.<\/p>\n<p>\u0130BF Forumunun prezidenti, M\u00dcS\u0130AD-\u0131n qurucu r\u0259hb\u0259ri Erol Yarar Az\u0259rbaycan\u0131n turizm, k\u0259nd t\u0259s\u0259rr\u00fcfat\u0131 v\u0259 s\u0259hiyy\u0259 sah\u0259l\u0259rind\u0259 b\u00f6y\u00fck potensiala malik oldu\u011funu qeyd edib:<\/p>\n<p>\u201cBunu n\u0259z\u0259r\u0259 ald\u0131qda \u00f6lk\u0259l\u0259rimiz aras\u0131nda ticar\u0259t h\u0259cmini daha da art\u0131ra bil\u0259rik. 44 g\u00fcnl\u00fck V\u0259t\u0259n m\u00fcharib\u0259si n\u0259tic\u0259sind\u0259 torpaqlar\u0131n\u0131 i\u015f\u011faldan azad etmi\u015f Az\u0259rbaycan \u00fc\u00e7\u00fcn Qaraba\u011f\u0131n iqtisadi inki\u015faf\u0131 prioritet m\u0259s\u0259l\u0259l\u0259rd\u0259ndir. MUS\u0130AD olaraq buna \u00f6z t\u00f6hf\u0259mizi verm\u0259k ist\u0259yirik v\u0259 bu m\u0259qs\u0259dl\u0259 d\u0259 25-ci Beyn\u0259lxalq Biznes Forumu Az\u0259rbaycanda ke\u00e7irm\u0259yi q\u0259rara ald\u0131q. KOB\u0130A il\u0259 bu istiqam\u0259td\u0259 bir il\u0259 yax\u0131nd\u0131r ki, s\u0131x \u0259m\u0259kda\u015fl\u0131q edirik. Az\u0259rbaycana k\u0259nd t\u0259s\u0259rr\u00fcfat\u0131, qida, s\u0259hiyy\u0259, turizm v\u0259 dig\u0259r sektorlarda f\u0259aliyy\u0259t g\u00f6st\u0259r\u0259n 500 t\u00fcrk i\u015f adam\u0131 il\u0259 g\u0259lmi\u015fik. M\u0259qs\u0259d Az\u0259rbaycana investisiya qoymaq v\u0259 ticar\u0259t \u0259laq\u0259l\u0259rini daha da geni\u015fl\u0259ndirm\u0259kdir. \u0130\u015f\u011faldan azad edilmi\u015f Az\u0259rbaycan \u0259razil\u0259rinin k\u0259nd t\u0259s\u0259rr\u00fcfat\u0131 v\u0259 m\u0259d\u0259n s\u0259nayesi sah\u0259sind\u0259 b\u00f6y\u00fck potensial\u0131 var v\u0259 bu sektorlara maraq g\u00f6st\u0259r\u0259n T\u00fcrkiy\u0259 i\u015f adamlar\u0131 da n\u00fcmay\u0259nd\u0259 hey\u0259timizd\u0259 t\u0259msil olunur\u201d.<\/p>\n<p>25-ci Beyn\u0259lxalq Biznes Forumun Bak\u0131da ke\u00e7irilm\u0259si il\u0259 ba\u011fl\u0131 bu ilin iyulunda KOB\u0130A v\u0259 \u0130BF aras\u0131nda Anla\u015fma Memorandumu imzalan\u0131b. Forum Az\u0259rbaycan Respublikas\u0131n\u0131n \u0130qtisadiyyat Nazirliyinin v\u0259 T\u00fcrkiy\u0259 Respublikas\u0131n\u0131n Ticar\u0259t Nazirliyinin d\u0259st\u0259yi, KOB\u0130A, MUS\u0130AD v\u0259 \u0130BF-in t\u0259\u015fkilat\u00e7\u0131l\u0131\u011f\u0131 il\u0259 ke\u00e7irilir. Forum \u201cAz\u0259rbaycan: Asiyan\u0131n incisi\u201d \u015f\u00fcar\u0131 il\u0259 t\u0259\u015fkil olunur.<\/p>\n<p>Forumda 30-a yax\u0131n \u00f6lk\u0259d\u0259n d\u00f6vl\u0259t r\u0259smil\u0259ri, i\u015f adamlar\u0131, beyn\u0259lxalq t\u0259\u015fkilatlar\u0131n, diplomatik korpusun, ticar\u0259t palatalar\u0131n\u0131n v\u0259 biznes assosiasiyalar\u0131n n\u00fcmay\u0259nd\u0259l\u0259ri i\u015ftirak ed\u0259c\u0259k. Noyabr\u0131n 15-d\u0259 Bak\u0131 Konqres M\u0259rk\u0259zind\u0259 ba\u015f tutacaq a\u00e7\u0131l\u0131\u015f m\u0259rasimind\u0259 Az\u0259rbaycana investisiya qoyulu\u015fu imkanlar\u0131na, x\u00fcsusil\u0259 d\u0259 \u00f6lk\u0259mizin k\u0259nd t\u0259s\u0259rr\u00fcfat\u0131, s\u0259naye, turizm sah\u0259l\u0259rind\u0259 v\u0259 Qaraba\u011f\u0131n investisiya potensial\u0131, d\u00f6vl\u0259t-\u00f6z\u0259l sektor t\u0259r\u0259fda\u015fl\u0131\u011f\u0131na (PPP) dair panell\u0259r, i\u015f adamlar\u0131 aras\u0131nda ikit\u0259r\u0259fli g\u00f6r\u00fc\u015fl\u0259r t\u0259\u015fkil olunacaq, \u0259m\u0259kda\u015fl\u0131\u011fa dair bir s\u0131ra s\u0259n\u0259dl\u0259r imzalanacaqd\u0131r. Forum \u00e7\u0259r\u00e7iv\u0259sind\u0259 h\u0259m\u00e7inin i\u015f adamlar\u0131 Bak\u0131da v\u0259 \u00f6lk\u0259 regionlar\u0131nda bir s\u0131ra istehsal m\u00fc\u0259ssis\u0259l\u0259rind\u0259 i\u015f prosesi il\u0259 tan\u0131\u015f olacaq, yerli sahibkarlarla \u0259m\u0259kda\u015fl\u0131q imkanlar\u0131na v\u0259 investisiya qoyulu\u015funa dair m\u00fczakir\u0259l\u0259r aparacaqlar.<\/p>\n<p>Noyabr\u0131n 17-d\u0259k davam ed\u0259c\u0259k forumda \u00fcmumilikd\u0259 500-\u0259 yax\u0131n xarici investor v\u0259 i\u015f adam\u0131n\u0131n i\u015ftirak\u0131 n\u0259z\u0259rd\u0259 tutulur.<\/p>\n<p>&nbsp;<\/p>\n<div class=\"gallery\">\n<div class=\"gallery-i\"><img src=\"https:\/\/cdn.oxu.az\/uploads\/W1siZiIsIjIwMjEvMTEvMTMvMTMvMTEvNDgvZjAwZjI0NTctMjNhZS00Njc4LWIwYmMtOWYyM2U2ZGVmYzg1LzIuanBnIl0sWyJwIiwiZW5jb2RlIiwianBnIiwiLXF1YWxpdHkgODAiXSxbInAiLCJ0aHVtYiIsIjU5MHg1OTBcdTAwM2UiXV0?sha=5bac6ff892691ad8\" alt=\"\" \/><\/div>\n<\/div>\n","protected":false},"excerpt":{"rendered":"<p>Noyabr\u0131n 13-d\u0259 Ki\u00e7ik v\u0259 Orta Biznesin \u0130nki\u015faf\u0131 Agentliyind\u0259 (KOB\u0130A) Bak\u0131da ke\u00e7iril\u0259c\u0259k 25-ci Beyn\u0259lxalq Biznes Forumla (\u0130BF- \u0130nternational Business Forum) ba\u011fl\u0131 M\u0259tbuat Konfrans\u0131 ke\u00e7irilib. M\u0259tbuat konfrans\u0131nda \u0130BF-in prezidenti, T\u00fcrkiy\u0259nin M\u00fcst\u0259qil S\u0259naye\u00e7i v\u0259 \u0130\u015f Adamlar\u0131 D\u0259rn\u0259yinin (M\u00dcS\u0130AD) qurucu r\u0259hb\u0259ri Erol Yarar v\u0259 KOB\u0130A-n\u0131n \u0130dar\u0259 Hey\u0259tinin s\u0259dri Orxan M\u0259mm\u0259dov forumla ba\u011fl\u0131 m\u0259lumat verib, media n\u00fcmay\u0259nd\u0259l\u0259rinin suallar\u0131n\u0131 cavabland\u0131r\u0131blar. Qeyd olunub ki, Beyn\u0259lxalq Biznes Forum 1995-ci ild\u0259 MUS\u0130AD t\u0259r\u0259find\u0259n t\u0259sis olunub v\u0259 h\u0259r il m\u00fcxt\u0259lif \u00f6lk\u0259l\u0259rd\u0259 ke\u00e7irilir. Forumun m\u0259qs\u0259di \u00f6lk\u0259l\u0259r aras\u0131nda ikit\u0259r\u0259fli iqtisadi-ticar\u0259t \u0259laq\u0259l\u0259rinin inki\u015faf etdirilm\u0259si, davaml\u0131 \u0259m\u0259kda\u015fl\u0131q modell\u0259rinin yarad\u0131lmas\u0131, investisiya sah\u0259sind\u0259 \u0259m\u0259kda\u015fl\u0131q v\u0259 biznes&hellip;<\/p>\n","protected":false},"author":2,"featured_media":403670,"comment_status":"closed","ping_status":"closed","sticky":false,"template":"","format":"standard","meta":{"om_disable_all_campaigns":false,"_monsterinsights_skip_tracking":false,"_monsterinsights_sitenote_active":false,"_monsterinsights_sitenote_note":"","_monsterinsights_sitenote_category":0},"categories":[19],"tags":[],"aioseo_notices":[],"gutentor_comment":0,"rttpg_featured_image_url":{"full":["https:\/\/arantv.az\/wp-content\/uploads\/2021\/11\/FotoJet-1-7.jpg",620,416,false],"landscape":["https:\/\/arantv.az\/wp-content\/uploads\/2021\/11\/FotoJet-1-7.jpg",620,416,false],"portraits":["https:\/\/arantv.az\/wp-content\/uploads\/2021\/11\/FotoJet-1-7.jpg",620,416,false],"thumbnail":["https:\/\/arantv.az\/wp-content\/uploads\/2021\/11\/FotoJet-1-7-500x280.jpg",500,280,true],"medium":["https:\/\/arantv.az\/wp-content\/uploads\/2021\/11\/FotoJet-1-7-544x365.jpg",544,365,true],"large":["https:\/\/arantv.az\/wp-content\/uploads\/2021\/11\/FotoJet-1-7.jpg",620,416,false],"1536x1536":["https:\/\/arantv.az\/wp-content\/uploads\/2021\/11\/FotoJet-1-7.jpg",620,416,false],"2048x2048":["https:\/\/arantv.az\/wp-content\/uploads\/2021\/11\/FotoJet-1-7.jpg",620,416,false],"post-thumbnail":["https:\/\/arantv.az\/wp-content\/uploads\/2021\/11\/FotoJet-1-7-240x172.jpg",240,172,true],"advps-thumb-one":["https:\/\/arantv.az\/wp-content\/uploads\/2021\/11\/FotoJet-1-7.jpg",620,416,false]},"rttpg_author":{"display_name":"V\u00fcsal Rafiqo\u011flu","author_link":"https:\/\/arantv.az\/?author=2"},"rttpg_comment":0,"rttpg_category":"<a href=\"https:\/\/arantv.az\/?cat=19\" rel=\"category\">G\u00fcnd\u0259m<\/a>","rttpg_excerpt":"Noyabr\u0131n 13-d\u0259 Ki\u00e7ik v\u0259 Orta Biznesin \u0130nki\u015faf\u0131 Agentliyind\u0259 (KOB\u0130A) Bak\u0131da ke\u00e7iril\u0259c\u0259k 25-ci Beyn\u0259lxalq Biznes Forumla (\u0130BF- \u0130nternational Business Forum) ba\u011fl\u0131 M\u0259tbuat Konfrans\u0131 ke\u00e7irilib. M\u0259tbuat konfrans\u0131nda \u0130BF-in prezidenti, T\u00fcrkiy\u0259nin M\u00fcst\u0259qil S\u0259naye\u00e7i v\u0259 \u0130\u015f Adamlar\u0131 D\u0259rn\u0259yinin (M\u00dcS\u0130AD) qurucu r\u0259hb\u0259ri Erol Yarar v\u0259 KOB\u0130A-n\u0131n \u0130dar\u0259 Hey\u0259tinin s\u0259dri Orxan M\u0259mm\u0259dov forumla ba\u011fl\u0131 m\u0259lumat verib, media n\u00fcmay\u0259nd\u0259l\u0259rinin suallar\u0131n\u0131 cavabland\u0131r\u0131blar. Qeyd&hellip;","_links":{"self":[{"href":"https:\/\/arantv.az\/index.php?rest_route=\/wp\/v2\/posts\/403669"}],"collection":[{"href":"https:\/\/arantv.az\/index.php?rest_route=\/wp\/v2\/posts"}],"about":[{"href":"https:\/\/arantv.az\/index.php?rest_route=\/wp\/v2\/types\/post"}],"author":[{"embeddable":true,"href":"https:\/\/arantv.az\/index.php?rest_route=\/wp\/v2\/users\/2"}],"replies":[{"embeddable":true,"href":"https:\/\/arantv.az\/index.php?rest_route=%2Fwp%2Fv2%2Fcomments&post=403669"}],"version-history":[{"count":0,"href":"https:\/\/arantv.az\/index.php?rest_route=\/wp\/v2\/posts\/403669\/revisions"}],"wp:featuredmedia":[{"embeddable":true,"href":"https:\/\/arantv.az\/index.php?rest_route=\/wp\/v2\/media\/403670"}],"wp:attachment":[{"href":"https:\/\/arantv.az\/index.php?rest_route=%2Fwp%2Fv2%2Fmedia&parent=403669"}],"wp:term":[{"taxonomy":"category","embeddable":true,"href":"https:\/\/arantv.az\/index.php?rest_route=%2Fwp%2Fv2%2Fcategories&post=403669"},{"taxonomy":"post_tag","embeddable":true,"href":"https:\/\/arantv.az\/index.php?rest_route=%2Fwp%2Fv2%2Ftags&post=403669"}],"curies":[{"name":"wp","href":"https:\/\/api.w.org\/{rel}","templated":true}]}}