{"id":403672,"date":"2021-11-13T13:20:01","date_gmt":"2021-11-13T10:20:01","guid":{"rendered":"http:\/\/arantv.az\/?p=403672"},"modified":"2021-11-13T13:20:01","modified_gmt":"2021-11-13T10:20:01","slug":"heyd%c9%99r-%c9%99liyevin-ideyalarini-yasadan-partiya","status":"publish","type":"post","link":"https:\/\/arantv.az\/?p=403672","title":{"rendered":"Heyd\u0259r \u018fliyevin ideyalar\u0131n\u0131 ya\u015fadan partiya"},"content":{"rendered":"<p>Yeni Az\u0259rbaycan Partiyas\u0131 Az\u0259rbaycan tarixinin son d\u0259r\u0259c\u0259 a\u011f\u0131r g\u00fcnl\u0259rind\u0259 Az\u0259rbaycan ziyal\u0131lar\u0131n\u0131n t\u0259\u015f\u0259bb\u00fcs\u00fc, f\u0259al i\u015ftirak\u0131 v\u0259 Ulu \u00d6nd\u0259r Heyd\u0259r \u018fliyevin xeyir duas\u0131 il\u0259 yaran\u0131b. Az\u0259rbaycan m\u00fcst\u0259qilliyini \u0259ld\u0259 etdikd\u0259n az m\u00fcdd\u0259t sonra \u00f6lk\u0259ni b\u00fcr\u00fcm\u00fc\u015f d\u0259rin siyasi, iqtisadi, sosial b\u00f6hran g\u00fcnl\u0259rind\u0259 Az\u0259rbaycan\u0131n taleyini d\u00fc\u015f\u00fcn\u0259n ziyal\u0131lar \u00f6lk\u0259ni b\u00f6hrandan \u00e7\u0131xara bil\u0259c\u0259k yeni bir partiya yaratmaq t\u0259\u015f\u0259bb\u00fcs\u00fc il\u0259 xalq\u0131n s\u0131nanm\u0131\u015f lideri v\u0259 m\u00fcdrik o\u011flu Heyd\u0259r \u018fliyevin \u015f\u0259xsiyy\u0259ti \u0259traf\u0131nda birl\u0259\u015fdil\u0259r. M\u0259hz bel\u0259 bir vaxtda 91 n\u0259f\u0259r Az\u0259rbaycan ziyal\u0131s\u0131n\u0131n imzas\u0131 il\u0259 Nax\u00e7\u0131vana, Heyd\u0259r \u018fliyev\u0259 m\u00fcraci\u0259t g\u00f6nd\u0259rildi. Az\u0259rbaycan\u0131n \u0259n yeni tarixin\u0259 &#8220;91-l\u0259r&#8221;in m\u00fcraci\u0259ti kimi daxil olmu\u015f h\u0259min s\u0259n\u0259d \u0259slind\u0259, b\u00fct\u00fcn xalq\u0131n arzu v\u0259 ist\u0259kl\u0259rinin ifad\u0259si idi. Xalq\u0131m\u0131z\u0131n dahi o\u011flu, tan\u0131nm\u0131\u015f d\u00f6vl\u0259t xadimi v\u0259 b\u00f6y\u00fck t\u0259cr\u00fcb\u0259y\u0259 malik ulu \u00f6nd\u0259r Heyd\u0259r \u018fliyev o d\u00f6vrd\u0259 blokada \u015f\u0259raitind\u0259 olan Nax\u00e7\u0131van Muxtar Respublikas\u0131n\u0131n Ali M\u0259clisin\u0259 s\u0259drlik edirdi. Heyd\u0259r \u018fliyev xalq\u0131n m\u00fcraci\u0259tini q\u0259bul etdi v\u0259 550 n\u0259f\u0259rd\u0259n ibar\u0259t t\u0259\u015f\u0259bb\u00fcs qrupu Nax\u00e7\u0131vana ged\u0259r\u0259k t\u0259\u015fkilat\u0131n t\u0259sis konfrans\u0131n\u0131 ke\u00e7irdil\u0259r.<br \/>\n1992-ci il noyabr\u0131n 21-d\u0259 Heyd\u0259r \u018fliyevin s\u0259drliyi il\u0259 Nax\u00e7\u0131vanda t\u0259sis konfrans\u0131 ke\u00e7irildi. T\u0259sis konfrans\u0131nda YAP-\u0131n yarad\u0131lmas\u0131 haqq\u0131nda q\u0259rar, partiyan\u0131n Proqram v\u0259 Nizamnam\u0259sini q\u0259bul edildi. Konfransda \u00fcmummilli lider Heyd\u0259r \u018fliyev yekdillikl\u0259 partiyan\u0131n s\u0259dri se\u00e7ildi. Bel\u0259likl\u0259, m\u00fcst\u0259qil Az\u0259rbaycan tarixind\u0259 \u00f6z \u00fcz\u0259rind\u0259 b\u00f6y\u00fck tarixi missiya g\u00f6t\u00fcr\u0259n v\u0259 xalq\u0131m\u0131z\u0131n h\u0259yat\u0131nda m\u00fch\u00fcm hadis\u0259y\u0259 \u00e7evril\u0259n YAP yarand\u0131.<br \/>\n1993-c\u00fc ilin oktyabr ay\u0131n\u0131n 3-d\u0259 YAP-\u0131n s\u0259dri, \u00fcmummilli lider Heyd\u0259r \u018fliyevin Az\u0259rbaycan Prezidenti se\u00e7ilm\u0259si il\u0259 partiyan\u0131n h\u0259yat\u0131nda yeni d\u00f6vr\u00fcn \u0259sas\u0131 qoyuldu. Partiyan\u0131n statusu yeni \u015f\u0259rait\u0259 uy\u011fun olaraq d\u0259yi\u015fib, \u00f6lk\u0259nin siyasi h\u0259yat\u0131nda onun tutdu\u011fu m\u00f6vqe m\u00f6hk\u0259ml\u0259nib, k\u00fctl\u0259vi siyasi q\u00fcvv\u0259y\u0259 \u00e7evril\u0259r\u0259k ictimai h\u0259yat\u0131n b\u00fct\u00fcn sah\u0259l\u0259rind\u0259 t\u0259r\u0259qqiy\u0259 nail olmaq m\u0259qs\u0259dil\u0259 y\u00fcks\u0259k f\u0259all\u0131q n\u00fcmayi\u015f etdirib.<br \/>\nQeyd ed\u0259k ki, 1993-2003-c\u00fc ill\u0259rd\u0259 Az\u0259rbaycanda diqq\u0259td\u0259n k\u0259narda qalan h\u0259r hans\u0131 sah\u0259 olmay\u0131b. Ulu \u00f6nd\u0259r Heyd\u0259r \u018fliyev \u00f6lk\u0259 h\u0259yat\u0131nda ba\u015f ver\u0259n \u0259n x\u0131rda problem\u0259 bel\u0259 h\u0259ssasl\u0131qla yana\u015f\u0131b v\u0259 onun h\u0259llin\u0259 \u00e7al\u0131\u015f\u0131b. Bir zamanlar x\u0259yal edil\u0259n iqtisadi layih\u0259l\u0259r u\u011furla h\u0259yata ke\u00e7irilib. D\u00f6vl\u0259t, ordu quruculu\u011fu sah\u0259sind\u0259 ciddi i\u015fl\u0259r g\u00f6r\u00fcl\u00fcb, Az\u0259rbaycan beyn\u0259lxalq arenaya \u00e7\u0131x\u0131b. Xarici \u00f6lk\u0259l\u0259r, beyn\u0259lxalq t\u0259\u015fkilatlar m\u0259hz ulu \u00f6nd\u0259r Heyd\u0259r \u018fliyevin siyasi n\u00fcfuzuna arxalanaraq m\u00fcxt\u0259lif sah\u0259l\u0259rd\u0259 Az\u0259rbaycan il\u0259 \u0259m\u0259kda\u015fl\u0131\u011fa ba\u015flay\u0131blar.<br \/>\n2003-c\u00fc ilin oktyabr ay\u0131n\u0131n 15-d\u0259 ke\u00e7iril\u0259n prezident se\u00e7kil\u0259rind\u0259 YAP s\u0259drinin birinci m\u00fcavini, \u0130lham \u018fliyev prezident, daha sonra YAP-\u0131n 2005-ci ilin mart ay\u0131n\u0131n 26-da ke\u00e7iril\u0259n III Qurultay\u0131nda yekdillikl\u0259 YAP-\u0131n s\u0259dri se\u00e7ildi.<br \/>\nBu g\u00fcn b\u00fct\u00fcn sah\u0259l\u0259rd\u0259 qazan\u0131lan u\u011furlar v\u0259 V\u0259t\u0259n m\u00fcharib\u0259sind\u0259ki \u015eanl\u0131 Q\u0259l\u0259b\u0259 n\u0259tic\u0259sind\u0259 C\u0259nubi Qafqaz\u0131n lider d\u00f6vl\u0259tin\u0259 \u00e7evril\u0259n Az\u0259rbaycan\u0131n raz\u0131l\u0131\u011f\u0131 v\u0259 i\u015ftirak\u0131 olmadan regionda he\u00e7 bir layih\u0259 icra olunmur. \u00d6lk\u0259 daxilind\u0259 sabitlik, firavanl\u0131q h\u00f6km s\u00fcr\u00fcr, insanlar\u0131n rifah hal\u0131 g\u00fcnd\u0259n-g\u00fcn\u0259 yax\u015f\u0131la\u015f\u0131r. El\u0259 bir sah\u0259 yoxdur ki, orda \u00f6y\u00fcn\u0259 bil\u0259c\u0259yimiz nailiyy\u0259timiz olmas\u0131n. \u018flb\u0259tt\u0259 ki, b\u00fct\u00fcn bu u\u011furlar g\u00fccl\u00fc xalq-iqtidar birliyinin say\u0259sind\u0259 m\u00fcmk\u00fcn olub. Ona g\u00f6r\u0259 d\u0259 tam \u0259minlikl\u0259 dem\u0259k olar ki, yaranmas\u0131n\u0131n 29 ilini qeyd etdiyimiz YAP \u00fcmumxalq partiyas\u0131d\u0131r. Bu partiyan\u0131n s\u0131ralar\u0131 h\u0259r il durmadan geni\u015fl\u0259nir. \u0130yirmi doqquz illik \u015f\u0259r\u0259fli tarix\u0259 malik YAP bu g\u00fcn d\u0259 ulu \u00f6nd\u0259r Heyd\u0259r \u018fliyevin ideyalar\u0131 il\u0259 ya\u015fay\u0131r v\u0259 inki\u015faf edir.<\/p>\n<p>Muxtar Na\u011f\u0131yev \u2013 YAP S\u0259bail Rayon t\u0259\u015fkilat\u0131n\u0131n s\u0259dri<\/p>\n","protected":false},"excerpt":{"rendered":"<p>Yeni Az\u0259rbaycan Partiyas\u0131 Az\u0259rbaycan tarixinin son d\u0259r\u0259c\u0259 a\u011f\u0131r g\u00fcnl\u0259rind\u0259 Az\u0259rbaycan ziyal\u0131lar\u0131n\u0131n t\u0259\u015f\u0259bb\u00fcs\u00fc, f\u0259al i\u015ftirak\u0131 v\u0259 Ulu \u00d6nd\u0259r Heyd\u0259r \u018fliyevin xeyir duas\u0131 il\u0259 yaran\u0131b. Az\u0259rbaycan m\u00fcst\u0259qilliyini \u0259ld\u0259 etdikd\u0259n az m\u00fcdd\u0259t sonra \u00f6lk\u0259ni b\u00fcr\u00fcm\u00fc\u015f d\u0259rin siyasi, iqtisadi, sosial b\u00f6hran g\u00fcnl\u0259rind\u0259 Az\u0259rbaycan\u0131n taleyini d\u00fc\u015f\u00fcn\u0259n ziyal\u0131lar \u00f6lk\u0259ni b\u00f6hrandan \u00e7\u0131xara bil\u0259c\u0259k yeni bir partiya yaratmaq t\u0259\u015f\u0259bb\u00fcs\u00fc il\u0259 xalq\u0131n s\u0131nanm\u0131\u015f lideri v\u0259 m\u00fcdrik o\u011flu Heyd\u0259r \u018fliyevin \u015f\u0259xsiyy\u0259ti \u0259traf\u0131nda birl\u0259\u015fdil\u0259r. M\u0259hz bel\u0259 bir vaxtda 91 n\u0259f\u0259r Az\u0259rbaycan ziyal\u0131s\u0131n\u0131n imzas\u0131 il\u0259 Nax\u00e7\u0131vana, Heyd\u0259r \u018fliyev\u0259 m\u00fcraci\u0259t g\u00f6nd\u0259rildi. Az\u0259rbaycan\u0131n \u0259n yeni tarixin\u0259 &#8220;91-l\u0259r&#8221;in m\u00fcraci\u0259ti kimi daxil olmu\u015f h\u0259min s\u0259n\u0259d \u0259slind\u0259,&hellip;<\/p>\n","protected":false},"author":2,"featured_media":403673,"comment_status":"closed","ping_status":"closed","sticky":false,"template":"","format":"standard","meta":{"om_disable_all_campaigns":false,"_monsterinsights_skip_tracking":false,"_monsterinsights_sitenote_active":false,"_monsterinsights_sitenote_note":"","_monsterinsights_sitenote_category":0},"categories":[19],"tags":[],"aioseo_notices":[],"gutentor_comment":0,"rttpg_featured_image_url":{"full":["https:\/\/arantv.az\/wp-content\/uploads\/2021\/11\/yap_91636797743.jpg",649,433,false],"landscape":["https:\/\/arantv.az\/wp-content\/uploads\/2021\/11\/yap_91636797743.jpg",649,433,false],"portraits":["https:\/\/arantv.az\/wp-content\/uploads\/2021\/11\/yap_91636797743.jpg",649,433,false],"thumbnail":["https:\/\/arantv.az\/wp-content\/uploads\/2021\/11\/yap_91636797743-500x280.jpg",500,280,true],"medium":["https:\/\/arantv.az\/wp-content\/uploads\/2021\/11\/yap_91636797743-547x365.jpg",547,365,true],"large":["https:\/\/arantv.az\/wp-content\/uploads\/2021\/11\/yap_91636797743.jpg",640,427,false],"1536x1536":["https:\/\/arantv.az\/wp-content\/uploads\/2021\/11\/yap_91636797743.jpg",649,433,false],"2048x2048":["https:\/\/arantv.az\/wp-content\/uploads\/2021\/11\/yap_91636797743.jpg",649,433,false],"post-thumbnail":["https:\/\/arantv.az\/wp-content\/uploads\/2021\/11\/yap_91636797743-240x172.jpg",240,172,true],"advps-thumb-one":["https:\/\/arantv.az\/wp-content\/uploads\/2021\/11\/yap_91636797743.jpg",649,433,false]},"rttpg_author":{"display_name":"V\u00fcsal Rafiqo\u011flu","author_link":"https:\/\/arantv.az\/?author=2"},"rttpg_comment":0,"rttpg_category":"<a href=\"https:\/\/arantv.az\/?cat=19\" rel=\"category\">G\u00fcnd\u0259m<\/a>","rttpg_excerpt":"Yeni Az\u0259rbaycan Partiyas\u0131 Az\u0259rbaycan tarixinin son d\u0259r\u0259c\u0259 a\u011f\u0131r g\u00fcnl\u0259rind\u0259 Az\u0259rbaycan ziyal\u0131lar\u0131n\u0131n t\u0259\u015f\u0259bb\u00fcs\u00fc, f\u0259al i\u015ftirak\u0131 v\u0259 Ulu \u00d6nd\u0259r Heyd\u0259r \u018fliyevin xeyir duas\u0131 il\u0259 yaran\u0131b. Az\u0259rbaycan m\u00fcst\u0259qilliyini \u0259ld\u0259 etdikd\u0259n az m\u00fcdd\u0259t sonra \u00f6lk\u0259ni b\u00fcr\u00fcm\u00fc\u015f d\u0259rin siyasi, iqtisadi, sosial b\u00f6hran g\u00fcnl\u0259rind\u0259 Az\u0259rbaycan\u0131n taleyini d\u00fc\u015f\u00fcn\u0259n ziyal\u0131lar \u00f6lk\u0259ni b\u00f6hrandan \u00e7\u0131xara bil\u0259c\u0259k yeni bir partiya yaratmaq t\u0259\u015f\u0259bb\u00fcs\u00fc il\u0259 xalq\u0131n s\u0131nanm\u0131\u015f lideri&hellip;","_links":{"self":[{"href":"https:\/\/arantv.az\/index.php?rest_route=\/wp\/v2\/posts\/403672"}],"collection":[{"href":"https:\/\/arantv.az\/index.php?rest_route=\/wp\/v2\/posts"}],"about":[{"href":"https:\/\/arantv.az\/index.php?rest_route=\/wp\/v2\/types\/post"}],"author":[{"embeddable":true,"href":"https:\/\/arantv.az\/index.php?rest_route=\/wp\/v2\/users\/2"}],"replies":[{"embeddable":true,"href":"https:\/\/arantv.az\/index.php?rest_route=%2Fwp%2Fv2%2Fcomments&post=403672"}],"version-history":[{"count":0,"href":"https:\/\/arantv.az\/index.php?rest_route=\/wp\/v2\/posts\/403672\/revisions"}],"wp:featuredmedia":[{"embeddable":true,"href":"https:\/\/arantv.az\/index.php?rest_route=\/wp\/v2\/media\/403673"}],"wp:attachment":[{"href":"https:\/\/arantv.az\/index.php?rest_route=%2Fwp%2Fv2%2Fmedia&parent=403672"}],"wp:term":[{"taxonomy":"category","embeddable":true,"href":"https:\/\/arantv.az\/index.php?rest_route=%2Fwp%2Fv2%2Fcategories&post=403672"},{"taxonomy":"post_tag","embeddable":true,"href":"https:\/\/arantv.az\/index.php?rest_route=%2Fwp%2Fv2%2Ftags&post=403672"}],"curies":[{"name":"wp","href":"https:\/\/api.w.org\/{rel}","templated":true}]}}