{"id":403678,"date":"2021-11-13T13:21:31","date_gmt":"2021-11-13T10:21:31","guid":{"rendered":"http:\/\/arantv.az\/?p=403678"},"modified":"2021-11-13T13:21:31","modified_gmt":"2021-11-13T10:21:31","slug":"yerevan-c%c9%99zasiz-qalmaqda-davam-edir-piter-teys","status":"publish","type":"post","link":"https:\/\/arantv.az\/?p=403678","title":{"rendered":"Yerevan c\u0259zas\u0131z qalmaqda davam edir &#8211; Piter Teys"},"content":{"rendered":"<blockquote><p>Erm\u0259ni terror\u00e7unun Da\u015falt\u0131 k\u0259ndind\u0259 az\u0259rbaycanl\u0131 h\u0259rb\u00e7il\u0259rin v\u0259 rusiyal\u0131 s\u00fclhm\u0259raml\u0131lar\u0131n oldu\u011fu posta h\u00fccumu misli g\u00f6r\u00fcnm\u0259mi\u015f terror akt\u0131d\u0131r<\/p><\/blockquote>\n<p>Bunu\u00a0<a href=\"https:\/\/az.trend.az\/\" target=\"_blank\" rel=\"noopener\">Trend<\/a>-\u0259 amerikal\u0131 ekspert\u00a0<strong>Piter Teys<\/strong>\u00a0deyib.<\/p>\n<p>&#8220;Terror\u00e7uluq v\u0259 revan\u015fizm erm\u0259ni c\u0259miyy\u0259tind\u0259 bir \u00e7ox forma v\u0259 t\u0259zah\u00fcr\u0259 malikdir. Faci\u0259vi faktlardan biri d\u0259 odur ki, demokratik d\u00fcnyada, Avropada, AB\u015e-da beyn\u0259lxalq subyektl\u0259r Yerevan administrasiyas\u0131 t\u0259r\u0259find\u0259n Az\u0259rbaycan\u0131n g\u00fcnahs\u0131z dinc sakinl\u0259rin\u0259 v\u0259 Silahl\u0131 Q\u00fcvv\u0259l\u0259rin\u0259 qar\u015f\u0131 t\u0259\u015fkil olunan terror aktlar\u0131n\u0131 m\u00fchakim\u0259 etmir&#8221;, &#8211; dey\u0259 ekspert bildirib.<\/p>\n<p>Onun s\u00f6zl\u0259rin\u0259 g\u00f6r\u0259, Erm\u0259nistan h\u00f6kum\u0259ti v\u0259 c\u0259miyy\u0259ti t\u0259r\u0259find\u0259n erm\u0259ni terror\u00e7ular\u0131n alq\u0131\u015flanmas\u0131 ciddi amildir v\u0259 beyn\u0259lxalq ictimaiyy\u0259t bununla m\u00fcbariz\u0259 aparmal\u0131d\u0131r.<\/p>\n<p>&#8220;Erm\u0259ni terror\u00e7ulu\u011fu Los-Anceles, Paris, Berlin k\u00fc\u00e7\u0259l\u0259rind\u0259 yay\u0131l\u0131b. T\u0259\u0259ss\u00fcf ki, iri d\u00f6vl\u0259tl\u0259rin diqq\u0259ti &#8220;ya\u015f\u0131l iqtisadiyyat&#8221;a v\u0259 ekoloji probleml\u0259r\u0259 y\u00f6n\u0259lib, amma m\u0259s\u0259l\u0259 \u00e7ox\u0259srlik erm\u0259ni terror\u00e7ulu\u011funa \u00e7atanda AB\u015e v\u0259 A\u0130 qanunvericil\u0259ri susqunlu\u011fu qoruma\u011fa \u00fcst\u00fcnl\u00fck verir. Yerevan is\u0259 c\u0259zas\u0131z qalmaqda davam edir, eyni zamanda terror\u00e7uluq aktlar\u0131n\u0131n maliyy\u0259l\u0259\u015fdirilm\u0259si, x\u00fcsusil\u0259 d\u0259 ASALA terror t\u0259\u015fkilat\u0131na maliyy\u0259 k\u00f6m\u0259yi v\u0259 siyasi d\u0259st\u0259k g\u00f6st\u0259rilm\u0259si davam etdirilir. Az\u0259rbaycan Silahl\u0131 Q\u00fcvv\u0259l\u0259ri \u00e7ox yax\u015f\u0131 t\u0259chiz olunub v\u0259 terror h\u00fccumlar\u0131 il\u0259 m\u00fcbariz\u0259d\u0259 pe\u015f\u0259karl\u0131\u011f\u0131n \u0259n y\u00fcks\u0259k s\u0259viyy\u0259sini t\u0259c\u0259ss\u00fcm etdirir&#8221; &#8211; dey\u0259, ekspert s\u00f6zl\u0259rini bitirib.<\/p>\n","protected":false},"excerpt":{"rendered":"<p>Erm\u0259ni terror\u00e7unun Da\u015falt\u0131 k\u0259ndind\u0259 az\u0259rbaycanl\u0131 h\u0259rb\u00e7il\u0259rin v\u0259 rusiyal\u0131 s\u00fclhm\u0259raml\u0131lar\u0131n oldu\u011fu posta h\u00fccumu misli g\u00f6r\u00fcnm\u0259mi\u015f terror akt\u0131d\u0131r Bunu\u00a0Trend-\u0259 amerikal\u0131 ekspert\u00a0Piter Teys\u00a0deyib. &#8220;Terror\u00e7uluq v\u0259 revan\u015fizm erm\u0259ni c\u0259miyy\u0259tind\u0259 bir \u00e7ox forma v\u0259 t\u0259zah\u00fcr\u0259 malikdir. Faci\u0259vi faktlardan biri d\u0259 odur ki, demokratik d\u00fcnyada, Avropada, AB\u015e-da beyn\u0259lxalq subyektl\u0259r Yerevan administrasiyas\u0131 t\u0259r\u0259find\u0259n Az\u0259rbaycan\u0131n g\u00fcnahs\u0131z dinc sakinl\u0259rin\u0259 v\u0259 Silahl\u0131 Q\u00fcvv\u0259l\u0259rin\u0259 qar\u015f\u0131 t\u0259\u015fkil olunan terror aktlar\u0131n\u0131 m\u00fchakim\u0259 etmir&#8221;, &#8211; dey\u0259 ekspert bildirib. Onun s\u00f6zl\u0259rin\u0259 g\u00f6r\u0259, Erm\u0259nistan h\u00f6kum\u0259ti v\u0259 c\u0259miyy\u0259ti t\u0259r\u0259find\u0259n erm\u0259ni terror\u00e7ular\u0131n alq\u0131\u015flanmas\u0131 ciddi amildir v\u0259 beyn\u0259lxalq ictimaiyy\u0259t bununla m\u00fcbariz\u0259 aparmal\u0131d\u0131r. &#8220;Erm\u0259ni terror\u00e7ulu\u011fu Los-Anceles, Paris, Berlin k\u00fc\u00e7\u0259l\u0259rind\u0259 yay\u0131l\u0131b.&hellip;<\/p>\n","protected":false},"author":2,"featured_media":403679,"comment_status":"closed","ping_status":"closed","sticky":false,"template":"","format":"standard","meta":{"om_disable_all_campaigns":false,"_monsterinsights_skip_tracking":false,"_monsterinsights_sitenote_active":false,"_monsterinsights_sitenote_note":"","_monsterinsights_sitenote_category":0},"categories":[19],"tags":[],"aioseo_notices":[],"gutentor_comment":0,"rttpg_featured_image_url":{"full":["https:\/\/arantv.az\/wp-content\/uploads\/2021\/11\/piter_teys.jpg",587,440,false],"landscape":["https:\/\/arantv.az\/wp-content\/uploads\/2021\/11\/piter_teys.jpg",587,440,false],"portraits":["https:\/\/arantv.az\/wp-content\/uploads\/2021\/11\/piter_teys.jpg",587,440,false],"thumbnail":["https:\/\/arantv.az\/wp-content\/uploads\/2021\/11\/piter_teys-500x280.jpg",500,280,true],"medium":["https:\/\/arantv.az\/wp-content\/uploads\/2021\/11\/piter_teys-487x365.jpg",487,365,true],"large":["https:\/\/arantv.az\/wp-content\/uploads\/2021\/11\/piter_teys.jpg",587,440,false],"1536x1536":["https:\/\/arantv.az\/wp-content\/uploads\/2021\/11\/piter_teys.jpg",587,440,false],"2048x2048":["https:\/\/arantv.az\/wp-content\/uploads\/2021\/11\/piter_teys.jpg",587,440,false],"post-thumbnail":["https:\/\/arantv.az\/wp-content\/uploads\/2021\/11\/piter_teys-240x172.jpg",240,172,true],"advps-thumb-one":["https:\/\/arantv.az\/wp-content\/uploads\/2021\/11\/piter_teys.jpg",587,440,false]},"rttpg_author":{"display_name":"V\u00fcsal Rafiqo\u011flu","author_link":"https:\/\/arantv.az\/?author=2"},"rttpg_comment":0,"rttpg_category":"<a href=\"https:\/\/arantv.az\/?cat=19\" rel=\"category\">G\u00fcnd\u0259m<\/a>","rttpg_excerpt":"Erm\u0259ni terror\u00e7unun Da\u015falt\u0131 k\u0259ndind\u0259 az\u0259rbaycanl\u0131 h\u0259rb\u00e7il\u0259rin v\u0259 rusiyal\u0131 s\u00fclhm\u0259raml\u0131lar\u0131n oldu\u011fu posta h\u00fccumu misli g\u00f6r\u00fcnm\u0259mi\u015f terror akt\u0131d\u0131r Bunu\u00a0Trend-\u0259 amerikal\u0131 ekspert\u00a0Piter Teys\u00a0deyib. &#8220;Terror\u00e7uluq v\u0259 revan\u015fizm erm\u0259ni c\u0259miyy\u0259tind\u0259 bir \u00e7ox forma v\u0259 t\u0259zah\u00fcr\u0259 malikdir. Faci\u0259vi faktlardan biri d\u0259 odur ki, demokratik d\u00fcnyada, Avropada, AB\u015e-da beyn\u0259lxalq subyektl\u0259r Yerevan administrasiyas\u0131 t\u0259r\u0259find\u0259n Az\u0259rbaycan\u0131n g\u00fcnahs\u0131z dinc sakinl\u0259rin\u0259 v\u0259 Silahl\u0131 Q\u00fcvv\u0259l\u0259rin\u0259 qar\u015f\u0131 t\u0259\u015fkil&hellip;","_links":{"self":[{"href":"https:\/\/arantv.az\/index.php?rest_route=\/wp\/v2\/posts\/403678"}],"collection":[{"href":"https:\/\/arantv.az\/index.php?rest_route=\/wp\/v2\/posts"}],"about":[{"href":"https:\/\/arantv.az\/index.php?rest_route=\/wp\/v2\/types\/post"}],"author":[{"embeddable":true,"href":"https:\/\/arantv.az\/index.php?rest_route=\/wp\/v2\/users\/2"}],"replies":[{"embeddable":true,"href":"https:\/\/arantv.az\/index.php?rest_route=%2Fwp%2Fv2%2Fcomments&post=403678"}],"version-history":[{"count":0,"href":"https:\/\/arantv.az\/index.php?rest_route=\/wp\/v2\/posts\/403678\/revisions"}],"wp:featuredmedia":[{"embeddable":true,"href":"https:\/\/arantv.az\/index.php?rest_route=\/wp\/v2\/media\/403679"}],"wp:attachment":[{"href":"https:\/\/arantv.az\/index.php?rest_route=%2Fwp%2Fv2%2Fmedia&parent=403678"}],"wp:term":[{"taxonomy":"category","embeddable":true,"href":"https:\/\/arantv.az\/index.php?rest_route=%2Fwp%2Fv2%2Fcategories&post=403678"},{"taxonomy":"post_tag","embeddable":true,"href":"https:\/\/arantv.az\/index.php?rest_route=%2Fwp%2Fv2%2Ftags&post=403678"}],"curies":[{"name":"wp","href":"https:\/\/api.w.org\/{rel}","templated":true}]}}