{"id":403681,"date":"2021-11-13T13:23:17","date_gmt":"2021-11-13T10:23:17","guid":{"rendered":"http:\/\/arantv.az\/?p=403681"},"modified":"2021-11-13T13:23:17","modified_gmt":"2021-11-13T10:23:17","slug":"acilisdan-qayidan-b%c9%99l%c9%99diyy%c9%99-s%c9%99dri-v%c9%99-arvadi-olduruldu","status":"publish","type":"post","link":"https:\/\/arantv.az\/?p=403681","title":{"rendered":"A\u00e7\u0131l\u0131\u015fdan qay\u0131dan b\u0259l\u0259diyy\u0259 s\u0259dri v\u0259 arvad\u0131 \u00f6ld\u00fcr\u00fcld\u00fc"},"content":{"rendered":"<p>Peruda b\u0259l\u0259diyy\u0259 s\u0259dri v\u0259 h\u0259yat yolda\u015f\u0131 \u00f6ld\u00fcr\u00fcl\u00fcb.<\/p>\n<p><strong>ARANTV.AZ\u00a0<\/strong> report-a istinad\u0259n x\u0259b\u0259r verir ki, Aya\u00e7u\u00e7o \u0259yal\u0259tind\u0259 bir ma\u011fazan\u0131n a\u00e7\u0131l\u0131\u015f\u0131ndan avtomobill\u0259 qay\u0131dark\u0259n onlara qar\u015f\u0131 silahl\u0131 h\u00fccum t\u0259\u015fkil olunub.<\/p>\n<p>N\u0259tic\u0259d\u0259 b\u0259l\u0259diyy\u0259 s\u0259dri v\u0259 xan\u0131m\u0131 h\u0259yat\u0131n\u0131 itirib, avtomobild\u0259ki daha iki n\u0259f\u0259r is\u0259 yaralan\u0131b.<\/p>\n<p>Perunun d\u00f6vl\u0259t ba\u015f\u00e7\u0131s\u0131 Pedro Kastillo h\u00fccumu pisl\u0259yib v\u0259 m\u0259rhumun ail\u0259sin\u0259 ba\u015fsa\u011fl\u0131\u011f\u0131 verib.<\/p>\n<p>Hadis\u0259 il\u0259 ba\u011fl\u0131 ara\u015fd\u0131rma davam edir.<\/p>\n","protected":false},"excerpt":{"rendered":"<p>Peruda b\u0259l\u0259diyy\u0259 s\u0259dri v\u0259 h\u0259yat yolda\u015f\u0131 \u00f6ld\u00fcr\u00fcl\u00fcb. ARANTV.AZ\u00a0 report-a istinad\u0259n x\u0259b\u0259r verir ki, Aya\u00e7u\u00e7o \u0259yal\u0259tind\u0259 bir ma\u011fazan\u0131n a\u00e7\u0131l\u0131\u015f\u0131ndan avtomobill\u0259 qay\u0131dark\u0259n onlara qar\u015f\u0131 silahl\u0131 h\u00fccum t\u0259\u015fkil olunub. N\u0259tic\u0259d\u0259 b\u0259l\u0259diyy\u0259 s\u0259dri v\u0259 xan\u0131m\u0131 h\u0259yat\u0131n\u0131 itirib, avtomobild\u0259ki daha iki n\u0259f\u0259r is\u0259 yaralan\u0131b. Perunun d\u00f6vl\u0259t ba\u015f\u00e7\u0131s\u0131 Pedro Kastillo h\u00fccumu pisl\u0259yib v\u0259 m\u0259rhumun ail\u0259sin\u0259 ba\u015fsa\u011fl\u0131\u011f\u0131 verib. Hadis\u0259 il\u0259 ba\u011fl\u0131 ara\u015fd\u0131rma davam edir.<\/p>\n","protected":false},"author":2,"featured_media":403682,"comment_status":"closed","ping_status":"closed","sticky":false,"template":"","format":"standard","meta":{"om_disable_all_campaigns":false,"_monsterinsights_skip_tracking":false,"_monsterinsights_sitenote_active":false,"_monsterinsights_sitenote_note":"","_monsterinsights_sitenote_category":0},"categories":[7],"tags":[],"aioseo_notices":[],"gutentor_comment":0,"rttpg_featured_image_url":{"full":["https:\/\/arantv.az\/wp-content\/uploads\/2021\/11\/995605.jpg",800,600,false],"landscape":["https:\/\/arantv.az\/wp-content\/uploads\/2021\/11\/995605.jpg",800,600,false],"portraits":["https:\/\/arantv.az\/wp-content\/uploads\/2021\/11\/995605.jpg",800,600,false],"thumbnail":["https:\/\/arantv.az\/wp-content\/uploads\/2021\/11\/995605-500x280.jpg",500,280,true],"medium":["https:\/\/arantv.az\/wp-content\/uploads\/2021\/11\/995605-487x365.jpg",487,365,true],"large":["https:\/\/arantv.az\/wp-content\/uploads\/2021\/11\/995605.jpg",640,480,false],"1536x1536":["https:\/\/arantv.az\/wp-content\/uploads\/2021\/11\/995605.jpg",800,600,false],"2048x2048":["https:\/\/arantv.az\/wp-content\/uploads\/2021\/11\/995605.jpg",800,600,false],"post-thumbnail":["https:\/\/arantv.az\/wp-content\/uploads\/2021\/11\/995605-240x172.jpg",240,172,true],"advps-thumb-one":["https:\/\/arantv.az\/wp-content\/uploads\/2021\/11\/995605.jpg",800,600,false]},"rttpg_author":{"display_name":"V\u00fcsal Rafiqo\u011flu","author_link":"https:\/\/arantv.az\/?author=2"},"rttpg_comment":0,"rttpg_category":"<a href=\"https:\/\/arantv.az\/?cat=7\" rel=\"category\">D\u00fcnya<\/a>","rttpg_excerpt":"Peruda b\u0259l\u0259diyy\u0259 s\u0259dri v\u0259 h\u0259yat yolda\u015f\u0131 \u00f6ld\u00fcr\u00fcl\u00fcb. ARANTV.AZ\u00a0 report-a istinad\u0259n x\u0259b\u0259r verir ki, Aya\u00e7u\u00e7o \u0259yal\u0259tind\u0259 bir ma\u011fazan\u0131n a\u00e7\u0131l\u0131\u015f\u0131ndan avtomobill\u0259 qay\u0131dark\u0259n onlara qar\u015f\u0131 silahl\u0131 h\u00fccum t\u0259\u015fkil olunub. N\u0259tic\u0259d\u0259 b\u0259l\u0259diyy\u0259 s\u0259dri v\u0259 xan\u0131m\u0131 h\u0259yat\u0131n\u0131 itirib, avtomobild\u0259ki daha iki n\u0259f\u0259r is\u0259 yaralan\u0131b. Perunun d\u00f6vl\u0259t ba\u015f\u00e7\u0131s\u0131 Pedro Kastillo h\u00fccumu pisl\u0259yib v\u0259 m\u0259rhumun ail\u0259sin\u0259 ba\u015fsa\u011fl\u0131\u011f\u0131 verib. Hadis\u0259 il\u0259 ba\u011fl\u0131 ara\u015fd\u0131rma&hellip;","_links":{"self":[{"href":"https:\/\/arantv.az\/index.php?rest_route=\/wp\/v2\/posts\/403681"}],"collection":[{"href":"https:\/\/arantv.az\/index.php?rest_route=\/wp\/v2\/posts"}],"about":[{"href":"https:\/\/arantv.az\/index.php?rest_route=\/wp\/v2\/types\/post"}],"author":[{"embeddable":true,"href":"https:\/\/arantv.az\/index.php?rest_route=\/wp\/v2\/users\/2"}],"replies":[{"embeddable":true,"href":"https:\/\/arantv.az\/index.php?rest_route=%2Fwp%2Fv2%2Fcomments&post=403681"}],"version-history":[{"count":0,"href":"https:\/\/arantv.az\/index.php?rest_route=\/wp\/v2\/posts\/403681\/revisions"}],"wp:featuredmedia":[{"embeddable":true,"href":"https:\/\/arantv.az\/index.php?rest_route=\/wp\/v2\/media\/403682"}],"wp:attachment":[{"href":"https:\/\/arantv.az\/index.php?rest_route=%2Fwp%2Fv2%2Fmedia&parent=403681"}],"wp:term":[{"taxonomy":"category","embeddable":true,"href":"https:\/\/arantv.az\/index.php?rest_route=%2Fwp%2Fv2%2Fcategories&post=403681"},{"taxonomy":"post_tag","embeddable":true,"href":"https:\/\/arantv.az\/index.php?rest_route=%2Fwp%2Fv2%2Ftags&post=403681"}],"curies":[{"name":"wp","href":"https:\/\/api.w.org\/{rel}","templated":true}]}}