{"id":403684,"date":"2021-11-13T13:40:02","date_gmt":"2021-11-13T10:40:02","guid":{"rendered":"http:\/\/arantv.az\/?p=403684"},"modified":"2021-11-13T13:40:02","modified_gmt":"2021-11-13T10:40:02","slug":"haber-global-arzu-%c9%99liyevanin-mukafatlandirilmasi-il%c9%99-bagli-sujet-t%c9%99qdim-edib-video","status":"publish","type":"post","link":"https:\/\/arantv.az\/?p=403684","title":{"rendered":"\u201cHaber Global\u201d Arzu \u018fliyevan\u0131n m\u00fckafatland\u0131r\u0131lmas\u0131 il\u0259 ba\u011fl\u0131 S\u00dcJET t\u0259qdim edib &#8211; V\u0130DEO"},"content":{"rendered":"<article class=\"news\">\n<div class=\"news-inner\">\n<p>\u201cHaber Global\u201d T\u00fcrkiy\u0259nin \u0130stanbul \u015f\u0259h\u0259rind\u0259 ke\u00e7iril\u0259n \u201cKorkut Ata\u201d (D\u0259d\u0259 Qorqud) T\u00fcrk D\u00fcnyas\u0131 Beyn\u0259lxalq Film Festival\u0131\u00a0il\u0259 \u0259laq\u0259dar s\u00fcjet haz\u0131rlay\u0131b.<\/p>\n<p>Qeyd ed\u0259k ki, festival \u00e7\u0259r\u00e7iv\u0259sind\u0259 ke\u00e7iril\u0259n m\u00fckafatland\u0131rma m\u0259rasimind\u0259 t\u00fcrk m\u0259d\u0259niyy\u0259ti v\u0259 inc\u0259s\u0259n\u0259tinin inki\u015faf\u0131na verdiyi t\u00f6hf\u0259l\u0259r\u0259 g\u00f6r\u0259 Bak\u0131 Media M\u0259rk\u0259zinin prezidenti Arzu\u00a0\u018fliyevaya \u201c\u015e\u0259r\u0259f m\u00fckafat\u0131\u201d\u00a0<strong><a href=\"https:\/\/oxu.az\/politics\/546018\" target=\"_blank\" rel=\"noopener\">t\u0259qdim edilib<\/a><\/strong>.<\/p>\n<div id=\"AdviadNativeVideo0\" class=\"AdviadNativeVideo\"><\/div>\n<p>M\u00fckafat\u0131 T\u00fcrkiy\u0259nin m\u0259d\u0259niyy\u0259t v\u0259 turizm naziri Mehmet Nuri Ersoy t\u0259qdim edib.<\/p>\n<p>T\u0259dbirl\u0259 ba\u011fl\u0131 daha \u0259trafl\u0131 m\u0259lumat \u201cHaber Global\u201d\u0131n s\u00fcjetind\u0259:<\/p>\n<div><iframe loading=\"lazy\" title=\"YouTube video player\" src=\"https:\/\/www.youtube.com\/embed\/aBCn9nRjg4s\" width=\"560\" height=\"315\" frameborder=\"0\" allowfullscreen=\"allowfullscreen\" data-mce-fragment=\"1\"><\/iframe><\/div>\n<\/div>\n<\/article>\n<section class=\"related-news\">\n<div class=\"l-center\">\n<h2><\/h2>\n<\/div>\n<\/section>\n","protected":false},"excerpt":{"rendered":"<p>\u201cHaber Global\u201d T\u00fcrkiy\u0259nin \u0130stanbul \u015f\u0259h\u0259rind\u0259 ke\u00e7iril\u0259n \u201cKorkut Ata\u201d (D\u0259d\u0259 Qorqud) T\u00fcrk D\u00fcnyas\u0131 Beyn\u0259lxalq Film Festival\u0131\u00a0il\u0259 \u0259laq\u0259dar s\u00fcjet haz\u0131rlay\u0131b. Qeyd ed\u0259k ki, festival \u00e7\u0259r\u00e7iv\u0259sind\u0259 ke\u00e7iril\u0259n m\u00fckafatland\u0131rma m\u0259rasimind\u0259 t\u00fcrk m\u0259d\u0259niyy\u0259ti v\u0259 inc\u0259s\u0259n\u0259tinin inki\u015faf\u0131na verdiyi t\u00f6hf\u0259l\u0259r\u0259 g\u00f6r\u0259 Bak\u0131 Media M\u0259rk\u0259zinin prezidenti Arzu\u00a0\u018fliyevaya \u201c\u015e\u0259r\u0259f m\u00fckafat\u0131\u201d\u00a0t\u0259qdim edilib. M\u00fckafat\u0131 T\u00fcrkiy\u0259nin m\u0259d\u0259niyy\u0259t v\u0259 turizm naziri Mehmet Nuri Ersoy t\u0259qdim edib. T\u0259dbirl\u0259 ba\u011fl\u0131 daha \u0259trafl\u0131 m\u0259lumat \u201cHaber Global\u201d\u0131n s\u00fcjetind\u0259:<\/p>\n","protected":false},"author":2,"featured_media":403685,"comment_status":"closed","ping_status":"closed","sticky":false,"template":"","format":"standard","meta":{"om_disable_all_campaigns":false,"_monsterinsights_skip_tracking":false,"_monsterinsights_sitenote_active":false,"_monsterinsights_sitenote_note":"","_monsterinsights_sitenote_category":0},"categories":[26],"tags":[],"aioseo_notices":[],"gutentor_comment":0,"rttpg_featured_image_url":{"full":["https:\/\/arantv.az\/wp-content\/uploads\/2021\/11\/248351392_614698663222457_489014757876915194_n.jpg",620,374,false],"landscape":["https:\/\/arantv.az\/wp-content\/uploads\/2021\/11\/248351392_614698663222457_489014757876915194_n.jpg",620,374,false],"portraits":["https:\/\/arantv.az\/wp-content\/uploads\/2021\/11\/248351392_614698663222457_489014757876915194_n.jpg",620,374,false],"thumbnail":["https:\/\/arantv.az\/wp-content\/uploads\/2021\/11\/248351392_614698663222457_489014757876915194_n-500x280.jpg",500,280,true],"medium":["https:\/\/arantv.az\/wp-content\/uploads\/2021\/11\/248351392_614698663222457_489014757876915194_n-605x365.jpg",605,365,true],"large":["https:\/\/arantv.az\/wp-content\/uploads\/2021\/11\/248351392_614698663222457_489014757876915194_n.jpg",620,374,false],"1536x1536":["https:\/\/arantv.az\/wp-content\/uploads\/2021\/11\/248351392_614698663222457_489014757876915194_n.jpg",620,374,false],"2048x2048":["https:\/\/arantv.az\/wp-content\/uploads\/2021\/11\/248351392_614698663222457_489014757876915194_n.jpg",620,374,false],"post-thumbnail":["https:\/\/arantv.az\/wp-content\/uploads\/2021\/11\/248351392_614698663222457_489014757876915194_n-240x172.jpg",240,172,true],"advps-thumb-one":["https:\/\/arantv.az\/wp-content\/uploads\/2021\/11\/248351392_614698663222457_489014757876915194_n.jpg",620,374,false]},"rttpg_author":{"display_name":"V\u00fcsal Rafiqo\u011flu","author_link":"https:\/\/arantv.az\/?author=2"},"rttpg_comment":0,"rttpg_category":"<a href=\"https:\/\/arantv.az\/?cat=26\" rel=\"category\">Sosial<\/a>","rttpg_excerpt":"\u201cHaber Global\u201d T\u00fcrkiy\u0259nin \u0130stanbul \u015f\u0259h\u0259rind\u0259 ke\u00e7iril\u0259n \u201cKorkut Ata\u201d (D\u0259d\u0259 Qorqud) T\u00fcrk D\u00fcnyas\u0131 Beyn\u0259lxalq Film Festival\u0131\u00a0il\u0259 \u0259laq\u0259dar s\u00fcjet haz\u0131rlay\u0131b. Qeyd ed\u0259k ki, festival \u00e7\u0259r\u00e7iv\u0259sind\u0259 ke\u00e7iril\u0259n m\u00fckafatland\u0131rma m\u0259rasimind\u0259 t\u00fcrk m\u0259d\u0259niyy\u0259ti v\u0259 inc\u0259s\u0259n\u0259tinin inki\u015faf\u0131na verdiyi t\u00f6hf\u0259l\u0259r\u0259 g\u00f6r\u0259 Bak\u0131 Media M\u0259rk\u0259zinin prezidenti Arzu\u00a0\u018fliyevaya \u201c\u015e\u0259r\u0259f m\u00fckafat\u0131\u201d\u00a0t\u0259qdim edilib. M\u00fckafat\u0131 T\u00fcrkiy\u0259nin m\u0259d\u0259niyy\u0259t v\u0259 turizm naziri Mehmet Nuri Ersoy t\u0259qdim edib. T\u0259dbirl\u0259 ba\u011fl\u0131&hellip;","_links":{"self":[{"href":"https:\/\/arantv.az\/index.php?rest_route=\/wp\/v2\/posts\/403684"}],"collection":[{"href":"https:\/\/arantv.az\/index.php?rest_route=\/wp\/v2\/posts"}],"about":[{"href":"https:\/\/arantv.az\/index.php?rest_route=\/wp\/v2\/types\/post"}],"author":[{"embeddable":true,"href":"https:\/\/arantv.az\/index.php?rest_route=\/wp\/v2\/users\/2"}],"replies":[{"embeddable":true,"href":"https:\/\/arantv.az\/index.php?rest_route=%2Fwp%2Fv2%2Fcomments&post=403684"}],"version-history":[{"count":0,"href":"https:\/\/arantv.az\/index.php?rest_route=\/wp\/v2\/posts\/403684\/revisions"}],"wp:featuredmedia":[{"embeddable":true,"href":"https:\/\/arantv.az\/index.php?rest_route=\/wp\/v2\/media\/403685"}],"wp:attachment":[{"href":"https:\/\/arantv.az\/index.php?rest_route=%2Fwp%2Fv2%2Fmedia&parent=403684"}],"wp:term":[{"taxonomy":"category","embeddable":true,"href":"https:\/\/arantv.az\/index.php?rest_route=%2Fwp%2Fv2%2Fcategories&post=403684"},{"taxonomy":"post_tag","embeddable":true,"href":"https:\/\/arantv.az\/index.php?rest_route=%2Fwp%2Fv2%2Ftags&post=403684"}],"curies":[{"name":"wp","href":"https:\/\/api.w.org\/{rel}","templated":true}]}}