{"id":403702,"date":"2021-11-13T13:56:14","date_gmt":"2021-11-13T10:56:14","guid":{"rendered":"http:\/\/arantv.az\/?p=403702"},"modified":"2021-11-13T13:56:14","modified_gmt":"2021-11-13T10:56:14","slug":"avropa-cempionati-az%c9%99rbaycanin-sahmat-yigmasi-italiyani-m%c9%99glub-edib","status":"publish","type":"post","link":"https:\/\/arantv.az\/?p=403702","title":{"rendered":"Avropa \u00e7empionat\u0131: Az\u0259rbaycan\u0131n \u015fahmat y\u0131\u011fmas\u0131 \u0130taliyan\u0131 m\u0259\u011flub edib"},"content":{"rendered":"<p>Sloveniyan\u0131n \u00c7atej \u015f\u0259h\u0259rind\u0259ki \u015fahmat \u00fczr\u0259 Avropa \u00e7empinonat\u0131nda i\u015ftirak ed\u0259n ki\u015fi v\u0259 qad\u0131nlardan ibar\u0259t Az\u0259rbaycan millil\u0259ri ilk g\u00f6r\u00fc\u015fl\u0259rin\u0259 \u00e7\u0131x\u0131blar.<\/p>\n<p><strong>ARANTV.AZ<\/strong>\u00a0 Report-a istinad\u0259n x\u0259b\u0259r verir ki, ki\u015fil\u0259rd\u0259n ibar\u0259t komanda birinci turda \u0130taliyan\u0131 m\u0259\u011flub edib.<\/p>\n<p>\u015e\u0259hriyar M\u0259mm\u0259dyarov v\u0259 Q\u0259dir H\u00fcseynov a\u011f, Nicat Abbasovla Rauf M\u0259mm\u0259dov qara fiqurlarla oynay\u0131b. M\u0259mm\u0259dov, H\u00fcseynov v\u0259 Abbasov r\u0259qibl\u0259rin\u0259 qalib g\u0259lib. M\u0259mm\u0259dyarovun g\u00f6r\u00fc\u015f\u00fc bitm\u0259yib, lakin n\u0259tic\u0259y\u0259 t\u0259sir etm\u0259y\u0259c\u0259k.<\/p>\n<p>Qad\u0131nlar is\u0259 haz\u0131rda T\u00fcrkiy\u0259 il\u0259 \u00fcz-\u00fcz\u0259 g\u0259lir v\u0259 2:0 hesab\u0131 il\u0259 \u00f6nd\u0259dir.<\/p>\n<p>Avropa \u00e7empionat\u0131, I tur<\/p>\n<p>Ki\u015fil\u0259r<\/p>\n<p>Az\u0259rbaycan &#8211; \u0130taliya &#8211; 3:0<\/p>\n<p>\u015e\u0259hriyar M\u0259mm\u0259dyarov &#8211; Daniel Vokaturo<\/p>\n<p>Rauf M\u0259mm\u0259dov &#8211; Luka Moroni &#8211; 1:0.<\/p>\n<p>Q\u0259dir H\u00fcseynov &#8211; Alessio Val\u00e7esi &#8211; 1:0<\/p>\n<p>Nicat Abbasov &#8211; Fran\u00e7esko Sonis &#8211; 1:0<\/p>\n<p>Qad\u0131nlar<\/p>\n<p>Az\u0259rbaycan &#8211; T\u00fcrkiy\u0259 &#8211; 2:0<\/p>\n<p>G\u00fcnay M\u0259mm\u0259dzad\u0259 &#8211; Sila \u00c7a\u011flar<\/p>\n<p>G\u00fclnar M\u0259mm\u0259dova &#8211; Buse Naz Ko\u00e7yigit &#8211; 1:0<\/p>\n<p>Xan\u0131m Balacayeva &#8211; G\u00fclenay Ayd\u0131n &#8211; 1:0<\/p>\n<p>G\u00f6vh\u0259r Beydullayeva &#8211; \u00c7i\u011fdem Onur<\/p>\n<p>M\u0259mm\u0259dzad\u0259 v\u0259 Balacayeva a\u011f, M\u0259mm\u0259dova v\u0259 Beydullayeva qara fiqurlarla m\u00fcbariz\u0259 apar\u0131r.<\/p>\n","protected":false},"excerpt":{"rendered":"<p>Sloveniyan\u0131n \u00c7atej \u015f\u0259h\u0259rind\u0259ki \u015fahmat \u00fczr\u0259 Avropa \u00e7empinonat\u0131nda i\u015ftirak ed\u0259n ki\u015fi v\u0259 qad\u0131nlardan ibar\u0259t Az\u0259rbaycan millil\u0259ri ilk g\u00f6r\u00fc\u015fl\u0259rin\u0259 \u00e7\u0131x\u0131blar. ARANTV.AZ\u00a0 Report-a istinad\u0259n x\u0259b\u0259r verir ki, ki\u015fil\u0259rd\u0259n ibar\u0259t komanda birinci turda \u0130taliyan\u0131 m\u0259\u011flub edib. \u015e\u0259hriyar M\u0259mm\u0259dyarov v\u0259 Q\u0259dir H\u00fcseynov a\u011f, Nicat Abbasovla Rauf M\u0259mm\u0259dov qara fiqurlarla oynay\u0131b. M\u0259mm\u0259dov, H\u00fcseynov v\u0259 Abbasov r\u0259qibl\u0259rin\u0259 qalib g\u0259lib. M\u0259mm\u0259dyarovun g\u00f6r\u00fc\u015f\u00fc bitm\u0259yib, lakin n\u0259tic\u0259y\u0259 t\u0259sir etm\u0259y\u0259c\u0259k. Qad\u0131nlar is\u0259 haz\u0131rda T\u00fcrkiy\u0259 il\u0259 \u00fcz-\u00fcz\u0259 g\u0259lir v\u0259 2:0 hesab\u0131 il\u0259 \u00f6nd\u0259dir. Avropa \u00e7empionat\u0131, I tur Ki\u015fil\u0259r Az\u0259rbaycan &#8211; \u0130taliya &#8211; 3:0 \u015e\u0259hriyar M\u0259mm\u0259dyarov &#8211; Daniel Vokaturo Rauf M\u0259mm\u0259dov &#8211; Luka&hellip;<\/p>\n","protected":false},"author":2,"featured_media":403703,"comment_status":"closed","ping_status":"closed","sticky":false,"template":"","format":"standard","meta":{"om_disable_all_campaigns":false,"_monsterinsights_skip_tracking":false,"_monsterinsights_sitenote_active":false,"_monsterinsights_sitenote_note":"","_monsterinsights_sitenote_category":0},"categories":[6],"tags":[],"aioseo_notices":[],"gutentor_comment":0,"rttpg_featured_image_url":{"full":["https:\/\/arantv.az\/wp-content\/uploads\/2021\/11\/fdf32e46b5b0c1530534cb11b7fb5b8a.jpg",450,300,false],"landscape":["https:\/\/arantv.az\/wp-content\/uploads\/2021\/11\/fdf32e46b5b0c1530534cb11b7fb5b8a.jpg",450,300,false],"portraits":["https:\/\/arantv.az\/wp-content\/uploads\/2021\/11\/fdf32e46b5b0c1530534cb11b7fb5b8a.jpg",450,300,false],"thumbnail":["https:\/\/arantv.az\/wp-content\/uploads\/2021\/11\/fdf32e46b5b0c1530534cb11b7fb5b8a-450x280.jpg",450,280,true],"medium":["https:\/\/arantv.az\/wp-content\/uploads\/2021\/11\/fdf32e46b5b0c1530534cb11b7fb5b8a.jpg",450,300,false],"large":["https:\/\/arantv.az\/wp-content\/uploads\/2021\/11\/fdf32e46b5b0c1530534cb11b7fb5b8a.jpg",450,300,false],"1536x1536":["https:\/\/arantv.az\/wp-content\/uploads\/2021\/11\/fdf32e46b5b0c1530534cb11b7fb5b8a.jpg",450,300,false],"2048x2048":["https:\/\/arantv.az\/wp-content\/uploads\/2021\/11\/fdf32e46b5b0c1530534cb11b7fb5b8a.jpg",450,300,false],"post-thumbnail":["https:\/\/arantv.az\/wp-content\/uploads\/2021\/11\/fdf32e46b5b0c1530534cb11b7fb5b8a-240x172.jpg",240,172,true],"advps-thumb-one":["https:\/\/arantv.az\/wp-content\/uploads\/2021\/11\/fdf32e46b5b0c1530534cb11b7fb5b8a.jpg",450,300,false]},"rttpg_author":{"display_name":"V\u00fcsal Rafiqo\u011flu","author_link":"https:\/\/arantv.az\/?author=2"},"rttpg_comment":0,"rttpg_category":"<a href=\"https:\/\/arantv.az\/?cat=6\" rel=\"category\">\u0130dman<\/a>","rttpg_excerpt":"Sloveniyan\u0131n \u00c7atej \u015f\u0259h\u0259rind\u0259ki \u015fahmat \u00fczr\u0259 Avropa \u00e7empinonat\u0131nda i\u015ftirak ed\u0259n ki\u015fi v\u0259 qad\u0131nlardan ibar\u0259t Az\u0259rbaycan millil\u0259ri ilk g\u00f6r\u00fc\u015fl\u0259rin\u0259 \u00e7\u0131x\u0131blar. ARANTV.AZ\u00a0 Report-a istinad\u0259n x\u0259b\u0259r verir ki, ki\u015fil\u0259rd\u0259n ibar\u0259t komanda birinci turda \u0130taliyan\u0131 m\u0259\u011flub edib. \u015e\u0259hriyar M\u0259mm\u0259dyarov v\u0259 Q\u0259dir H\u00fcseynov a\u011f, Nicat Abbasovla Rauf M\u0259mm\u0259dov qara fiqurlarla oynay\u0131b. M\u0259mm\u0259dov, H\u00fcseynov v\u0259 Abbasov r\u0259qibl\u0259rin\u0259 qalib g\u0259lib. M\u0259mm\u0259dyarovun g\u00f6r\u00fc\u015f\u00fc bitm\u0259yib,&hellip;","_links":{"self":[{"href":"https:\/\/arantv.az\/index.php?rest_route=\/wp\/v2\/posts\/403702"}],"collection":[{"href":"https:\/\/arantv.az\/index.php?rest_route=\/wp\/v2\/posts"}],"about":[{"href":"https:\/\/arantv.az\/index.php?rest_route=\/wp\/v2\/types\/post"}],"author":[{"embeddable":true,"href":"https:\/\/arantv.az\/index.php?rest_route=\/wp\/v2\/users\/2"}],"replies":[{"embeddable":true,"href":"https:\/\/arantv.az\/index.php?rest_route=%2Fwp%2Fv2%2Fcomments&post=403702"}],"version-history":[{"count":0,"href":"https:\/\/arantv.az\/index.php?rest_route=\/wp\/v2\/posts\/403702\/revisions"}],"wp:featuredmedia":[{"embeddable":true,"href":"https:\/\/arantv.az\/index.php?rest_route=\/wp\/v2\/media\/403703"}],"wp:attachment":[{"href":"https:\/\/arantv.az\/index.php?rest_route=%2Fwp%2Fv2%2Fmedia&parent=403702"}],"wp:term":[{"taxonomy":"category","embeddable":true,"href":"https:\/\/arantv.az\/index.php?rest_route=%2Fwp%2Fv2%2Fcategories&post=403702"},{"taxonomy":"post_tag","embeddable":true,"href":"https:\/\/arantv.az\/index.php?rest_route=%2Fwp%2Fv2%2Ftags&post=403702"}],"curies":[{"name":"wp","href":"https:\/\/api.w.org\/{rel}","templated":true}]}}