{"id":403705,"date":"2021-11-13T13:56:50","date_gmt":"2021-11-13T10:56:50","guid":{"rendered":"http:\/\/arantv.az\/?p=403705"},"modified":"2021-11-13T13:56:50","modified_gmt":"2021-11-13T10:56:50","slug":"ilham-%c9%99liyevin-turk-dunyasinin-ali-ordenin%c9%99-layiq-gorulm%c9%99si-onun-t%c9%99bii-haqqidir-r%c9%99y","status":"publish","type":"post","link":"https:\/\/arantv.az\/?p=403705","title":{"rendered":"\u0130lham \u018fliyevin T\u00fcrk D\u00fcnyas\u0131n\u0131n Ali Ordenin\u0259 layiq g\u00f6r\u00fclm\u0259si onun t\u0259bii haqq\u0131d\u0131r &#8211; R\u018fY"},"content":{"rendered":"<p>\u201cPrezident \u0130lham \u018fliyev\u0259 T\u00fcrkdilli D\u00f6vl\u0259tl\u0259rin \u018fm\u0259kda\u015fl\u0131q \u015euras\u0131n\u0131n \u0130stanbulda ke\u00e7iril\u0259n VIII zirv\u0259 g\u00f6r\u00fc\u015f\u00fcnd\u0259 T\u00fcrk D\u00fcnyas\u0131n\u0131n Ali Ordeninin t\u0259qdim edilm\u0259si konkret f\u0259aliyy\u0259tin n\u0259tic\u0259sin\u0259 \u0259saslanan \u0259dal\u0259tli q\u0259rard\u0131r\u201d.<\/p>\n<p>Bunu Oxu.Az-a a\u00e7\u0131qlamas\u0131nda Milli M\u0259clisin deputat\u0131 B\u0259hruz M\u0259h\u0259rr\u0259mov deyib.<\/p>\n<p>Onun s\u00f6zl\u0259rin\u0259 g\u00f6r\u0259, SSR\u0130 da\u011f\u0131ld\u0131qdan sonra onun t\u0259rkibind\u0259 olan t\u00fcrk d\u00f6vl\u0259tl\u0259ri (Az\u0259rbaycan, Qazax\u0131stan, Q\u0131r\u011f\u0131z\u0131stan, T\u00fcrkm\u0259nistan, \u00d6zb\u0259kistan) m\u00fcst\u0259qillik qazanaraq tarixi-siyasi inki\u015faf yolu ke\u00e7ibl\u0259r.<\/p>\n<p>\u201cOnlar\u0131n aras\u0131nda kifay\u0259t q\u0259d\u0259r ciddi iqtisadi g\u00f6st\u0259ricil\u0259r\u0259 malik olanlar var v\u0259 bu, h\u0259r birimizi sevindirir\u201d, &#8211; dey\u0259 o \u0259lav\u0259 edib.<\/p>\n<p>Mill\u0259t v\u0259kili qeyd edib ki, haz\u0131rda T\u00fcrkiy\u0259 ba\u015fda olmaqla b\u00fct\u00f6vl\u00fckd\u0259 T\u00fcrk d\u00fcnyas\u0131 davaml\u0131 olaraq ikili standartlara m\u0259ruz qalmaqdad\u0131r.<\/p>\n<p>\u201cEl\u0259 \u00f6z misal\u0131m\u0131zda g\u00f6rd\u00fck ki, 30 il\u0259 yax\u0131n bir d\u00f6vrd\u0259 i\u015f\u011fala, t\u0259cav\u00fcz\u0259 m\u0259ruz qalsaq da beyn\u0259lxalq ictimaiyy\u0259t buna g\u00f6z yumdu. BMT T\u0259hl\u00fck\u0259sizlik \u015euras\u0131 ba\u015fda olmaqla iri t\u0259sisatlar\u0131n q\u0259tnam\u0259l\u0259ri ka\u011f\u0131z \u00fcz\u0259rind\u0259 qald\u0131. \u00d6t\u0259n 2 illik perioda baxsaq, ayd\u0131n formada g\u00f6r\u0259rik ki, m\u00fcst\u0259qillikl\u0259rini son 30 ild\u0259 qazanm\u0131\u015f qarda\u015f d\u00f6vl\u0259tl\u0259rimiz aras\u0131nda yaln\u0131z Az\u0259rbaycan bu \u00e7\u0259r\u00e7iv\u0259ni q\u0131r\u0131b ikili standarta son qoya bildi. Az\u0259rbaycan regional h\u0259rbi-siyasi g\u00fcc\u0259 v\u0259 qlobal oyun\u00e7uya \u00e7evril\u0259 bilib. T\u0259bii ki, bu prosesd\u0259 Az\u0259rbaycan Prezidentinin \u015f\u0259xsiyy\u0259ti h\u0259lledici rola malik olub\u201d.<\/p>\n<p>B.M\u0259h\u0259rr\u0259mov daha sonra bildirib:<\/p>\n<p>\u201c\u0130stanbuldak\u0131 zirv\u0259 g\u00f6r\u00fc\u015f\u00fcnd\u0259 T\u00fcrkiy\u0259 Respublikas\u0131n\u0131n prezidenti R\u0259c\u0259b Tayyib \u018frdo\u011fan da a\u00e7\u0131q m\u0259tnl\u0259 ifad\u0259 etdi ki, Qaraba\u011fda t\u0259xmin\u0259n otuz il davam ed\u0259n i\u015f\u011fala 44 g\u00fcn kimi q\u0131sa m\u00fcdd\u0259td\u0259 son qoyulmas\u0131 m\u0259hz c\u0259nab \u0130lham \u018fliyevin q\u0259tiyy\u0259tli r\u0259hb\u0259rliyi say\u0259sind\u0259 realla\u015f\u0131b. H\u0259qiq\u0259t\u0259n d\u0259 Az\u0259rbaycan m\u0259hz c\u0259nab \u0130lham \u018fliyevin planl\u0131 d\u00fc\u015f\u00fcn\u00fclm\u00fc\u015f v\u0259 \u015fax\u0259l\u0259ndirilmi\u015f f\u0259aliyy\u0259t\u0259 \u0259saslanan daxili v\u0259 xarici siyas\u0259ti n\u0259tic\u0259sind\u0259 bu m\u00f6vqeyi qazana bilib&#8221;.<\/p>\n<p>Deputat qeyd edib ki, \u0130lham \u018fliyev m\u00fcharib\u0259 d\u00f6vr\u00fcnd\u0259 milli h\u0259mr\u0259yliy\u0259 nail olub t\u0259cav\u00fcz\u0259 son qoydu.<\/p>\n<p>\u201cEyni zamanda Z\u0259ng\u0259zur d\u0259hlizi vasit\u0259si il\u0259 T\u00fcrk d\u00fcnyas\u0131 aras\u0131nda quru \u0259laq\u0259nin yarad\u0131lmas\u0131n\u0131 realla\u015fd\u0131r\u0131r. Az\u0259rbaycan d\u00f6vl\u0259ti Prezident \u0130lham \u018fliyevin r\u0259hb\u0259rliyi alt\u0131nda pandemiya d\u00f6vr\u00fcnd\u0259 b\u0259\u015f\u0259ri s\u0259yl\u0259r\u0259 lokomotivlik edir. B\u00fct\u00fcn bunlarla T\u00fcrk d\u00fcnyas\u0131 tarixind\u0259 yeni s\u0259hif\u0259 a\u00e7m\u0131\u015f oldu\u011fu \u00fc\u00e7\u00fcn Prezidentin Ali Orden\u0259 layiq g\u00f6r\u00fclm\u0259si onun t\u0259bii haqq\u0131d\u0131r\u201d.<\/p>\n","protected":false},"excerpt":{"rendered":"<p>\u201cPrezident \u0130lham \u018fliyev\u0259 T\u00fcrkdilli D\u00f6vl\u0259tl\u0259rin \u018fm\u0259kda\u015fl\u0131q \u015euras\u0131n\u0131n \u0130stanbulda ke\u00e7iril\u0259n VIII zirv\u0259 g\u00f6r\u00fc\u015f\u00fcnd\u0259 T\u00fcrk D\u00fcnyas\u0131n\u0131n Ali Ordeninin t\u0259qdim edilm\u0259si konkret f\u0259aliyy\u0259tin n\u0259tic\u0259sin\u0259 \u0259saslanan \u0259dal\u0259tli q\u0259rard\u0131r\u201d. Bunu Oxu.Az-a a\u00e7\u0131qlamas\u0131nda Milli M\u0259clisin deputat\u0131 B\u0259hruz M\u0259h\u0259rr\u0259mov deyib. Onun s\u00f6zl\u0259rin\u0259 g\u00f6r\u0259, SSR\u0130 da\u011f\u0131ld\u0131qdan sonra onun t\u0259rkibind\u0259 olan t\u00fcrk d\u00f6vl\u0259tl\u0259ri (Az\u0259rbaycan, Qazax\u0131stan, Q\u0131r\u011f\u0131z\u0131stan, T\u00fcrkm\u0259nistan, \u00d6zb\u0259kistan) m\u00fcst\u0259qillik qazanaraq tarixi-siyasi inki\u015faf yolu ke\u00e7ibl\u0259r. \u201cOnlar\u0131n aras\u0131nda kifay\u0259t q\u0259d\u0259r ciddi iqtisadi g\u00f6st\u0259ricil\u0259r\u0259 malik olanlar var v\u0259 bu, h\u0259r birimizi sevindirir\u201d, &#8211; dey\u0259 o \u0259lav\u0259 edib. Mill\u0259t v\u0259kili qeyd edib ki, haz\u0131rda T\u00fcrkiy\u0259 ba\u015fda olmaqla b\u00fct\u00f6vl\u00fckd\u0259 T\u00fcrk d\u00fcnyas\u0131 davaml\u0131 olaraq ikili&hellip;<\/p>\n","protected":false},"author":2,"featured_media":403706,"comment_status":"closed","ping_status":"closed","sticky":false,"template":"","format":"standard","meta":{"om_disable_all_campaigns":false,"_monsterinsights_skip_tracking":false,"_monsterinsights_sitenote_active":false,"_monsterinsights_sitenote_note":"","_monsterinsights_sitenote_category":0},"categories":[4],"tags":[],"aioseo_notices":[],"gutentor_comment":0,"rttpg_featured_image_url":{"full":["https:\/\/arantv.az\/wp-content\/uploads\/2021\/11\/1636724824227507849_1000x669.jpg",620,446,false],"landscape":["https:\/\/arantv.az\/wp-content\/uploads\/2021\/11\/1636724824227507849_1000x669.jpg",620,446,false],"portraits":["https:\/\/arantv.az\/wp-content\/uploads\/2021\/11\/1636724824227507849_1000x669.jpg",620,446,false],"thumbnail":["https:\/\/arantv.az\/wp-content\/uploads\/2021\/11\/1636724824227507849_1000x669-500x280.jpg",500,280,true],"medium":["https:\/\/arantv.az\/wp-content\/uploads\/2021\/11\/1636724824227507849_1000x669-507x365.jpg",507,365,true],"large":["https:\/\/arantv.az\/wp-content\/uploads\/2021\/11\/1636724824227507849_1000x669.jpg",620,446,false],"1536x1536":["https:\/\/arantv.az\/wp-content\/uploads\/2021\/11\/1636724824227507849_1000x669.jpg",620,446,false],"2048x2048":["https:\/\/arantv.az\/wp-content\/uploads\/2021\/11\/1636724824227507849_1000x669.jpg",620,446,false],"post-thumbnail":["https:\/\/arantv.az\/wp-content\/uploads\/2021\/11\/1636724824227507849_1000x669-240x172.jpg",240,172,true],"advps-thumb-one":["https:\/\/arantv.az\/wp-content\/uploads\/2021\/11\/1636724824227507849_1000x669.jpg",620,446,false]},"rttpg_author":{"display_name":"V\u00fcsal Rafiqo\u011flu","author_link":"https:\/\/arantv.az\/?author=2"},"rttpg_comment":0,"rttpg_category":"<a href=\"https:\/\/arantv.az\/?cat=4\" rel=\"category\">Siyas\u0259t<\/a>","rttpg_excerpt":"\u201cPrezident \u0130lham \u018fliyev\u0259 T\u00fcrkdilli D\u00f6vl\u0259tl\u0259rin \u018fm\u0259kda\u015fl\u0131q \u015euras\u0131n\u0131n \u0130stanbulda ke\u00e7iril\u0259n VIII zirv\u0259 g\u00f6r\u00fc\u015f\u00fcnd\u0259 T\u00fcrk D\u00fcnyas\u0131n\u0131n Ali Ordeninin t\u0259qdim edilm\u0259si konkret f\u0259aliyy\u0259tin n\u0259tic\u0259sin\u0259 \u0259saslanan \u0259dal\u0259tli q\u0259rard\u0131r\u201d. Bunu Oxu.Az-a a\u00e7\u0131qlamas\u0131nda Milli M\u0259clisin deputat\u0131 B\u0259hruz M\u0259h\u0259rr\u0259mov deyib. Onun s\u00f6zl\u0259rin\u0259 g\u00f6r\u0259, SSR\u0130 da\u011f\u0131ld\u0131qdan sonra onun t\u0259rkibind\u0259 olan t\u00fcrk d\u00f6vl\u0259tl\u0259ri (Az\u0259rbaycan, Qazax\u0131stan, Q\u0131r\u011f\u0131z\u0131stan, T\u00fcrkm\u0259nistan, \u00d6zb\u0259kistan) m\u00fcst\u0259qillik qazanaraq tarixi-siyasi inki\u015faf yolu ke\u00e7ibl\u0259r.&hellip;","_links":{"self":[{"href":"https:\/\/arantv.az\/index.php?rest_route=\/wp\/v2\/posts\/403705"}],"collection":[{"href":"https:\/\/arantv.az\/index.php?rest_route=\/wp\/v2\/posts"}],"about":[{"href":"https:\/\/arantv.az\/index.php?rest_route=\/wp\/v2\/types\/post"}],"author":[{"embeddable":true,"href":"https:\/\/arantv.az\/index.php?rest_route=\/wp\/v2\/users\/2"}],"replies":[{"embeddable":true,"href":"https:\/\/arantv.az\/index.php?rest_route=%2Fwp%2Fv2%2Fcomments&post=403705"}],"version-history":[{"count":0,"href":"https:\/\/arantv.az\/index.php?rest_route=\/wp\/v2\/posts\/403705\/revisions"}],"wp:featuredmedia":[{"embeddable":true,"href":"https:\/\/arantv.az\/index.php?rest_route=\/wp\/v2\/media\/403706"}],"wp:attachment":[{"href":"https:\/\/arantv.az\/index.php?rest_route=%2Fwp%2Fv2%2Fmedia&parent=403705"}],"wp:term":[{"taxonomy":"category","embeddable":true,"href":"https:\/\/arantv.az\/index.php?rest_route=%2Fwp%2Fv2%2Fcategories&post=403705"},{"taxonomy":"post_tag","embeddable":true,"href":"https:\/\/arantv.az\/index.php?rest_route=%2Fwp%2Fv2%2Ftags&post=403705"}],"curies":[{"name":"wp","href":"https:\/\/api.w.org\/{rel}","templated":true}]}}