{"id":403724,"date":"2021-11-13T14:28:42","date_gmt":"2021-11-13T11:28:42","guid":{"rendered":"http:\/\/arantv.az\/?p=403724"},"modified":"2021-11-13T14:28:42","modified_gmt":"2021-11-13T11:28:42","slug":"deputat-prezidentinin-gorduyu-isl%c9%99r-olduqca-strateji-%c9%99h%c9%99miyy%c9%99t-k%c9%99sb-edir","status":"publish","type":"post","link":"https:\/\/arantv.az\/?p=403724","title":{"rendered":"Deputat: \u201cPrezidentinin g\u00f6rd\u00fcy\u00fc i\u015fl\u0259r olduqca strateji \u0259h\u0259miyy\u0259t k\u0259sb edir\u201d"},"content":{"rendered":"<p>\u201cAz\u0259rbaycan Prezidenti \u0130lham \u018fliyevin T\u00fcrk D\u00fcnyas\u0131n\u0131n Ali Ordeni\u201d il\u0259 t\u0259ltif olunmas\u0131 onun t\u00fcrk d\u00fcnyas\u0131 qar\u015f\u0131s\u0131nda xidm\u0259tl\u0259rin\u0259 veril\u0259n \u0259dal\u0259tli qiym\u0259tdir. \u0130st\u0259r T\u00fcrk \u015euras\u0131n\u0131n yaranmas\u0131 v\u0259 f\u0259aliyy\u0259tinin t\u0259\u015fkili, ist\u0259rs\u0259 d\u0259 bu t\u0259\u015fkilat\u0131n geni\u015fl\u0259nm\u0259si v\u0259 beyn\u0259lxalq n\u00fcfuzunun artmas\u0131 istiqam\u0259tind\u0259 Az\u0259rbaycan Prezidentinin g\u00f6rd\u00fcy\u00fc i\u015fl\u0259r olduqca strateji \u0259h\u0259miyy\u0259t k\u0259sb edib\u201d.<\/p>\n<p>Bu fikirl\u0259ri \u201cReport\u201da a\u00e7\u0131qlamas\u0131nda Milli M\u0259clisin deputat\u0131 Hikm\u0259t Babao\u011flu deyib.<\/p>\n<p>Onun s\u00f6zl\u0259rin\u0259 g\u00f6r\u0259, T\u00fcrk D\u00f6vl\u0259tl\u0259ri T\u0259\u015fkilat\u0131 haz\u0131rda beyn\u0259lxalq t\u0259\u015fkilatlar aras\u0131nda \u00f6z\u00fcn\u0259m\u0259xsus yer tutmaqla b\u0259rab\u0259r, h\u0259m d\u0259 m\u00fch\u00fcm strateji cazib\u0259 m\u0259rk\u0259zl\u0259rind\u0259n birin\u0259 \u00e7evrilib:<\/p>\n<div id=\"AdviadNativeVideo0\" class=\"AdviadNativeVideo\"><\/div>\n<p>\u201cT\u00fcrk \u015euras\u0131na \u00fczv olmaq ist\u0259y\u0259n \u00f6lk\u0259l\u0259rin say\u0131 ciddi \u015f\u0259kild\u0259 art\u0131b. Ancaq Prezident \u0130lham \u018fliyevin t\u00fcrk d\u00fcnyas\u0131 qar\u015f\u0131s\u0131nda \u0259n b\u00f6y\u00fck xidm\u0259ti y\u00fcz il \u0259vv\u0259l pozulmu\u015f bu vahid etno-siyasi co\u011frafiyan\u0131n fiziki b\u00fct\u00f6vl\u00fcy\u00fcn\u00fc b\u0259rpa etm\u0259sidir. Bu, tarixi hadis\u0259dir v\u0259 Prezident \u0130lham \u018fliyevin ad\u0131 il\u0259 ba\u011fl\u0131d\u0131r. T\u00fcrk D\u00f6vl\u0259tl\u0259ri T\u0259\u015fkilat\u0131na \u00fczv olan \u00f6lk\u0259l\u0259rin liderl\u0259ri bu q\u0259rar\u0131 q\u0259bul ed\u0259rk\u0259n m\u0259hz h\u0259min \u00fcmumi m\u0259nafel\u0259r\u0259 xidm\u0259t ed\u0259n reall\u0131\u011f\u0131 n\u0259z\u0259r\u0259 alaraq veribl\u0259r\u201d.<\/p>\n<p>Deputat bildirib ki, T\u00fcrk D\u00fcnyas\u0131n\u0131n Ali Ordenini t\u0259qdim ed\u0259rk\u0259n T\u00fcrkiy\u0259 Prezidenti R\u0259c\u0259b Tayyib \u018frdo\u011fan Az\u0259rbaycan Prezidentin\u0259 xitab\u0259n onu M\u00fcz\u0259ff\u0259r Ali Ba\u015f Komandan adland\u0131rd\u0131:<\/p>\n<p>\u201cQarda\u015f \u00f6lk\u0259nin d\u00f6vl\u0259t ba\u015f\u00e7\u0131s\u0131 dedi ki, q\u0259tiyy\u0259tli r\u0259hb\u0259rliyinizl\u0259 Qaraba\u011fda t\u0259xmin\u0259n otuz il davam ed\u0259n i\u015f\u011fala 44 g\u00fcn kimi q\u0131sa m\u00fcdd\u0259td\u0259 son qoyulub. Bu, t\u0259kc\u0259 az\u0259rbaycanl\u0131 qarda\u015flar\u0131m\u0131z \u00fc\u00e7\u00fcn deyil, b\u00fct\u00fcn t\u00fcrk d\u00fcnyas\u0131 \u00fc\u00e7\u00fcn b\u00f6y\u00fck \u0259h\u0259miyy\u0259t da\u015f\u0131maqdad\u0131r. Do\u011frudan da t\u00fcrk d\u00fcnyas\u0131n\u0131n fiziki b\u00fct\u00f6vl\u00fcy\u00fcn\u0259 xidm\u0259t ed\u0259c\u0259k bu m\u00fch\u00fcm tarixi hadis\u0259 b\u00fct\u00fcn t\u00fcrk d\u00fcnyas\u0131 \u00f6lk\u0259l\u0259ri \u00fc\u00e7\u00fcn yeni iqtisadi-siyasi v\u0259 strateji perspektivl\u0259r yarad\u0131r. Bu, h\u0259r \u015feyd\u0259n \u00f6nc\u0259 t\u0259qrib\u0259n 150 milyona yax\u0131n insan\u0131n v\u0259 1.5 milyard dollarl\u0131q \u00fcm\u00fcmdaxili m\u0259hsul istehsal\u0131 imkanlar\u0131n\u0131n qar\u015f\u0131l\u0131ql\u0131 v\u0259 birba\u015fa \u0259laq\u0259sinin yarad\u0131lmas\u0131 dem\u0259kdir\u201d.<\/p>\n<p>\u201cH\u0259l\u0259 2009-cu ild\u0259 Nax\u00e7\u0131vanda T\u00fcrk \u015euras\u0131 yarad\u0131lark\u0259n Az\u0259rbaycan Prezidenti \u0130lham \u018fliyev m\u0259hz bu perspektivl\u0259r\u0259 toxunaraq t\u00fcrk d\u00fcnyas\u0131n\u0131n fiziki birl\u0259\u015fm\u0259si, Nax\u00e7\u0131van\u0131n anklav v\u0259ziyy\u0259td\u0259n \u00e7\u0131xar\u0131lmas\u0131 istiqam\u0259tind\u0259 m\u00fch\u00fcm add\u0131mlar\u0131n at\u0131lmas\u0131 m\u0259s\u0259l\u0259l\u0259rin\u0259 toxunmu\u015fdu. Bu, haz\u0131rda h\u0259yata ke\u00e7iril\u0259n d\u0259rin h\u0259rbi-siyasi strategiya say\u0259sind\u0259 art\u0131q reall\u0131\u011fa \u00e7evrilir. Eyni zamanada, T\u00fcrk D\u00f6vl\u0259tl\u0259ri T\u0259\u015fkilat\u0131na yeni \u00fczvl\u0259rin q\u0259bul edilm\u0259si, x\u00fcsusil\u0259 d\u0259 qarda\u015f T\u00fcrkm\u0259nistan\u0131n bu t\u0259\u015fkilata c\u0259lb edilm\u0259si, el\u0259c\u0259 d\u0259 \u00d6zb\u0259kistan\u0131n tamh\u00fcquqlu \u00fczv kimi q\u0259bul edilm\u0259si d\u0259 son ill\u0259rd\u0259 t\u0259\u015fkilat\u0131n tarixind\u0259 ba\u015f ver\u0259n m\u00fch\u00fcm hadis\u0259l\u0259rdir. Ona g\u00f6r\u0259 d\u0259 Az\u0259rbaycan Prezidenti \u0130lham \u018fliyev T\u00fcrkm\u0259nistan Prezidenti Qurbanqulu Berdimuhammedovun bu t\u0259\u015fkilat\u0131n zirv\u0259 toplant\u0131s\u0131nda i\u015ftirak etm\u0259sini m\u0259mnuniyy\u0259tl\u0259 qeyd etdi. \u00c7\u00fcnki q\u0131sa m\u00fcdd\u0259t \u00f6nc\u0259 m\u0259hz Az\u0259rbaycan\u0131n s\u0259yl\u0259ri il\u0259 T\u00fcrkm\u0259nistan v\u0259 Az\u0259rbaycan aras\u0131nda vaxtil\u0259 m\u00fcbahis\u0259 m\u00f6vzusu olan neft yata\u011f\u0131 \u201cDostluq\u201d\u00a0ad\u0131 alt\u0131nda iki qarda\u015f \u00f6lk\u0259 t\u0259r\u0259find\u0259n ortaq istismara c\u0259lb edilmi\u015f, yaln\u0131z bundan sonra T\u00fcrkm\u0259nistan TDT-y\u0259 \u00fcz tutmaq bar\u0259d\u0259 q\u0259rar q\u0259bul etmi\u015fdi. X\u00fcsusi qeyd edilm\u0259li bir m\u0259s\u0259l\u0259 is\u0259 ondan ibar\u0259tdir ki, Az\u0259rbaycan\u0131n \u0259ld\u0259 etdiyi tarixi z\u0259f\u0259r b\u00fct\u00fcn qarda\u015f xalqlar\u0131n ilham m\u0259nb\u0259yin\u0259 \u00e7evrilmi\u015f, onlarda milli g\u00fcv\u0259n v\u0259 q\u00fcrur hissi yaratm\u0131\u015fd\u0131. Qarda\u015f T\u00fcrkiy\u0259 v\u0259 Az\u0259rbaycan\u0131n g\u00fcc n\u00fcmayi\u015f etdirm\u0259k v\u0259 milli irad\u0259 ortaya qoymaq c\u0259sar\u0259ti is\u0259 haz\u0131rk\u0131 m\u00fcr\u0259kk\u0259b beyn\u0259lxalq \u015f\u0259rtl\u0259r i\u00e7\u0259risind\u0259 qibt\u0259 yaradacaq bir n\u00fcmun\u0259dir. Bu, eyni zamanda T\u00fcrk D\u00f6vl\u0259tl\u0259ri T\u0259\u015fkilat\u0131n\u0131 yeni c\u0259lbedici formata \u00e7evirir. Prezident \u0130lham \u018fliyev ona t\u0259qdim edil\u0259n T\u00fcrk D\u00fcnyas\u0131n\u0131n Ali Ordenini Az\u0259rbaycan xalq\u0131n\u0131n ad\u0131ndan q\u0259bul etdi v\u0259 bu ordenin m\u0259hz xalq\u0131m\u0131za verildiyini dedi. Bu, bir milli liderin \u00f6z xalq\u0131 il\u0259 b\u00fct\u00f6vl\u00fcy\u00fcn\u00fcn t\u0259c\u0259ss\u00fcm\u00fc idi\u201d, &#8211; H.Babao\u011flu vur\u011fulay\u0131b.<\/p>\n","protected":false},"excerpt":{"rendered":"<p>\u201cAz\u0259rbaycan Prezidenti \u0130lham \u018fliyevin T\u00fcrk D\u00fcnyas\u0131n\u0131n Ali Ordeni\u201d il\u0259 t\u0259ltif olunmas\u0131 onun t\u00fcrk d\u00fcnyas\u0131 qar\u015f\u0131s\u0131nda xidm\u0259tl\u0259rin\u0259 veril\u0259n \u0259dal\u0259tli qiym\u0259tdir. \u0130st\u0259r T\u00fcrk \u015euras\u0131n\u0131n yaranmas\u0131 v\u0259 f\u0259aliyy\u0259tinin t\u0259\u015fkili, ist\u0259rs\u0259 d\u0259 bu t\u0259\u015fkilat\u0131n geni\u015fl\u0259nm\u0259si v\u0259 beyn\u0259lxalq n\u00fcfuzunun artmas\u0131 istiqam\u0259tind\u0259 Az\u0259rbaycan Prezidentinin g\u00f6rd\u00fcy\u00fc i\u015fl\u0259r olduqca strateji \u0259h\u0259miyy\u0259t k\u0259sb edib\u201d. Bu fikirl\u0259ri \u201cReport\u201da a\u00e7\u0131qlamas\u0131nda Milli M\u0259clisin deputat\u0131 Hikm\u0259t Babao\u011flu deyib. Onun s\u00f6zl\u0259rin\u0259 g\u00f6r\u0259, T\u00fcrk D\u00f6vl\u0259tl\u0259ri T\u0259\u015fkilat\u0131 haz\u0131rda beyn\u0259lxalq t\u0259\u015fkilatlar aras\u0131nda \u00f6z\u00fcn\u0259m\u0259xsus yer tutmaqla b\u0259rab\u0259r, h\u0259m d\u0259 m\u00fch\u00fcm strateji cazib\u0259 m\u0259rk\u0259zl\u0259rind\u0259n birin\u0259 \u00e7evrilib: \u201cT\u00fcrk \u015euras\u0131na \u00fczv olmaq ist\u0259y\u0259n \u00f6lk\u0259l\u0259rin say\u0131 ciddi \u015f\u0259kild\u0259 art\u0131b. Ancaq Prezident \u0130lham&hellip;<\/p>\n","protected":false},"author":2,"featured_media":403726,"comment_status":"closed","ping_status":"closed","sticky":false,"template":"","format":"standard","meta":{"om_disable_all_campaigns":false,"_monsterinsights_skip_tracking":false,"_monsterinsights_sitenote_active":false,"_monsterinsights_sitenote_note":"","_monsterinsights_sitenote_category":0},"categories":[4],"tags":[],"aioseo_notices":[],"gutentor_comment":0,"rttpg_featured_image_url":{"full":["https:\/\/arantv.az\/wp-content\/uploads\/2021\/11\/1636724824227507849_1000x669-1.jpg",620,446,false],"landscape":["https:\/\/arantv.az\/wp-content\/uploads\/2021\/11\/1636724824227507849_1000x669-1.jpg",620,446,false],"portraits":["https:\/\/arantv.az\/wp-content\/uploads\/2021\/11\/1636724824227507849_1000x669-1.jpg",620,446,false],"thumbnail":["https:\/\/arantv.az\/wp-content\/uploads\/2021\/11\/1636724824227507849_1000x669-1-500x280.jpg",500,280,true],"medium":["https:\/\/arantv.az\/wp-content\/uploads\/2021\/11\/1636724824227507849_1000x669-1-507x365.jpg",507,365,true],"large":["https:\/\/arantv.az\/wp-content\/uploads\/2021\/11\/1636724824227507849_1000x669-1.jpg",620,446,false],"1536x1536":["https:\/\/arantv.az\/wp-content\/uploads\/2021\/11\/1636724824227507849_1000x669-1.jpg",620,446,false],"2048x2048":["https:\/\/arantv.az\/wp-content\/uploads\/2021\/11\/1636724824227507849_1000x669-1.jpg",620,446,false],"post-thumbnail":["https:\/\/arantv.az\/wp-content\/uploads\/2021\/11\/1636724824227507849_1000x669-1-240x172.jpg",240,172,true],"advps-thumb-one":["https:\/\/arantv.az\/wp-content\/uploads\/2021\/11\/1636724824227507849_1000x669-1.jpg",620,446,false]},"rttpg_author":{"display_name":"V\u00fcsal Rafiqo\u011flu","author_link":"https:\/\/arantv.az\/?author=2"},"rttpg_comment":0,"rttpg_category":"<a href=\"https:\/\/arantv.az\/?cat=4\" rel=\"category\">Siyas\u0259t<\/a>","rttpg_excerpt":"\u201cAz\u0259rbaycan Prezidenti \u0130lham \u018fliyevin T\u00fcrk D\u00fcnyas\u0131n\u0131n Ali Ordeni\u201d il\u0259 t\u0259ltif olunmas\u0131 onun t\u00fcrk d\u00fcnyas\u0131 qar\u015f\u0131s\u0131nda xidm\u0259tl\u0259rin\u0259 veril\u0259n \u0259dal\u0259tli qiym\u0259tdir. \u0130st\u0259r T\u00fcrk \u015euras\u0131n\u0131n yaranmas\u0131 v\u0259 f\u0259aliyy\u0259tinin t\u0259\u015fkili, ist\u0259rs\u0259 d\u0259 bu t\u0259\u015fkilat\u0131n geni\u015fl\u0259nm\u0259si v\u0259 beyn\u0259lxalq n\u00fcfuzunun artmas\u0131 istiqam\u0259tind\u0259 Az\u0259rbaycan Prezidentinin g\u00f6rd\u00fcy\u00fc i\u015fl\u0259r olduqca strateji \u0259h\u0259miyy\u0259t k\u0259sb edib\u201d. Bu fikirl\u0259ri \u201cReport\u201da a\u00e7\u0131qlamas\u0131nda Milli M\u0259clisin deputat\u0131 Hikm\u0259t Babao\u011flu deyib.&hellip;","_links":{"self":[{"href":"https:\/\/arantv.az\/index.php?rest_route=\/wp\/v2\/posts\/403724"}],"collection":[{"href":"https:\/\/arantv.az\/index.php?rest_route=\/wp\/v2\/posts"}],"about":[{"href":"https:\/\/arantv.az\/index.php?rest_route=\/wp\/v2\/types\/post"}],"author":[{"embeddable":true,"href":"https:\/\/arantv.az\/index.php?rest_route=\/wp\/v2\/users\/2"}],"replies":[{"embeddable":true,"href":"https:\/\/arantv.az\/index.php?rest_route=%2Fwp%2Fv2%2Fcomments&post=403724"}],"version-history":[{"count":0,"href":"https:\/\/arantv.az\/index.php?rest_route=\/wp\/v2\/posts\/403724\/revisions"}],"wp:featuredmedia":[{"embeddable":true,"href":"https:\/\/arantv.az\/index.php?rest_route=\/wp\/v2\/media\/403726"}],"wp:attachment":[{"href":"https:\/\/arantv.az\/index.php?rest_route=%2Fwp%2Fv2%2Fmedia&parent=403724"}],"wp:term":[{"taxonomy":"category","embeddable":true,"href":"https:\/\/arantv.az\/index.php?rest_route=%2Fwp%2Fv2%2Fcategories&post=403724"},{"taxonomy":"post_tag","embeddable":true,"href":"https:\/\/arantv.az\/index.php?rest_route=%2Fwp%2Fv2%2Ftags&post=403724"}],"curies":[{"name":"wp","href":"https:\/\/api.w.org\/{rel}","templated":true}]}}