{"id":403730,"date":"2021-11-13T14:47:27","date_gmt":"2021-11-13T11:47:27","guid":{"rendered":"http:\/\/arantv.az\/?p=403730"},"modified":"2021-11-13T14:47:27","modified_gmt":"2021-11-13T11:47:27","slug":"himay%c9%99-edil%c9%99n-erm%c9%99ni-terroru-los-ancelesd%c9%99-susada-eyni-h%c9%99d%c9%99f-foto","status":"publish","type":"post","link":"https:\/\/arantv.az\/?p=403730","title":{"rendered":"Himay\u0259 edil\u0259n erm\u0259ni terroru: Los-Ancelesd\u0259, \u015eu\u015fada eyni h\u0259d\u0259f &#8211; FOTO"},"content":{"rendered":"<p>Rusiya s\u00fclhm\u0259raml\u0131lar\u0131n\u0131n Az\u0259rbaycan \u0259razisind\u0259 m\u00fcv\u0259qq\u0259ti yerl\u0259\u015fm\u0259si daha \u00e7ox erm\u0259nil\u0259ri guya az\u0259rbaycanl\u0131lardan qorumaq m\u0259qs\u0259di da\u015f\u0131y\u0131r. H\u0259min m\u0259ntiqd\u0259n bel\u0259 \u00e7\u0131x\u0131r ki, guya az\u0259rbaycanl\u0131lar\u0131n at\u0259\u015f a\u00e7mas\u0131n\u0131 (h\u0259m d\u0259 erm\u0259nil\u0259rin at\u0259\u015f a\u00e7mas\u0131n\u0131) rusiyal\u0131 h\u0259rb\u00e7il\u0259r monitorinq ed\u0259c\u0259k. At\u0259\u015f a\u00e7anlar raz\u0131la\u015fman\u0131 pozan t\u0259r\u0259f say\u0131lacaq v\u0259 s. Halbuki 30 il\u0259 yax\u0131n Az\u0259rbaycan torpaqlar\u0131nda bu istiqam\u0259td\u0259 monitorinql\u0259r apar\u0131ld\u0131. Ancaq he\u00e7 vaxt i\u015f\u011fal\u00e7\u0131n\u0131n \u0259m\u0259ll\u0259ri q\u0131nanmad\u0131.<\/p>\n<p>Erm\u0259nistan silahl\u0131 q\u00fcvv\u0259l\u0259ri noyabr\u0131n 10-da imzalanm\u0131\u015f \u00fc\u00e7t\u0259r\u0259fli b\u0259yanat\u0131 pozaraq h\u0259l\u0259 d\u0259 Az\u0259rbaycan \u0259razisind\u0259 qal\u0131rlar. Bu, azm\u0131\u015f kimi, separat\u00e7\u0131lar\u0131n t\u00f6r-t\u00f6k\u00fcnt\u00fcl\u0259ri qanunsuz silahl\u0131 d\u0259st\u0259 yarad\u0131rlar. B\u00fct\u00fcn bunlar Rusiya s\u00fclhm\u0259raml\u0131lar\u0131n\u0131n m\u00fcv\u0259qq\u0259ti yerl\u0259\u015fdiyi \u0259razid\u0259 ba\u015f verir.<\/p>\n<p>Dem\u0259li, Ba\u015f Prokurorluq v\u0259 Daxili \u0130\u015fl\u0259r Nazirliyinin yayd\u0131\u011f\u0131 birg\u0259 m\u0259lumat m\u0259lumata \u0259sas\u0259n, noyabr\u0131n 13-\u00fc saat 07:12-d\u0259 Az\u0259rbaycan\u0131n Xank\u0259ndi \u015f\u0259h\u0259rind\u0259n Xank\u0259ndi-La\u00e7\u0131n \u015fose yolu il\u0259 48-MN-048 ER d\u00f6vl\u0259t qeydiyyat ni\u015fanl\u0131 \u201cMersedes-Benz\u201d markal\u0131 avtomobill\u0259 La\u00e7\u0131n \u015f\u0259h\u0259ri istiqam\u0259tind\u0259 h\u0259r\u0259k\u0259td\u0259 olan Erm\u0259nistan v\u0259t\u0259nda\u015f\u0131, 1975-ci il t\u0259v\u0259ll\u00fcdl\u00fc Norayr Mirzoyan v\u0259 qeyril\u0259ri cinay\u0259tkar birlik hal\u0131nda \u201cRQD-5\u201d markal\u0131 \u0259l qumbaras\u0131 v\u0259 dig\u0259r odlu silah, partlay\u0131c\u0131 madd\u0259l\u0259r \u0259ld\u0259 edib g\u0259zdirm\u0259kl\u0259 Az\u0259rbaycan Respublikas\u0131n\u0131n \u0259razisind\u0259 terror akt\u0131 t\u00f6r\u0259tm\u0259k, habel\u0259 q\u0259sd\u0259n adam \u00f6ld\u00fcrm\u0259k m\u0259qs\u0259dil\u0259 idar\u0259 etdiyi avtomobild\u0259n d\u00fc\u015f\u00fcb \u015eu\u015fa \u015f\u0259h\u0259rinin Da\u015falt\u0131 k\u0259ndinin yax\u0131nl\u0131\u011f\u0131nda xidm\u0259t aparan Az\u0259rbaycan Silahl\u0131 Q\u00fcvv\u0259l\u0259rinin N sayl\u0131 h\u0259rbi hiss\u0259sinin v\u0259 Rusiya Federasiyas\u0131n\u0131n s\u00fclhm\u0259raml\u0131 kontingentinin h\u0259rbi qulluq\u00e7ular\u0131n\u0131n h\u0259yat\u0131n\u0131 t\u0259hl\u00fck\u0259y\u0259 atmaqla \u0259l qumbaras\u0131n\u0131 onlar\u0131n istiqam\u0259tind\u0259 atm\u0131\u015f, n\u0259tic\u0259d\u0259 m\u00fcdd\u0259td\u0259n art\u0131q h\u0259qiqi h\u0259rbi xidm\u0259t h\u0259rbi qulluq\u00e7usu, \u00e7avu\u015f Hafiz N\u0259sibova v\u0259 dig\u0259rl\u0259rin\u0259 (c\u0259mi \u00fc\u00e7 n\u0259f\u0259r\u0259) m\u00fcxt\u0259lif d\u0259r\u0259c\u0259li b\u0259d\u0259n x\u0259sar\u0259tl\u0259ri yetirm\u0259kl\u0259 milli d\u00fc\u015fm\u0259n\u00e7ilik niyy\u0259til\u0259 q\u0259sd\u0259n \u00f6ld\u00fcr\u00fclm\u0259l\u0259rin\u0259 c\u0259hd edib. Az\u0259rbaycan Ba\u015f Prokuroru t\u0259r\u0259find\u0259n fakta g\u00f6r\u0259 Cinay\u0259t M\u0259c\u0259ll\u0259sinin 29, 120.2.1 (bir qrup \u015f\u0259xs, qabaqcadan \u0259lbir olan bir qrup \u015f\u0259xs, m\u00fct\u0259\u015f\u0259kkil d\u0259st\u0259 v\u0259 ya cinay\u0259tkar birlik (t\u0259\u015fkilat) t\u0259r\u0259find\u0259n adam \u00f6ld\u00fcrm\u0259y\u0259 c\u0259hd), 29, 120.2.3, (z\u0259r\u0259r\u00e7\u0259kmi\u015f \u015f\u0259xsin xidm\u0259ti v\u0259zif\u0259sini v\u0259 ya ictimai borcunu yerin\u0259 yetirm\u0259si il\u0259 \u0259laq\u0259dar onun \u00f6z\u00fcn\u00fc v\u0259 ya yax\u0131n qohumlar\u0131n\u0131 \u00f6ld\u00fcrm\u0259y\u0259 c\u0259hd), 29, 120.2.4 ( x\u00fcsusi amans\u0131zl\u0131qla v\u0259 ya \u00fcmumi t\u0259hl\u00fck\u0259li \u00fcsulla adam \u00f6ld\u00fcrm\u0259y\u0259 c\u0259hd), 214.2.3 (terror\u00e7uluq-odlu silahdan v\u0259 silah qismind\u0259 istifad\u0259 olunan predmetl\u0259rd\u0259n istifad\u0259 etm\u0259kl\u0259 t\u00f6r\u0259dildikd\u0259), 228.3 (qanunsuz olaraq odlu silah, partlay\u0131c\u0131 madd\u0259 \u0259ld\u0259 etm\u0259, ba\u015fqas\u0131na verm\u0259, satma, saxlama, da\u015f\u0131ma v\u0259 g\u0259zdirm\u0259 m\u00fct\u0259\u015f\u0259kkil d\u0259st\u0259 t\u0259r\u0259find\u0259n t\u00f6r\u0259dildikd\u0259) v\u0259 dig\u0259r madd\u0259l\u0259ri il\u0259 cinay\u0259t i\u015fi ba\u015flanmaqla istintaq\u0131n apar\u0131lmas\u0131 Ba\u015f Prokurorlu\u011fun \u0130stintaq idar\u0259sin\u0259 h\u0259val\u0259 edilib. Haz\u0131rda i\u015f \u00fczr\u0259 intensiv istintaq-\u0259m\u0259liyyat t\u0259dbirl\u0259ri apar\u0131l\u0131r.<\/p>\n<div id=\"AdviadNativeVideo0\" class=\"AdviadNativeVideo\"><\/div>\n<p><img src=\"https:\/\/cdn.oxu.az\/uploads\/W1siZiIsIjIwMjEvMTEvMTMvMTQvMzAvMzEvMDg2ZWRiYjItZjhjYS00Y2RhLWIyOGItYmIxNzI3NWEyNDNjL2UxLmpwZyJdLFsicCIsImVuY29kZSIsImpwZyIsIi1xdWFsaXR5IDgwIl0sWyJwIiwidGh1bWIiLCI1OTB4NTkwXHUwMDNlIl1d?sha=1397b80d00a7cfb1\" alt=\"\" \/><\/p>\n<p>Yeri g\u0259lmi\u015fk\u0259n, erm\u0259ni terror\u00e7u Rusiya s\u00fclhm\u0259raml\u0131lar\u0131 t\u0259r\u0259find\u0259n saxlan\u0131lsa da, m\u0259s\u0259l\u0259y\u0259 h\u00fcquqi qiym\u0259t verilm\u0259si \u00fc\u00e7\u00fcn Az\u0259rbaycan t\u0259r\u0259fin\u0259 t\u0259hvil verilm\u0259yib.<\/p>\n<p>\u018fslind\u0259, terroru amala \u00e7evirmi\u015f Erm\u0259nistanda bu akt q\u0259hr\u0259manl\u0131q kimi t\u0259qdim olunur. Bildirilir ki, guya bunu t\u00f6r\u0259d\u0259n erm\u0259ni qarda\u015f\u0131n\u0131n \u201cqisas\u0131n\u0131 al\u0131b\u201d. Yalan, saxtakarl\u0131q, qorxaql\u0131q, nam\u0259rdlik kimi, terror\u00e7uluq da erm\u0259ni xisl\u0259tinin bir g\u00f6st\u0259ricisidir. Bu etnik qrupa m\u0259xsus ASALA terror t\u0259\u015fkilat\u0131 var. H\u0259min cinay\u0259tkar d\u0259st\u0259 t\u00fcrkl\u0259rin tan\u0131nm\u0131\u015f, n\u00fcfuzlu \u015f\u0259xsl\u0259ri v\u0259 diplomatlar\u0131na qar\u015f\u0131 terror akt\u0131 h\u0259yata ke\u00e7irib. Onlardan birini bu yax\u0131nlarda \u0130r\u0259van \u201cq\u0259hr\u0259man\u201d kimi qar\u015f\u0131lad\u0131lar. Bu, T\u00fcrkiy\u0259nin Los-Ancelesd\u0259ki ba\u015f konsulu Kamal Ar\u0131kan\u0131 1982-ci il yanvar\u0131n 28-d\u0259 s\u0259h\u0259r saatlar\u0131nda t\u0259r\u0259fke\u015fi il\u0259 birlikd\u0259 avtomobili i\u015f\u0131qforda dayanark\u0259n q\u0259tl\u0259 yetir\u0259n ASALA erm\u0259ni terror qrupla\u015fmas\u0131n\u0131n \u00fczv\u00fc Xambik Sasunyan idi. Xat\u0131rladaq ki, T\u00fcrkiy\u0259nin Los-Ancelesd\u0259ki ba\u015f konsulu Kamal Ar\u0131kan\u0131 q\u0259tl\u0259 yetirdiyin\u0259 g\u00f6r\u0259 \u00f6m\u00fcrl\u00fck h\u0259bs c\u0259zas\u0131na m\u0259hkum edilmi\u015f erm\u0259ni Xambik Sasunyan 2019-cu ilin dekabr\u0131nda Kaliforniya \u015ftat\u0131 M\u0259hk\u0259m\u0259sinin q\u0259rar\u0131 il\u0259 azadl\u0131\u011fa burax\u0131l\u0131b.<\/p>\n<p>Qeyd ed\u0259k ki, Xambik Sasunyan 1963-c\u00fc il yanvar\u0131n 5-d\u0259 Livan\u0131n paytaxt\u0131 Beyrutda anadan olub. Bir m\u00fcdd\u0259t sonra ail\u0259si il\u0259 birlikd\u0259 AB\u015e-a k\u00f6\u00e7\u00fcb. O, Erm\u0259ni G\u0259ncl\u0259r Federasiyas\u0131 (\u201cArmenian Youth Federation\u201d) v\u0259 \u201cErm\u0259ni soyq\u0131r\u0131m\u0131na \u0259dal\u0259t u\u011frunda\u201d erm\u0259ni terror t\u0259\u015fkilat\u0131n\u0131n \u00fczv\u00fc olub. Erm\u0259ni terror\u00e7u 2016-c\u0131 ild\u0259 Kaliforniyan\u0131n \u018ffv Komissiyas\u0131 t\u0259r\u0259find\u0259n \u0259fv edils\u0259 d\u0259, \u015ftat\u0131n qubernatoru Cerri Braun X.Sasunyan\u0131n c\u0259miyy\u0259t \u00fc\u00e7\u00fcn t\u0259hl\u00fck\u0259li olaca\u011f\u0131n\u0131 \u0259sas g\u00f6st\u0259r\u0259r\u0259k q\u0259rara veto qoymu\u015fdu. ASALA \u00fczv\u00fcn\u00fcn \u0130r\u0259vana s\u0259f\u0259ri, orada t\u0259nt\u0259n\u0259li qar\u015f\u0131lanmas\u0131 Erm\u0259nistan\u0131n terroru v\u0259 terror\u00e7unu d\u0259st\u0259kl\u0259m\u0259si q\u0259na\u0259tin\u0259 g\u0259lm\u0259y\u0259 \u0259sas verir. Bu bax\u0131mdan iki \u00f6lk\u0259 h\u0259rb\u00e7il\u0259rinin postuna qumbara il\u0259 edil\u0259n h\u00fccum da terror akt\u0131d\u0131r.<\/p>\n<p><img src=\"https:\/\/cdn.oxu.az\/uploads\/W1siZiIsIjIwMjEvMTEvMTMvMTQvMzAvMzEvMmU1ZmMxZDItYmFhYS00OGQwLWFjZTgtNjVjMDdiNDAzYTVmL2UyLmpwZyJdLFsicCIsImVuY29kZSIsImpwZyIsIi1xdWFsaXR5IDgwIl0sWyJwIiwidGh1bWIiLCI1OTB4NTkwXHUwMDNlIl1d?sha=2e1a0b7b8c13119a\" alt=\"\" \/><\/p>\n<p>H\u0259r halda burada qaranl\u0131q m\u0259qamlar\u0131n olmas\u0131 dan\u0131lmazd\u0131r. G\u00f6r\u0259s\u0259n, h\u0259min \u015f\u0259xs Az\u0259rbaycan \u0259razisin\u0259 haradan ke\u00e7ib? Onun ke\u00e7m\u0259sin\u0259 kim \u015f\u0259rait yarad\u0131b? Onun mindiyi avtomobil niy\u0259 yoxlan\u0131lmay\u0131b? Hadis\u0259 Az\u0259rbaycan \u0259razisind\u0259 ba\u015f verdiyind\u0259n erm\u0259ni terror\u00e7u niy\u0259 Az\u0259rbaycan t\u0259r\u0259f\u0259 t\u0259hvil verilm\u0259yib? Onun m\u00fchakim\u0259 olunaca\u011f\u0131na, yaxud c\u0259zaland\u0131r\u0131laca\u011f\u0131na t\u0259minat varm\u0131? \u018fslind\u0259, bu suallar\u0131n cavab\u0131 m\u0259lumdur. Hadis\u0259 h\u0259m d\u0259 Az\u0259rbaycan \u0259razisind\u0259ki qanunsuz silahl\u0131 erm\u0259nil\u0259rin n\u0259zar\u0259tsiz qalmas\u0131, onlar\u0131n t\u0259rk-silah olunmamas\u0131d\u0131r.<\/p>\n<p>Xambik Sasunyan kimi, o da dinc \u015f\u0259raitd\u0259 bu add\u0131m\u0131 at\u0131b. ASALA \u00fczv\u00fc i\u015f\u0131qforda dayanan diplomata, bu is\u0259 blokpostda duran h\u0259rb\u00e7il\u0259r\u0259 h\u00fccum edib. Xambik Sasunyanla bu terrorun \u0259laq\u0259sinin olmad\u0131\u011f\u0131na t\u0259minat yoxdur. Onu AB\u015e-\u0131n \u0259dal\u0259ti himay\u0259 edib yenid\u0259n t\u00fcrkl\u0259r\u0259 v\u0259 az\u0259rbaycanl\u0131lara qar\u015f\u0131 f\u0259aliyy\u0259tin\u0259 \u201cokey\u201d verm\u0259kl\u0259 \u0130r\u0259vana g\u0259lm\u0259sin\u0259 \u015f\u0259rait yarad\u0131b. Bunu is\u0259 Rusiya s\u00fclhm\u0259raml\u0131lar\u0131 tutmaqla hadis\u0259nin \u0259sl s\u0259b\u0259binin gizl\u0259dilm\u0259sin\u0259 yard\u0131m edibl\u0259r. Hadis\u0259 dem\u0259y\u0259 \u0259sas verir ki, s\u00fclhm\u0259raml\u0131 say\u0131lan h\u0259rb\u00e7il\u0259r mandatlar\u0131na uy\u011fun f\u0259aliyy\u0259t g\u00f6st\u0259rmirl\u0259r. Onlar m\u00fcv\u0259qq\u0259ti olaraq yerl\u0259\u015fdikl\u0259ri \u0259razid\u0259 terror\u00e7ular\u0131n f\u0259aliyy\u0259tin\u0259 laqeyd yana\u015f\u0131rlar. Ancaq bu hadis\u0259 s\u00fcbut edir ki, son terror akt\u0131 h\u0259m d\u0259 Rusiyan\u0131n regiondak\u0131 n\u00fcfuzuna z\u0259rb\u0259 vurur. T\u0259\u0259ss\u00fcf ki, s\u00fclhm\u0259raml\u0131lar bu detal\u0131 n\u0259z\u0259rd\u0259n qa\u00e7\u0131r\u0131rlar. Onu da unudurlar ki, \u00fcst\u00fcnd\u0259 xidm\u0259t etdikl\u0259ri torpaqlar n\u0259 onlara, n\u0259 d\u0259 erm\u0259nil\u0259r\u0259 m\u0259xsusdur. Odur ki, k\u00f6rp\u00fcl\u0259ri yand\u0131rma\u011fa n\u0259 ehtiyac var?!<\/p>\n<p><strong>S\u0259dr\u0259ddin \u0130smay\u0131lov, report.az<\/strong><\/p>\n","protected":false},"excerpt":{"rendered":"<p>Rusiya s\u00fclhm\u0259raml\u0131lar\u0131n\u0131n Az\u0259rbaycan \u0259razisind\u0259 m\u00fcv\u0259qq\u0259ti yerl\u0259\u015fm\u0259si daha \u00e7ox erm\u0259nil\u0259ri guya az\u0259rbaycanl\u0131lardan qorumaq m\u0259qs\u0259di da\u015f\u0131y\u0131r. H\u0259min m\u0259ntiqd\u0259n bel\u0259 \u00e7\u0131x\u0131r ki, guya az\u0259rbaycanl\u0131lar\u0131n at\u0259\u015f a\u00e7mas\u0131n\u0131 (h\u0259m d\u0259 erm\u0259nil\u0259rin at\u0259\u015f a\u00e7mas\u0131n\u0131) rusiyal\u0131 h\u0259rb\u00e7il\u0259r monitorinq ed\u0259c\u0259k. At\u0259\u015f a\u00e7anlar raz\u0131la\u015fman\u0131 pozan t\u0259r\u0259f say\u0131lacaq v\u0259 s. Halbuki 30 il\u0259 yax\u0131n Az\u0259rbaycan torpaqlar\u0131nda bu istiqam\u0259td\u0259 monitorinql\u0259r apar\u0131ld\u0131. Ancaq he\u00e7 vaxt i\u015f\u011fal\u00e7\u0131n\u0131n \u0259m\u0259ll\u0259ri q\u0131nanmad\u0131. Erm\u0259nistan silahl\u0131 q\u00fcvv\u0259l\u0259ri noyabr\u0131n 10-da imzalanm\u0131\u015f \u00fc\u00e7t\u0259r\u0259fli b\u0259yanat\u0131 pozaraq h\u0259l\u0259 d\u0259 Az\u0259rbaycan \u0259razisind\u0259 qal\u0131rlar. Bu, azm\u0131\u015f kimi, separat\u00e7\u0131lar\u0131n t\u00f6r-t\u00f6k\u00fcnt\u00fcl\u0259ri qanunsuz silahl\u0131 d\u0259st\u0259 yarad\u0131rlar. B\u00fct\u00fcn bunlar Rusiya s\u00fclhm\u0259raml\u0131lar\u0131n\u0131n m\u00fcv\u0259qq\u0259ti yerl\u0259\u015fdiyi \u0259razid\u0259 ba\u015f verir. Dem\u0259li, Ba\u015f&hellip;<\/p>\n","protected":false},"author":2,"featured_media":403731,"comment_status":"closed","ping_status":"closed","sticky":false,"template":"","format":"standard","meta":{"om_disable_all_campaigns":false,"_monsterinsights_skip_tracking":false,"_monsterinsights_sitenote_active":false,"_monsterinsights_sitenote_note":"","_monsterinsights_sitenote_category":0},"categories":[4],"tags":[],"aioseo_notices":[],"gutentor_comment":0,"rttpg_featured_image_url":{"full":["https:\/\/arantv.az\/wp-content\/uploads\/2021\/11\/FotoJet-4-7.jpg",620,416,false],"landscape":["https:\/\/arantv.az\/wp-content\/uploads\/2021\/11\/FotoJet-4-7.jpg",620,416,false],"portraits":["https:\/\/arantv.az\/wp-content\/uploads\/2021\/11\/FotoJet-4-7.jpg",620,416,false],"thumbnail":["https:\/\/arantv.az\/wp-content\/uploads\/2021\/11\/FotoJet-4-7-500x280.jpg",500,280,true],"medium":["https:\/\/arantv.az\/wp-content\/uploads\/2021\/11\/FotoJet-4-7-544x365.jpg",544,365,true],"large":["https:\/\/arantv.az\/wp-content\/uploads\/2021\/11\/FotoJet-4-7.jpg",620,416,false],"1536x1536":["https:\/\/arantv.az\/wp-content\/uploads\/2021\/11\/FotoJet-4-7.jpg",620,416,false],"2048x2048":["https:\/\/arantv.az\/wp-content\/uploads\/2021\/11\/FotoJet-4-7.jpg",620,416,false],"post-thumbnail":["https:\/\/arantv.az\/wp-content\/uploads\/2021\/11\/FotoJet-4-7-240x172.jpg",240,172,true],"advps-thumb-one":["https:\/\/arantv.az\/wp-content\/uploads\/2021\/11\/FotoJet-4-7.jpg",620,416,false]},"rttpg_author":{"display_name":"V\u00fcsal Rafiqo\u011flu","author_link":"https:\/\/arantv.az\/?author=2"},"rttpg_comment":0,"rttpg_category":"<a href=\"https:\/\/arantv.az\/?cat=4\" rel=\"category\">Siyas\u0259t<\/a>","rttpg_excerpt":"Rusiya s\u00fclhm\u0259raml\u0131lar\u0131n\u0131n Az\u0259rbaycan \u0259razisind\u0259 m\u00fcv\u0259qq\u0259ti yerl\u0259\u015fm\u0259si daha \u00e7ox erm\u0259nil\u0259ri guya az\u0259rbaycanl\u0131lardan qorumaq m\u0259qs\u0259di da\u015f\u0131y\u0131r. H\u0259min m\u0259ntiqd\u0259n bel\u0259 \u00e7\u0131x\u0131r ki, guya az\u0259rbaycanl\u0131lar\u0131n at\u0259\u015f a\u00e7mas\u0131n\u0131 (h\u0259m d\u0259 erm\u0259nil\u0259rin at\u0259\u015f a\u00e7mas\u0131n\u0131) rusiyal\u0131 h\u0259rb\u00e7il\u0259r monitorinq ed\u0259c\u0259k. At\u0259\u015f a\u00e7anlar raz\u0131la\u015fman\u0131 pozan t\u0259r\u0259f say\u0131lacaq v\u0259 s. Halbuki 30 il\u0259 yax\u0131n Az\u0259rbaycan torpaqlar\u0131nda bu istiqam\u0259td\u0259 monitorinql\u0259r apar\u0131ld\u0131. Ancaq he\u00e7 vaxt i\u015f\u011fal\u00e7\u0131n\u0131n \u0259m\u0259ll\u0259ri&hellip;","_links":{"self":[{"href":"https:\/\/arantv.az\/index.php?rest_route=\/wp\/v2\/posts\/403730"}],"collection":[{"href":"https:\/\/arantv.az\/index.php?rest_route=\/wp\/v2\/posts"}],"about":[{"href":"https:\/\/arantv.az\/index.php?rest_route=\/wp\/v2\/types\/post"}],"author":[{"embeddable":true,"href":"https:\/\/arantv.az\/index.php?rest_route=\/wp\/v2\/users\/2"}],"replies":[{"embeddable":true,"href":"https:\/\/arantv.az\/index.php?rest_route=%2Fwp%2Fv2%2Fcomments&post=403730"}],"version-history":[{"count":0,"href":"https:\/\/arantv.az\/index.php?rest_route=\/wp\/v2\/posts\/403730\/revisions"}],"wp:featuredmedia":[{"embeddable":true,"href":"https:\/\/arantv.az\/index.php?rest_route=\/wp\/v2\/media\/403731"}],"wp:attachment":[{"href":"https:\/\/arantv.az\/index.php?rest_route=%2Fwp%2Fv2%2Fmedia&parent=403730"}],"wp:term":[{"taxonomy":"category","embeddable":true,"href":"https:\/\/arantv.az\/index.php?rest_route=%2Fwp%2Fv2%2Fcategories&post=403730"},{"taxonomy":"post_tag","embeddable":true,"href":"https:\/\/arantv.az\/index.php?rest_route=%2Fwp%2Fv2%2Ftags&post=403730"}],"curies":[{"name":"wp","href":"https:\/\/api.w.org\/{rel}","templated":true}]}}