{"id":403739,"date":"2021-11-13T15:23:52","date_gmt":"2021-11-13T12:23:52","guid":{"rendered":"http:\/\/arantv.az\/?p=403739"},"modified":"2021-11-13T15:23:52","modified_gmt":"2021-11-13T12:23:52","slug":"d%c9%99rs-cixartmaga-t%c9%99l%c9%99sm%c9%99y%c9%99nl%c9%99r-erm%c9%99nistanda-ciddi-muqavim%c9%99t-h%c9%99r%c9%99kati-formalasir-t%c9%99hlil","status":"publish","type":"post","link":"https:\/\/arantv.az\/?p=403739","title":{"rendered":"D\u0259rs \u00e7\u0131xartma\u011fa t\u0259l\u0259sm\u0259y\u0259nl\u0259r: Erm\u0259nistanda ciddi m\u00fcqavim\u0259t h\u0259r\u0259kat\u0131 formala\u015f\u0131r? &#8211; T\u018fHL\u0130L"},"content":{"rendered":"<p>Erm\u0259nistanda revan\u015fist q\u00fcvv\u0259l\u0259rin mitinqind\u0259 &#8220;\u00fcmummilli m\u00fcqavim\u0259t prosesi&#8221; formala\u015fd\u0131r\u0131ld\u0131\u011f\u0131\u00a0elan edilib, milli m\u00fcqavim\u0259t h\u0259r\u0259kat\u0131n\u0131n \u0259sas\u0131n\u0131n qoyuldu\u011fu bildirilib. M\u00fcqavim\u0259t xarici v\u0259 daxili c\u0259bh\u0259 \u00fc\u00e7\u00fcn n\u0259z\u0259rd\u0259 tutulub.<\/p>\n<p>M\u00f6vzuyla ba\u011fl\u0131\u00a0<a href=\"https:\/\/kaspi.az\/az\/ders-cixartmaa-telesmeyenler-tehlil?fbclid=IwAR02kf-iy_JJRqaG7Ylzn_R3Gsn6Xgk_Sm8QngCA2HEhnZ1bBLpqtUSHcCo\" target=\"_blank\" rel=\"noopener\"><strong>\u201cKaspi\u201d<\/strong><\/a>\u00a0q\u0259zetinin m\u0259qal\u0259sini t\u0259qdim edirik.<\/p>\n<p>G\u00f6r\u00fcn\u0259n odur ki, erm\u0259ni xalq\u0131 d\u00fc\u015fd\u00fcy\u00fc ac\u0131nacaql\u0131 durumu h\u0259l\u0259 d\u0259 anlamaq ist\u0259mir. Minl\u0259rl\u0259 itki, m\u00fchacir\u0259t, iqtisadi probleml\u0259r i\u00e7ind\u0259 \u00e7abalayan xalq h\u0259l\u0259 d\u0259 az\u0259rbaycanofobiya, t\u00fcrkofobiya x\u0259st\u0259l\u0259yind\u0259n qurtula bilmir. 30 il onlara yalan, \u201cm\u0259\u011flubedilm\u0259z d\u00f6vl\u0259t\u201d kimi x\u00fclyalar a\u015f\u0131layan liderl\u0259rin\u0259 qulaq asmaqda davam edir. Daxill\u0259rind\u0259ki kin v\u0259 xisl\u0259ti atmaq \u0259v\u0259zin\u0259 yeni m\u00fcharib\u0259d\u0259n d\u0259m vurur, indiki hakimiyy\u0259ti b\u00fct\u00fcn b\u0259lalar\u0131n baiskar\u0131 kimi g\u00f6rm\u0259y\u0259 \u00fcst\u00fcnl\u00fck verirl\u0259r. H\u0259min t\u0259b\u0259q\u0259 anlamaq ist\u0259mir ki, Az\u0259rbaycan\u0131 t\u0259hdid etm\u0259kd\u0259 davam ets\u0259l\u0259r, bu d\u0259f\u0259 onlar \u00fc\u00e7\u00fcn olduqca a\u011f\u0131r n\u0259tic\u0259l\u0259r ola bil\u0259r. Az\u0259rbaycan r\u0259hb\u0259rliyinin ismar\u0131clar\u0131, x\u0259b\u0259rdarl\u0131qlar\u0131ndan d\u0259rs \u00e7\u0131xartmaq \u0259v\u0259zin\u0259, yenid\u0259n torpaqlar\u0131 geri qaytarma\u011f\u0131 d\u00fc\u015f\u00fcnm\u0259y\u0259 a\u011f\u0131ls\u0131zl\u0131qdan ba\u015fqa ad verm\u0259k olmur.<\/p>\n<div id=\"AdviadNativeVideo0\" class=\"AdviadNativeVideo\"><\/div>\n<p>Az\u0259rbaycan\u00a0Z\u0259f\u0259rinin ild\u00f6n\u00fcm\u00fc \u0259r\u0259f\u0259sind\u0259 \u0130r\u0259vanda siyasi partiyalar\u0131n i\u015ftirak\u0131 il\u0259 apar\u0131lan m\u00fczakir\u0259nin ad\u0131na n\u0259z\u0259r salanda erm\u0259ni m\u00fcxalif\u0259tinin h\u0259l\u0259 d\u0259 \u00f6t\u0259n \u0259srin 90-c\u0131 ill\u0259rind\u0259ki eyforiyan\u0131n t\u0259siri alt\u0131nda oldu\u011funun \u015fahidi oluruq. Ke\u00e7irdikl\u0259ri t\u0259dbirin ad\u0131 bel\u0259 adamda g\u00fcl\u00fc\u015f do\u011furur \u2013 \u201c\u0130tirilmi\u015f q\u0259l\u0259b\u0259: x\u0259yan\u0259t, yoxsa savads\u0131zl\u0131q?\u201d. Ad\u0131ndan da g\u00f6r\u00fcnd\u00fcy\u00fc kimi, m\u0259\u011flubiyy\u0259tl\u0259rinin s\u0259b\u0259bini h\u0259l\u0259 d\u0259 anlamaq ist\u0259mirl\u0259r. Y\u0259ni h\u0259l\u0259 d\u0259 el\u0259 d\u00fc\u015f\u00fcn\u00fcrl\u0259r ki, onlar q\u0259l\u0259b\u0259 qazanmal\u0131 imi\u015fl\u0259r, kiml\u0259rs\u0259, n\u0259l\u0259rs\u0259 buna mane olub. Bir il \u0259vv\u0259l a\u00e7\u0131q \u015f\u0259kild\u0259 Rusiyada, Vladimir Putind\u0259 g\u00fcnah axtaran erm\u0259nil\u0259r indi d\u0259 \u201cBayraktar\u201d\u0131 ittiham edirl\u0259r. Bir erm\u0259ni ortaya \u00e7\u0131x\u0131b m\u0259\u011flubiyy\u0259tin s\u0259b\u0259bini y\u00fcz ild\u0259n \u00e7oxdur apard\u0131qlar\u0131 m\u0259nas\u0131z, z\u0259r\u0259rli, i\u015f\u011fal\u00e7\u0131, mifl\u0259rl\u0259 dolu davran\u0131\u015f v\u0259 siyas\u0259tl\u0259rind\u0259 oldu\u011funu demir.<\/p>\n<p>Bir ne\u00e7\u0259 g\u00fcnd\u00fcr ki, parlament m\u00fcxalif\u0259ti 44 g\u00fcnl\u00fck m\u00fcharib\u0259 il\u0259 ba\u011fl\u0131 komissiyan\u0131n yarad\u0131lmas\u0131 t\u0259klifi il\u0259 \u00e7\u0131x\u0131\u015f edir. M\u00fcxalif\u0259tin bu yolla Pa\u015finyan\u0131n m\u00f6vqel\u0259rini z\u0259ifl\u0259tm\u0259y\u0259 \u00e7al\u0131\u015fd\u0131\u011f\u0131 b\u0259llidir. Ba\u015f nazir d\u0259 bel\u0259 bir komissiyan\u0131n yarad\u0131lmas\u0131na etiraz etmir, \u0259ks halda m\u0259\u011flubiyy\u0259t\u0259 g\u00f6r\u0259 m\u0259suliyy\u0259tin tamam\u0259n \u00f6z \u00fcz\u0259rind\u0259 oldu\u011funa raz\u0131la\u015fard\u0131. Ancaq Pa\u015finyan v\u0259 onun parlamentd\u0259ki t\u0259r\u0259fdarlar\u0131n\u0131n komissiyan\u0131n f\u0259aliyy\u0259ti il\u0259 ba\u011fl\u0131 \u00f6n\u0259mli \u0259lav\u0259l\u0259ri var. Onlar dig\u0259r prezidentl\u0259rin d\u00f6vr\u00fcn\u00fcn d\u0259 ara\u015fd\u0131r\u0131lmas\u0131n\u0131 ist\u0259yirl\u0259r. S\u00f6zs\u00fcz ki, Pa\u015finyan komissiyan\u0131n yarad\u0131lmas\u0131na raz\u0131l\u0131q verm\u0259kl\u0259 hiyl\u0259g\u0259r gedi\u015f edib. H\u0259r k\u0259s d\u0259 bilir ki, Erm\u0259nistan\u0131n b\u0259lalar\u0131 Pa\u015finyan\u0131n hakimiyy\u0259t\u0259 g\u0259li\u015find\u0259n \u0259vv\u0259l ba\u015flay\u0131b. \u0130ndiki m\u00fcxalif\u0259tin liderl\u0259ri Robert K\u00f6\u00e7\u0259ryan v\u0259 Serj S\u0259rkisyan Qaraba\u011f dan\u0131\u015f\u0131qlar\u0131n\u0131 b\u00f6hrana sald\u0131lar, orduda yeyinti v\u0259 \u00f6zba\u015f\u0131nal\u0131q h\u00f6km s\u00fcr\u00fcrd\u00fc. Y\u0259ni Pa\u015finyan dem\u0259k ist\u0259yib ki, m\u00fcharib\u0259d\u0259ki m\u0259\u011flubiyy\u0259t\u0259 g\u00f6r\u0259 m\u0259ni ittiham ed\u0259nl\u0259r g\u00fczg\u00fcy\u0259 baxs\u0131nlar.<\/p>\n<p>Siyasi texnoloq Vigen Akopyan d\u0259 hesab edir ki, komissiya 44 g\u00fcnl\u00fck m\u00fcharib\u0259nin b\u00fct\u00fcn g\u00fcnah\u0131n\u0131 \u0259vv\u0259lki hakimiyy\u0259tin \u00fcz\u0259rin\u0259 y\u0131xacaq. \u201cNikol Pa\u015finyan da bunu d\u0259qiq m\u00fc\u0259yy\u0259n edib. Pa\u015finyan dey\u0259nd\u0259 ki, 30 il \u0259rzind\u0259 ba\u015f ver\u0259nl\u0259r t\u0259dqiq olunacaq, h\u0259r \u015fey anla\u015f\u0131l\u0131r. \u201cK\u00f6hn\u0259l\u0259r\u201ddir g\u00fcnahkar v\u0259 onlar\u0131n d\u00f6vr\u00fcnd\u0259 ordu, iqtisadiyyat m\u0259hv edilib, korrupsiya \u00e7i\u00e7\u0259kl\u0259nib\u201d, &#8211; dey\u0259 Akopyan bildirib. Bel\u0259likl\u0259, Pa\u015finyan\u0131n parlamentd\u0259 yarad\u0131lacaq komissiyan\u0131n f\u0259aliyy\u0259tini Qaraba\u011f klan\u0131 v\u0259 orduya r\u0259hb\u0259rlik ed\u0259n generallara qar\u015f\u0131 y\u00f6n\u0259ld\u0259c\u0259yi ayd\u0131nd\u0131r. Nikol Pa\u015finyan komissiyan\u0131n t\u0259rkibin\u0259 \u0259m\u0259kda\u015fl\u0131q etdiyi parlamentd\u0259nk\u0259nar m\u00fcxalif\u0259t t\u0259msil\u00e7il\u0259rini d\u0259 salmaq ist\u0259yir. Bu amil d\u0259 komissiyan\u0131n g\u0259l\u0259c\u0259k q\u0259rar\u0131n\u0131n Qaraba\u011f klan\u0131na qar\u015f\u0131 tu\u015flanmas\u0131 m\u0259qs\u0259di da\u015f\u0131y\u0131r. Bu hesabla, parlament komissiyas\u0131n\u0131n yarad\u0131lmas\u0131 prosesi v\u0259 m\u00fczakir\u0259l\u0259ri n\u00f6vb\u0259ti m\u0259rh\u0259l\u0259d\u0259 Erm\u0259nistan\u0131 xeyli \u00e7alxalayacaq.<\/p>\n<p>Yeri g\u0259lmi\u015fk\u0259n, bir ne\u00e7\u0259 g\u00fcn \u0259vv\u0259l ke\u00e7mi\u015f prezident\u00a0Robert K\u00f6\u00e7\u0259ryan\u0131n himay\u0259lik etdiyi m\u00fcxalif \u201cHayastan&#8221; blokunun mitinqind\u0259 &#8220;\u00fcmummilli m\u00fcqavim\u0259t prosesi&#8221; formala\u015fd\u0131r\u0131ld\u0131\u011f\u0131 elan edilib. Erm\u0259nistan parlamentinin s\u0259dr m\u00fcavini, \u201cHayastan&#8221; fraksiyas\u0131n\u0131n \u00fczv\u00fc \u0130\u015fxan Saqatelyan b\u0259yan edib ki, Erm\u0259nistan\u0131n t\u00fcrkl\u0259\u015fm\u0259sin\u0259 v\u0259 yeni kapitulyasiyaya yol verm\u0259y\u0259c\u0259k milli m\u00fcqavim\u0259t h\u0259r\u0259kat\u0131n\u0131n \u0259sas\u0131n\u0131 qoyurlar v\u0259 m\u00fcqavim\u0259t prosesi iki &#8211; xarici v\u0259 daxili c\u0259bh\u0259d\u0259 yeridil\u0259c\u0259k. \u201cXarici c\u0259bh\u0259d\u0259 b\u00fct\u00fcn d\u00fcnyaya, x\u00fcsusil\u0259 d\u00fc\u015fm\u0259nl\u0259rimiz\u0259 g\u00f6st\u0259rm\u0259li v\u0259 isbat etm\u0259liyik ki, Nikol erm\u0259ni xalq\u0131n\u0131n \u00fcmumil\u0259\u015fdirilmi\u015f obraz\u0131 deyil v\u0259 ona \u00f6lk\u0259ni yeni g\u00fcz\u0259\u015ftl\u0259r\u0259 aparmaq mandat\u0131 verilm\u0259yib. Bu hakimiyy\u0259t t\u0259r\u0259find\u0259n imzalanm\u0131\u015f h\u0259r hans\u0131 anti-erm\u0259ni s\u0259n\u0259d bizim \u00fc\u00e7\u00fcn q\u0259buledilm\u0259z olacaq\u201d, &#8211; Saqatelyan deyib. M\u00fcxalif\u0259t daxili h\u0259yatda \u201cd\u00f6vl\u0259t\u00e7ilik v\u0259 \u00f6lk\u0259 \u00fc\u00e7\u00fcn b\u00fct\u00fcn da\u011f\u0131d\u0131c\u0131\u201d hallara qar\u015f\u0131 m\u00fcqavim\u0259t g\u00f6st\u0259rm\u0259y\u0259 \u00e7a\u011f\u0131r\u0131r. \u018fn maraql\u0131 qiym\u0259ti is\u0259 politoloq Beniamin Matevosyan verib. Bildirib ki, \u00f6lk\u0259d\u0259ki m\u00f6vcud durum qeyri-standart v\u0259ziyy\u0259t\u0259 ox\u015fay\u0131r, c\u0259miyy\u0259td\u0259 is\u0259 siyasi apatiya g\u00f6r\u00fcn\u00fcr.<\/p>\n<p>M\u00fcxalif\u0259t art\u0131q \u201cErm\u0259nistan\u0131n xilas\u0131 namin\u0259 v\u0259t\u0259nda\u015flar\u0131n m\u00fcqavim\u0259t h\u0259r\u0259kat\u0131na\u201d yaz\u0131lmas\u0131 \u00fc\u00e7\u00fcn Yerevanda bir ne\u00e7\u0259 informasiya m\u0259nt\u0259q\u0259l\u0259ri a\u00e7\u0131b, yax\u0131n g\u00fcnl\u0259rd\u0259 rayonlarda da bel\u0259 m\u0259nt\u0259q\u0259l\u0259rin a\u00e7\u0131laca\u011f\u0131 n\u0259z\u0259rd\u0259 tutulur.<\/p>\n<p>Sarkisyan v\u0259 K\u00f6\u00e7\u0259ryan\u0131n n\u0259zar\u0259tind\u0259 olmayan b\u0259zi m\u00fcxalif q\u00fcvv\u0259l\u0259r\u00a0mitinqd\u0259 i\u015ftirak ed\u0259c\u0259kl\u0259rini bildirs\u0259l\u0259r d\u0259, onlar\u0131 g\u00f6rm\u0259k m\u00fcmk\u00fcn olmay\u0131b. Aksiyada bildiribl\u0259r ki, hakimiyy\u0259t onlar\u0131n q\u0259l\u0259b\u0259l\u0259r v\u0259 bayram g\u00fcnl\u0259rini al\u0131b, \u0259v\u0259zind\u0259 mat\u0259m, t\u0259hqir, k\u0259d\u0259r g\u00fcnl\u0259ri b\u0259x\u015f etdi: \u201cM\u0259\u011flubiyy\u0259t partiyas\u0131 \u0259min-amanl\u0131q v\u0259 inki\u015faf g\u0259tir\u0259 bilm\u0259z, m\u0259\u011flubiyy\u0259t simvolu olan hakimiyy\u0259t \u00f6lk\u0259 maraqlar\u0131n\u0131n layiqli t\u0259msil\u00e7isi ola bilm\u0259z. \u00d6z \u015f\u0259xsi maraqlar\u0131 v\u0259 v\u0259zif\u0259 namin\u0259 minl\u0259rl\u0259 insan\u0131 \u00f6l\u00fcm\u0259 g\u00f6nd\u0259r\u0259n insan d\u00f6vl\u0259timiz\u0259 r\u0259hb\u0259rlik ed\u0259 bilm\u0259z\u201d.<\/p>\n","protected":false},"excerpt":{"rendered":"<p>Erm\u0259nistanda revan\u015fist q\u00fcvv\u0259l\u0259rin mitinqind\u0259 &#8220;\u00fcmummilli m\u00fcqavim\u0259t prosesi&#8221; formala\u015fd\u0131r\u0131ld\u0131\u011f\u0131\u00a0elan edilib, milli m\u00fcqavim\u0259t h\u0259r\u0259kat\u0131n\u0131n \u0259sas\u0131n\u0131n qoyuldu\u011fu bildirilib. M\u00fcqavim\u0259t xarici v\u0259 daxili c\u0259bh\u0259 \u00fc\u00e7\u00fcn n\u0259z\u0259rd\u0259 tutulub. M\u00f6vzuyla ba\u011fl\u0131\u00a0\u201cKaspi\u201d\u00a0q\u0259zetinin m\u0259qal\u0259sini t\u0259qdim edirik. G\u00f6r\u00fcn\u0259n odur ki, erm\u0259ni xalq\u0131 d\u00fc\u015fd\u00fcy\u00fc ac\u0131nacaql\u0131 durumu h\u0259l\u0259 d\u0259 anlamaq ist\u0259mir. Minl\u0259rl\u0259 itki, m\u00fchacir\u0259t, iqtisadi probleml\u0259r i\u00e7ind\u0259 \u00e7abalayan xalq h\u0259l\u0259 d\u0259 az\u0259rbaycanofobiya, t\u00fcrkofobiya x\u0259st\u0259l\u0259yind\u0259n qurtula bilmir. 30 il onlara yalan, \u201cm\u0259\u011flubedilm\u0259z d\u00f6vl\u0259t\u201d kimi x\u00fclyalar a\u015f\u0131layan liderl\u0259rin\u0259 qulaq asmaqda davam edir. Daxill\u0259rind\u0259ki kin v\u0259 xisl\u0259ti atmaq \u0259v\u0259zin\u0259 yeni m\u00fcharib\u0259d\u0259n d\u0259m vurur, indiki hakimiyy\u0259ti b\u00fct\u00fcn b\u0259lalar\u0131n baiskar\u0131 kimi g\u00f6rm\u0259y\u0259 \u00fcst\u00fcnl\u00fck verirl\u0259r. H\u0259min t\u0259b\u0259q\u0259&hellip;<\/p>\n","protected":false},"author":2,"featured_media":403740,"comment_status":"closed","ping_status":"closed","sticky":false,"template":"","format":"standard","meta":{"om_disable_all_campaigns":false,"_monsterinsights_skip_tracking":false,"_monsterinsights_sitenote_active":false,"_monsterinsights_sitenote_note":"","_monsterinsights_sitenote_category":0},"categories":[4],"tags":[],"aioseo_notices":[],"gutentor_comment":0,"rttpg_featured_image_url":{"full":["https:\/\/arantv.az\/wp-content\/uploads\/2021\/11\/ders.jpg",620,347,false],"landscape":["https:\/\/arantv.az\/wp-content\/uploads\/2021\/11\/ders.jpg",620,347,false],"portraits":["https:\/\/arantv.az\/wp-content\/uploads\/2021\/11\/ders.jpg",620,347,false],"thumbnail":["https:\/\/arantv.az\/wp-content\/uploads\/2021\/11\/ders-500x280.jpg",500,280,true],"medium":["https:\/\/arantv.az\/wp-content\/uploads\/2021\/11\/ders.jpg",620,347,false],"large":["https:\/\/arantv.az\/wp-content\/uploads\/2021\/11\/ders.jpg",620,347,false],"1536x1536":["https:\/\/arantv.az\/wp-content\/uploads\/2021\/11\/ders.jpg",620,347,false],"2048x2048":["https:\/\/arantv.az\/wp-content\/uploads\/2021\/11\/ders.jpg",620,347,false],"post-thumbnail":["https:\/\/arantv.az\/wp-content\/uploads\/2021\/11\/ders-240x172.jpg",240,172,true],"advps-thumb-one":["https:\/\/arantv.az\/wp-content\/uploads\/2021\/11\/ders.jpg",620,347,false]},"rttpg_author":{"display_name":"V\u00fcsal Rafiqo\u011flu","author_link":"https:\/\/arantv.az\/?author=2"},"rttpg_comment":0,"rttpg_category":"<a href=\"https:\/\/arantv.az\/?cat=4\" rel=\"category\">Siyas\u0259t<\/a>","rttpg_excerpt":"Erm\u0259nistanda revan\u015fist q\u00fcvv\u0259l\u0259rin mitinqind\u0259 &#8220;\u00fcmummilli m\u00fcqavim\u0259t prosesi&#8221; formala\u015fd\u0131r\u0131ld\u0131\u011f\u0131\u00a0elan edilib, milli m\u00fcqavim\u0259t h\u0259r\u0259kat\u0131n\u0131n \u0259sas\u0131n\u0131n qoyuldu\u011fu bildirilib. M\u00fcqavim\u0259t xarici v\u0259 daxili c\u0259bh\u0259 \u00fc\u00e7\u00fcn n\u0259z\u0259rd\u0259 tutulub. M\u00f6vzuyla ba\u011fl\u0131\u00a0\u201cKaspi\u201d\u00a0q\u0259zetinin m\u0259qal\u0259sini t\u0259qdim edirik. G\u00f6r\u00fcn\u0259n odur ki, erm\u0259ni xalq\u0131 d\u00fc\u015fd\u00fcy\u00fc ac\u0131nacaql\u0131 durumu h\u0259l\u0259 d\u0259 anlamaq ist\u0259mir. Minl\u0259rl\u0259 itki, m\u00fchacir\u0259t, iqtisadi probleml\u0259r i\u00e7ind\u0259 \u00e7abalayan xalq h\u0259l\u0259 d\u0259 az\u0259rbaycanofobiya, t\u00fcrkofobiya x\u0259st\u0259l\u0259yind\u0259n qurtula bilmir.&hellip;","_links":{"self":[{"href":"https:\/\/arantv.az\/index.php?rest_route=\/wp\/v2\/posts\/403739"}],"collection":[{"href":"https:\/\/arantv.az\/index.php?rest_route=\/wp\/v2\/posts"}],"about":[{"href":"https:\/\/arantv.az\/index.php?rest_route=\/wp\/v2\/types\/post"}],"author":[{"embeddable":true,"href":"https:\/\/arantv.az\/index.php?rest_route=\/wp\/v2\/users\/2"}],"replies":[{"embeddable":true,"href":"https:\/\/arantv.az\/index.php?rest_route=%2Fwp%2Fv2%2Fcomments&post=403739"}],"version-history":[{"count":0,"href":"https:\/\/arantv.az\/index.php?rest_route=\/wp\/v2\/posts\/403739\/revisions"}],"wp:featuredmedia":[{"embeddable":true,"href":"https:\/\/arantv.az\/index.php?rest_route=\/wp\/v2\/media\/403740"}],"wp:attachment":[{"href":"https:\/\/arantv.az\/index.php?rest_route=%2Fwp%2Fv2%2Fmedia&parent=403739"}],"wp:term":[{"taxonomy":"category","embeddable":true,"href":"https:\/\/arantv.az\/index.php?rest_route=%2Fwp%2Fv2%2Fcategories&post=403739"},{"taxonomy":"post_tag","embeddable":true,"href":"https:\/\/arantv.az\/index.php?rest_route=%2Fwp%2Fv2%2Ftags&post=403739"}],"curies":[{"name":"wp","href":"https:\/\/api.w.org\/{rel}","templated":true}]}}