{"id":403751,"date":"2021-11-13T18:42:19","date_gmt":"2021-11-13T15:42:19","guid":{"rendered":"http:\/\/arantv.az\/?p=403751"},"modified":"2021-11-13T18:42:19","modified_gmt":"2021-11-13T15:42:19","slug":"ilham-%c9%99liyev-turk-dunyasina-misilsiz-xidm%c9%99tl%c9%99r-ver%c9%99n-liderdir-movqe","status":"publish","type":"post","link":"https:\/\/arantv.az\/?p=403751","title":{"rendered":"\u0130lham \u018fliyev T\u00fcrk d\u00fcnyas\u0131na misilsiz xidm\u0259tl\u0259r ver\u0259n liderdir &#8211; M\u00d6VQE"},"content":{"rendered":"<p>\u201cPrezident \u0130lham \u018fliyevin r\u0259hbr\u0259liyi il\u0259 Az\u0259rbaycan\u0131n \u0259ld\u0259 etdiyi u\u011furlar beyn\u0259lxalq birlik t\u0259r\u0259find\u0259n t\u0259qdirl\u0259 qar\u015f\u0131lan\u0131r. Bu bax\u0131mdan noyabr\u0131n 12-d\u0259 \u0130stanbulda ke\u00e7iril\u0259n T\u00fcrk \u015euras\u0131n\u0131n VIII Zirv\u0259 G\u00f6r\u00fc\u015f\u00fcnd\u0259 c\u0259r\u0259yan ed\u0259nl\u0259r d\u0259 x\u00fcsusi \u00f6n\u0259m k\u0259sb edir\u201d.<\/p>\n<p>Bunu Oxu.Az-a a\u00e7\u0131qlamas\u0131nda Milli M\u0259clisin deputat\u0131 V\u00fcqar \u0130sk\u0259nd\u0259rov deyib.<\/p>\n<p>Deputat bildirib ki, T\u00fcrk \u015euras\u0131n\u0131n zirv\u0259 g\u00fcr\u00fc\u015f\u00fcnd\u0259 Az\u0259rbaycan Prezidenti \u0130lham \u018fliyevin \u201cT\u00fcrk D\u00fcnyas\u0131n\u0131n Ali Ordeni\u201d il\u0259 t\u0259ltif olunmas\u0131 m\u00fch\u00fcm \u0259h\u0259miyy\u0259t k\u0259sb ed\u0259n bir hadis\u0259dir:<\/p>\n<p>\u201cH\u0259min zirv\u0259 g\u00f6r\u00fc\u015f\u00fcnd\u0259 bu Ali Orden c\u0259nab Prezident\u0259 t\u0259qdim edildi. Qeyd edim ki, Prezident \u0130lham \u018fliyevin T\u00fcrk d\u00fcnyas\u0131n\u0131n ali m\u00fckafat\u0131 il\u0259 t\u0259ltif edilm\u0259si Az\u0259rbaycan Prezidentinin b\u00f6y\u00fck \u015f\u0259xsiyy\u0259tin\u0259, T\u00fcrk d\u00fcnyas\u0131nda liderliyin\u0259, beyn\u0259lxalq miqyasda v\u0259 t\u00fcrkdilli d\u00f6vl\u0259tl\u0259r aras\u0131nda olan y\u00fcks\u0259k n\u00fcfuzuna d\u0259lal\u0259t edir.<\/p>\n<p>Q\u0131sas\u0131, Az\u0259rbaycan \u00f6z \u0259razil\u0259rini i\u015f\u011faldan azad etm\u0259si t\u00fcrk birliyin\u0259 m\u00fch\u00fcm t\u00f6hf\u0259 verdi. Ali Orden Prezidentin b\u00f6lg\u0259d\u0259 davaml\u0131 s\u00fclh v\u0259 sabitliyin \u0259ld\u0259 olunmas\u0131na yol a\u00e7an tarixi q\u0259l\u0259b\u0259nin \u0259ld\u0259 olunmas\u0131ndak\u0131 misilsiz xidm\u0259tl\u0259rin\u0259 veril\u0259n layiqli qiym\u0259tdir\u201d, &#8211; dey\u0259 V.\u0130sk\u0259nd\u0259rov \u0259lav\u0259 edib.<\/p>\n<p>Onun s\u00f6zl\u0259rin\u0259 g\u00f6r\u0259, Az\u0259rbaycan 44 g\u00fcnl\u00fck m\u00fcharib\u0259d\u0259 Erm\u0259nistan \u00fcz\u0259rind\u0259 q\u0259l\u0259b\u0259 qazand\u0131qdan sonra t\u00fcrk d\u00fcnyas\u0131n\u0131n daha da s\u0131x birl\u0259\u015fm\u0259si \u00fc\u00e7\u00fcn z\u0259min yaran\u0131b.<\/p>\n<p>\u201cT\u00fcrkiy\u0259 Prezidenti R\u0259c\u0259b Tayyib \u018frdo\u011fan\u0131n t\u0259qdimetm\u0259 m\u0259rasimind\u0259 b\u0259yan etdiyi kimi, Prezident \u0130lham \u018fliyevin q\u0259tiyy\u0259tli r\u0259hb\u0259rliyi il\u0259 Qaraba\u011fda t\u0259xmin\u0259n otuz il davam ed\u0259n i\u015f\u011fala 44 g\u00fcn kimi q\u0131sa m\u00fcdd\u0259td\u0259 son qoyulub.<\/p>\n<p>Bu, t\u0259kc\u0259 Az\u0259rbaycan \u00fc\u00e7\u00fcn deyil, b\u00fct\u00fcn t\u00fcrk d\u00fcnyas\u0131 \u00fc\u00e7\u00fcn b\u00f6y\u00fck \u0259h\u0259miyy\u0259t da\u015f\u0131maqdad\u0131r. V\u0259t\u0259n m\u00fcharib\u0259si n\u0259tic\u0259sind\u0259 ill\u0259rdir icra olunmayan BMT T\u0259hl\u00fck\u0259sizlik \u015euras\u0131n\u0131n q\u0259tnam\u0259l\u0259ri h\u0259yata ke\u00e7irilib. Az\u0259rbaycan bu yolla beyn\u0259lxalq ictimaiyy\u0259tin yadda\u015f\u0131na \u0259dal\u0259t mesaj\u0131n\u0131 h\u0259kk edib. Az\u0259rbaycan\u0131n \u0259razi b\u00fct\u00f6vl\u00fcy\u00fcn\u00fc yenid\u0259n t\u0259min etm\u0259si t\u00fcrk d\u00fcnyas\u0131n\u0131n birliyini v\u0259 b\u0259rab\u0259rliyini geni\u015fl\u0259ndirib. Qaraba\u011f\u0131n azadl\u0131\u011f\u0131n\u0131n r\u0259mzi olan \u201cXar\u0131b\u00fclb\u00fcl\u201d t\u00fcrk d\u00fcnyas\u0131 \u00fc\u00e7\u00fcn Z\u0259f\u0259rin m\u00fcjd\u0259\u00e7isi olub. Bir s\u00f6zl\u0259, T\u00fcrkiy\u0259 Prezidentinin d\u0259 b\u0259yan etdiyi kimi Qaraba\u011f Z\u0259f\u0259ri il\u0259 t\u0259kc\u0259 i\u015f\u011fal alt\u0131ndak\u0131 torpaqlar azad edilm\u0259yib, eyni zamanda, b\u00f6lg\u0259mizd\u0259 h\u0259sr\u0259tini \u00e7\u0259kdiyimiz davaml\u0131 s\u00fclh, sabitlik v\u0259 \u0259m\u0259kda\u015fl\u0131\u011fa ged\u0259n yolun da \u00f6n\u00fc a\u00e7\u0131l\u0131b\u201d.<\/p>\n<p>V.\u0130sk\u0259nd\u0259rov qeyd edib ki, Az\u0259rbaycan\u0131n d\u00f6vl\u0259t ba\u015f\u00e7\u0131s\u0131 eyni zamanda T\u00fcrk d\u00fcnyas\u0131nda uzaqg\u00f6r\u0259n, m\u0259qs\u0259dy\u00f6nl\u00fc, prinsipial lider kimi \u015f\u00f6hr\u0259t qazan\u0131b.<\/p>\n<p>Deputat\u0131n s\u00f6zl\u0259rin\u0259 g\u00f6r\u0259, b\u00fct\u00fcn bunlar bir daha onu dem\u0259y\u0259 \u0259sas verir ki, Prezident \u0130lham \u018fliyev t\u00fcrkdilli d\u00f6vl\u0259tl\u0259r aras\u0131nda co\u011frafi ba\u011fl\u0131l\u0131\u011f\u0131n b\u0259rpa edilm\u0259sin\u0259, b\u00fct\u00fcn T\u00fcrk d\u00fcnyas\u0131n\u0131n birlik arzusunun reall\u0131\u011fa \u00e7evrilm\u0259sin\u0259 misilsiz t\u00f6hf\u0259l\u0259r ver\u0259n liderdir.<\/p>\n","protected":false},"excerpt":{"rendered":"<p>\u201cPrezident \u0130lham \u018fliyevin r\u0259hbr\u0259liyi il\u0259 Az\u0259rbaycan\u0131n \u0259ld\u0259 etdiyi u\u011furlar beyn\u0259lxalq birlik t\u0259r\u0259find\u0259n t\u0259qdirl\u0259 qar\u015f\u0131lan\u0131r. Bu bax\u0131mdan noyabr\u0131n 12-d\u0259 \u0130stanbulda ke\u00e7iril\u0259n T\u00fcrk \u015euras\u0131n\u0131n VIII Zirv\u0259 G\u00f6r\u00fc\u015f\u00fcnd\u0259 c\u0259r\u0259yan ed\u0259nl\u0259r d\u0259 x\u00fcsusi \u00f6n\u0259m k\u0259sb edir\u201d. Bunu Oxu.Az-a a\u00e7\u0131qlamas\u0131nda Milli M\u0259clisin deputat\u0131 V\u00fcqar \u0130sk\u0259nd\u0259rov deyib. Deputat bildirib ki, T\u00fcrk \u015euras\u0131n\u0131n zirv\u0259 g\u00fcr\u00fc\u015f\u00fcnd\u0259 Az\u0259rbaycan Prezidenti \u0130lham \u018fliyevin \u201cT\u00fcrk D\u00fcnyas\u0131n\u0131n Ali Ordeni\u201d il\u0259 t\u0259ltif olunmas\u0131 m\u00fch\u00fcm \u0259h\u0259miyy\u0259t k\u0259sb ed\u0259n bir hadis\u0259dir: \u201cH\u0259min zirv\u0259 g\u00f6r\u00fc\u015f\u00fcnd\u0259 bu Ali Orden c\u0259nab Prezident\u0259 t\u0259qdim edildi. Qeyd edim ki, Prezident \u0130lham \u018fliyevin T\u00fcrk d\u00fcnyas\u0131n\u0131n ali m\u00fckafat\u0131 il\u0259 t\u0259ltif edilm\u0259si Az\u0259rbaycan Prezidentinin&hellip;<\/p>\n","protected":false},"author":2,"featured_media":403752,"comment_status":"closed","ping_status":"closed","sticky":false,"template":"","format":"standard","meta":{"om_disable_all_campaigns":false,"_monsterinsights_skip_tracking":false,"_monsterinsights_sitenote_active":false,"_monsterinsights_sitenote_note":"","_monsterinsights_sitenote_category":0},"categories":[4],"tags":[],"aioseo_notices":[],"gutentor_comment":0,"rttpg_featured_image_url":{"full":["https:\/\/arantv.az\/wp-content\/uploads\/2021\/11\/1636735577115973579_1000x669.jpg",620,367,false],"landscape":["https:\/\/arantv.az\/wp-content\/uploads\/2021\/11\/1636735577115973579_1000x669.jpg",620,367,false],"portraits":["https:\/\/arantv.az\/wp-content\/uploads\/2021\/11\/1636735577115973579_1000x669.jpg",620,367,false],"thumbnail":["https:\/\/arantv.az\/wp-content\/uploads\/2021\/11\/1636735577115973579_1000x669-500x280.jpg",500,280,true],"medium":["https:\/\/arantv.az\/wp-content\/uploads\/2021\/11\/1636735577115973579_1000x669-617x365.jpg",617,365,true],"large":["https:\/\/arantv.az\/wp-content\/uploads\/2021\/11\/1636735577115973579_1000x669.jpg",620,367,false],"1536x1536":["https:\/\/arantv.az\/wp-content\/uploads\/2021\/11\/1636735577115973579_1000x669.jpg",620,367,false],"2048x2048":["https:\/\/arantv.az\/wp-content\/uploads\/2021\/11\/1636735577115973579_1000x669.jpg",620,367,false],"post-thumbnail":["https:\/\/arantv.az\/wp-content\/uploads\/2021\/11\/1636735577115973579_1000x669-240x172.jpg",240,172,true],"advps-thumb-one":["https:\/\/arantv.az\/wp-content\/uploads\/2021\/11\/1636735577115973579_1000x669.jpg",620,367,false]},"rttpg_author":{"display_name":"V\u00fcsal Rafiqo\u011flu","author_link":"https:\/\/arantv.az\/?author=2"},"rttpg_comment":0,"rttpg_category":"<a href=\"https:\/\/arantv.az\/?cat=4\" rel=\"category\">Siyas\u0259t<\/a>","rttpg_excerpt":"\u201cPrezident \u0130lham \u018fliyevin r\u0259hbr\u0259liyi il\u0259 Az\u0259rbaycan\u0131n \u0259ld\u0259 etdiyi u\u011furlar beyn\u0259lxalq birlik t\u0259r\u0259find\u0259n t\u0259qdirl\u0259 qar\u015f\u0131lan\u0131r. Bu bax\u0131mdan noyabr\u0131n 12-d\u0259 \u0130stanbulda ke\u00e7iril\u0259n T\u00fcrk \u015euras\u0131n\u0131n VIII Zirv\u0259 G\u00f6r\u00fc\u015f\u00fcnd\u0259 c\u0259r\u0259yan ed\u0259nl\u0259r d\u0259 x\u00fcsusi \u00f6n\u0259m k\u0259sb edir\u201d. Bunu Oxu.Az-a a\u00e7\u0131qlamas\u0131nda Milli M\u0259clisin deputat\u0131 V\u00fcqar \u0130sk\u0259nd\u0259rov deyib. Deputat bildirib ki, T\u00fcrk \u015euras\u0131n\u0131n zirv\u0259 g\u00fcr\u00fc\u015f\u00fcnd\u0259 Az\u0259rbaycan Prezidenti \u0130lham \u018fliyevin \u201cT\u00fcrk D\u00fcnyas\u0131n\u0131n Ali&hellip;","_links":{"self":[{"href":"https:\/\/arantv.az\/index.php?rest_route=\/wp\/v2\/posts\/403751"}],"collection":[{"href":"https:\/\/arantv.az\/index.php?rest_route=\/wp\/v2\/posts"}],"about":[{"href":"https:\/\/arantv.az\/index.php?rest_route=\/wp\/v2\/types\/post"}],"author":[{"embeddable":true,"href":"https:\/\/arantv.az\/index.php?rest_route=\/wp\/v2\/users\/2"}],"replies":[{"embeddable":true,"href":"https:\/\/arantv.az\/index.php?rest_route=%2Fwp%2Fv2%2Fcomments&post=403751"}],"version-history":[{"count":0,"href":"https:\/\/arantv.az\/index.php?rest_route=\/wp\/v2\/posts\/403751\/revisions"}],"wp:featuredmedia":[{"embeddable":true,"href":"https:\/\/arantv.az\/index.php?rest_route=\/wp\/v2\/media\/403752"}],"wp:attachment":[{"href":"https:\/\/arantv.az\/index.php?rest_route=%2Fwp%2Fv2%2Fmedia&parent=403751"}],"wp:term":[{"taxonomy":"category","embeddable":true,"href":"https:\/\/arantv.az\/index.php?rest_route=%2Fwp%2Fv2%2Fcategories&post=403751"},{"taxonomy":"post_tag","embeddable":true,"href":"https:\/\/arantv.az\/index.php?rest_route=%2Fwp%2Fv2%2Ftags&post=403751"}],"curies":[{"name":"wp","href":"https:\/\/api.w.org\/{rel}","templated":true}]}}