{"id":403820,"date":"2021-11-13T19:12:46","date_gmt":"2021-11-13T16:12:46","guid":{"rendered":"http:\/\/arantv.az\/?p=403820"},"modified":"2021-11-13T19:12:46","modified_gmt":"2021-11-13T16:12:46","slug":"h%c9%99rbcil%c9%99rimiz%c9%99-qumbara-atan-erm%c9%99ni-erm%c9%99nistana-verildi-rusiya-sulhm%c9%99ramlilari-odla-oynayir","status":"publish","type":"post","link":"https:\/\/arantv.az\/?p=403820","title":{"rendered":"H\u0259rb\u00e7il\u0259rimiz\u0259 qumbara atan erm\u0259ni Erm\u0259nistana verildi: Rusiya s\u00fclhm\u0259raml\u0131lar\u0131 odla oynay\u0131r"},"content":{"rendered":"<blockquote><p><em><strong>Rusiyan\u0131n Qaraba\u011fda m\u00fcv\u0259q\u0259ti yerrl\u0259\u015fdirilmi\u015f s\u00fclhm\u0259raml\u0131lar\u0131 bu g\u00fcn saat 15.00-da Norayr Mirzoyan\u0131 Erm\u0259nistana t\u0259hvil veribl\u0259r.<\/strong><\/em><\/p><\/blockquote>\n<p>Bu g\u00fcn saat 07:12-d\u0259 Xank\u0259ndid\u0259n Xank\u0259ndi-La\u00e7\u0131n \u015fosse yolu il\u0259 48-MN-048 ER d\u00f6vl\u0259t qeydiyyat ni\u015fanl\u0131 &#8220;Mercedes Benz&#8221; markal\u0131 avtomobill\u0259 La\u00e7\u0131n \u015f\u0259h\u0259ri istiqam\u0259tind\u0259 h\u0259r\u0259k\u0259td\u0259 olan Erm\u0259nistan v\u0259t\u0259nda\u015f\u0131, 1975-ci il t\u0259v\u0259ll\u00fcdl\u00fc Norayr Mirzoyan terror akt\u0131n\u0131 ger\u00e7\u0259kl\u0259\u015fdirib.<\/p>\n<p>O, \u015eu\u015fa \u015f\u0259h\u0259rinin Da\u015falt\u0131 k\u0259ndinin yax\u0131nl\u0131\u011f\u0131nda xidm\u0259t aparan az\u0259rbaycanl\u0131 h\u0259rb\u00e7il\u0259rin v\u0259 rusiyal\u0131 s\u00fclhm\u0259raml\u0131lar\u0131n h\u0259yat\u0131n\u0131 t\u0259hl\u00fck\u0259y\u0259 atmaqla \u0259l qumbaras\u0131n\u0131 onlar t\u0259r\u0259f\u0259 at\u0131b.<\/p>\n<p>N\u0259tic\u0259d\u0259 3 az\u0259rbaycanl\u0131 h\u0259rb\u00e7i\u00a0 &#8211; \u00e7avu\u015f Hafiz N\u0259sibov v\u0259 daha iki n\u0259f\u0259r m\u00fcxt\u0259lif d\u0259r\u0259c\u0259li b\u0259d\u0259n x\u0259sar\u0259tl\u0259rri al\u0131blar.<\/p>\n<p>Erm\u0259nil\u0259r d\u0259rhal b\u0259yan etmi\u015fdil\u0259r ki, \u0259g\u0259r terror\u00e7u N.Mirzoyan Az\u0259rbaycana t\u0259hvil verl\u0259rs\u0259, onda Rusiyan\u0131n Erm\u0259nistandak\u0131 s\u0259firlyin\u0259, obyektl\u0259rin\u0259, habel\u0259 Qaraba\u011fdak\u0131 rusiyal\u0131 s\u00fclhm\u0259raml\u0131lara h\u00fccumlar olacaq.<\/p>\n<p>\u0130r\u0259vanda Rusiya s\u0259firliyinin binas\u0131 qar\u015f\u0131s\u0131nda erm\u0259ni radikallar\u0131n mitinq v\u0259 y\u00fcr\u00fc\u015f ke\u00e7irm\u0259l\u0259rini, ultramill\u0259t\u00e7il\u0259rin Rusiyan\u0131n \u00fcnvan\u0131na h\u0259d\u0259l\u0259r v\u0259 t\u0259hqirl\u0259r s\u00f6yl\u0259m\u0259l\u0259rini n\u0259z\u0259r\u0259 alsaq, ya\u015fananlar g\u00f6zl\u0259nil\u0259ndir.<\/p>\n<p>O da ayd\u0131nd\u0131r ki, Erm\u0259nistana t\u0259hvil verilmi\u015f N.Mirzoyan ya azadl\u0131qdaqalacaq, ya da \u00e7ox tezlikl\u0259 azadl\u0131\u011fa burax\u0131lacaq.<\/p>\n<p>Taricxi t\u0259cr\u00fcb\u0259, presedentl\u0259r bunu deyir.<\/p>\n<p>Beyn\u0259lxalq h\u00fcququn norma v\u0259 prinsipl\u0259rini, habel\u0259 \u00f6t\u0259n ilin noyabr\u0131n 10-da Rusiya, Az\u0259rbaycan v\u0259 Erm\u0259nistan aras\u0131nda imzalanm\u0131\u015f \u00fc\u00e7t\u0259r\u0259fli b\u0259yanat\u0131n \u015f\u0259rtl\u0259rini n\u0259z\u0259r\u0259 alsaq, \u015eu\u015fa yax\u0131nl\u0131\u0131\u011fnda az\u0259rbaycanl\u0131 h\u0259rb\u00e7il\u0259r\u0259 v\u0259 rusiyal\u0131 s\u00fclhm\u0259raml\u0131lara \u0259l qumbaras\u0131 atan adam yerind\u0259c\u0259 z\u0259r\u0259rsizl\u0259\u015fdirilm\u0259li, g\u00fcll\u0259l\u0259nm\u0259li idi.<\/p>\n<p>Divar dibin\u0259 apar\u0131lmal\u0131, g\u00fcll\u0259l\u0259nm\u0259li, ya da dar a\u011fac\u0131na \u00e7\u0259kilm\u0259li idi.<\/p>\n<p>Bu q\u0259d\u0259r b\u0259sit. V\u0259ss\u0259lam, problem h\u0259ll olunur.<\/p>\n<p>Az\u0259rbaycan \u0259razisind\u0259 az\u0259rbaycanl\u0131 h\u0259rb\u00e7il\u0259r\u0259, Az\u0259rbaycan v\u0259t\u0259nda\u015flar\u0131na, yaxud obyektl\u0259rimiz\u0259 h\u00fccum ed\u0259n ist\u0259nil\u0259n \u015f\u0259xs, \u015f\u0259xsl\u0259r, qrupla\u015fma v\u0259 ya t\u0259\u015fkilat m\u0259nsublar\u0131 yerind\u0259c\u0259, d\u0259rhal m\u0259hv olunmal\u0131d\u0131r.<\/p>\n<p>Hans\u0131 \u00f6lk\u0259nin v\u0259t\u0259nda\u015f\u0131 olmas\u0131 \u00f6n\u0259mli deyil.<\/p>\n<p>Erm\u0259nistanda da Rusiyal\u0131 s\u00fclhm\u0259raml\u0131lara, Rusiya v\u0259t\u0259nda\u015flar\u0131na v\u0259 ya obyektl\u0259rin\u0259 h\u00fccumlara c\u0259hd ed\u0259nl\u0259r d\u0259 fiziki m\u0259hv olunmal\u0131d\u0131r.<\/p>\n<p><img src=\"https:\/\/img.milli.az\/2021\/11\/13\/1636789570_246473846_420160146217837_8522318876737666412_n.jpg\" alt=\"\" \/><\/p>\n<p>Bel\u0259 b\u0259yanatlar verib \u00e7a\u011f\u0131r\u0131\u015flar ed\u0259n siyas\u0259t\u00e7i, yaxud t\u0259\u015fkilat liderl\u0259ri d\u0259 m\u0259hv edilm\u0259lidir.<\/p>\n<p>Vacib deyil &#8211; onlar\u0131n t\u0259hdidl\u0259ri v\u0259 ya \u00e7a\u011f\u0131r\u0131\u015flar\u0131 h\u0259yata ke\u00e7di, ya yox.<\/p>\n<p>\u018fks t\u0259qdird\u0259 \u00e7ox pis presedent yaran\u0131r.<\/p>\n<p>Norayr Mirzoyan indi Erm\u0259nistanda q\u0259hr\u0259man say\u0131l\u0131r. Erm\u0259nil\u0259r onun fotolar\u0131n\u0131 sosial \u015f\u0259b\u0259k\u0259l\u0259rd\u0259 payla\u015f\u0131r, \u0259m\u0259lini t\u0259krarlama\u011fa \u00e7a\u011f\u0131r\u0131rlar.<\/p>\n<p>Mirzoyan yerind\u0259c\u0259 g\u00fcll\u0259l\u0259ns\u0259ydi, rusiyal\u0131 s\u00fclhm\u0259raml\u0131lar onu Erm\u0259nistana t\u0259hvil verm\u0259k \u0259v\u0259zin\u0259 divar dibin\u0259 apar\u0131b m\u0259hv ets\u0259ydil\u0259r, &#8220;erm\u0259ni q\u0259hr\u0259man&#8221;\u0131n \u0259m\u0259lini t\u0259krarlamaq fikrin\u0259 d\u00fc\u015f\u0259c\u0259k h\u0259r hans\u0131 erm\u0259ni y\u00fcz d\u0259f\u0259 fikirl\u0259\u015f\u0259rdi.<\/p>\n<p>Ba\u015fqa he\u00e7 bir metod i\u015fl\u0259k deyil v\u0259 olmayacaq da.<\/p>\n<p>Rusiya bird\u0259f\u0259lik anlamal\u0131d\u0131r ki, Erm\u0259nistana hamilik etm\u0259k, erm\u0259nil\u0259r\u0259 daim d\u0259st\u0259k verm\u0259k Moskva \u00fc\u00e7\u00fcn yax\u015f\u0131 he\u00e7 n\u0259 v\u0259d etmir.<\/p>\n<p>N\u0259 indi, n\u0259 d\u0259 yax\u0131n v\u0259 uzaq perspektivd\u0259.<\/p>\n<p>Erm\u0259nil\u0259r el\u0259 bir etnosdur ki, Rusiya onlara, Erm\u0259nistana n\u0259 q\u0259d\u0259r yard\u0131mlar ets\u0259 d\u0259, d\u0259st\u0259k vers\u0259 d\u0259 (h\u0259rbi, iqtisadi, siyasi v\u0259 s.), erm\u0259nil\u0259r bunlar\u0131 az, \u00e7ox az, yet\u0259rsiz sayacaqlar, Rusiyan\u0131 ittiham ed\u0259c\u0259kl\u0259r.<\/p>\n<p>Erm\u0259nistanla v\u0259 \u00fcmumiyy\u0259tl\u0259, erm\u0259nil\u0259rl\u0259 ba\u011fl\u0131 m\u0259s\u0259l\u0259l\u0259rd\u0259 demokratiya, diplomatiya, siyas\u0259t, ya\u015fananlara liberal yana\u015fma, libertarian m\u00f6vqel\u0259r v\u0259 s. i\u015fl\u0259mir.<\/p>\n<p>Qaraba\u011fda, Az\u0259rbaycan \u0259razisind\u0259 ist\u0259nil\u0259n t\u0259hl\u00fck\u0259nin, t\u0259hdidin qar\u015f\u0131s\u0131 d\u0259rhal, f\u00f6vq\u0259lad\u0259 \u015f\u0259kild\u0259, s\u0259rt \u015f\u0259kild\u0259 al\u0131nmal\u0131d\u0131r.<\/p>\n<p>Rusiyan\u0131n s\u00fclhm\u0259raml\u0131 kontingenti bunu bird\u0259f\u0259lik anlamal\u0131d\u0131r.<\/p>\n<p>Moskva unutmas\u0131n ki, erm\u0259ni radikallar h\u0259l\u0259 1970-1980-ci ill\u0259rd\u0259 Sovetl\u0259r Birliyind\u0259 terror aktlar\u0131 t\u00f6r\u0259tmi\u015fdil\u0259r.<\/p>\n<p>O radikalizm Erm\u0259nistanda azalmay\u0131b.<\/p>\n<p>Rusiya bunu unudursa, total v\u0259 fatal s\u0259hv edir.<\/p>\n","protected":false},"excerpt":{"rendered":"<p>Rusiyan\u0131n Qaraba\u011fda m\u00fcv\u0259q\u0259ti yerrl\u0259\u015fdirilmi\u015f s\u00fclhm\u0259raml\u0131lar\u0131 bu g\u00fcn saat 15.00-da Norayr Mirzoyan\u0131 Erm\u0259nistana t\u0259hvil veribl\u0259r. Bu g\u00fcn saat 07:12-d\u0259 Xank\u0259ndid\u0259n Xank\u0259ndi-La\u00e7\u0131n \u015fosse yolu il\u0259 48-MN-048 ER d\u00f6vl\u0259t qeydiyyat ni\u015fanl\u0131 &#8220;Mercedes Benz&#8221; markal\u0131 avtomobill\u0259 La\u00e7\u0131n \u015f\u0259h\u0259ri istiqam\u0259tind\u0259 h\u0259r\u0259k\u0259td\u0259 olan Erm\u0259nistan v\u0259t\u0259nda\u015f\u0131, 1975-ci il t\u0259v\u0259ll\u00fcdl\u00fc Norayr Mirzoyan terror akt\u0131n\u0131 ger\u00e7\u0259kl\u0259\u015fdirib. O, \u015eu\u015fa \u015f\u0259h\u0259rinin Da\u015falt\u0131 k\u0259ndinin yax\u0131nl\u0131\u011f\u0131nda xidm\u0259t aparan az\u0259rbaycanl\u0131 h\u0259rb\u00e7il\u0259rin v\u0259 rusiyal\u0131 s\u00fclhm\u0259raml\u0131lar\u0131n h\u0259yat\u0131n\u0131 t\u0259hl\u00fck\u0259y\u0259 atmaqla \u0259l qumbaras\u0131n\u0131 onlar t\u0259r\u0259f\u0259 at\u0131b. N\u0259tic\u0259d\u0259 3 az\u0259rbaycanl\u0131 h\u0259rb\u00e7i\u00a0 &#8211; \u00e7avu\u015f Hafiz N\u0259sibov v\u0259 daha iki n\u0259f\u0259r m\u00fcxt\u0259lif d\u0259r\u0259c\u0259li b\u0259d\u0259n x\u0259sar\u0259tl\u0259rri al\u0131blar. Erm\u0259nil\u0259r d\u0259rhal b\u0259yan etmi\u015fdil\u0259r ki,&hellip;<\/p>\n","protected":false},"author":2,"featured_media":403821,"comment_status":"closed","ping_status":"closed","sticky":false,"template":"","format":"standard","meta":{"om_disable_all_campaigns":false,"_monsterinsights_skip_tracking":false,"_monsterinsights_sitenote_active":false,"_monsterinsights_sitenote_note":"","_monsterinsights_sitenote_category":0},"categories":[4],"tags":[],"aioseo_notices":[],"gutentor_comment":0,"rttpg_featured_image_url":{"full":["https:\/\/arantv.az\/wp-content\/uploads\/2021\/11\/3748596970.jpg",750,499,false],"landscape":["https:\/\/arantv.az\/wp-content\/uploads\/2021\/11\/3748596970.jpg",750,499,false],"portraits":["https:\/\/arantv.az\/wp-content\/uploads\/2021\/11\/3748596970.jpg",750,499,false],"thumbnail":["https:\/\/arantv.az\/wp-content\/uploads\/2021\/11\/3748596970-500x280.jpg",500,280,true],"medium":["https:\/\/arantv.az\/wp-content\/uploads\/2021\/11\/3748596970-549x365.jpg",549,365,true],"large":["https:\/\/arantv.az\/wp-content\/uploads\/2021\/11\/3748596970.jpg",640,426,false],"1536x1536":["https:\/\/arantv.az\/wp-content\/uploads\/2021\/11\/3748596970.jpg",750,499,false],"2048x2048":["https:\/\/arantv.az\/wp-content\/uploads\/2021\/11\/3748596970.jpg",750,499,false],"post-thumbnail":["https:\/\/arantv.az\/wp-content\/uploads\/2021\/11\/3748596970-240x172.jpg",240,172,true],"advps-thumb-one":["https:\/\/arantv.az\/wp-content\/uploads\/2021\/11\/3748596970.jpg",750,499,false]},"rttpg_author":{"display_name":"V\u00fcsal Rafiqo\u011flu","author_link":"https:\/\/arantv.az\/?author=2"},"rttpg_comment":0,"rttpg_category":"<a href=\"https:\/\/arantv.az\/?cat=4\" rel=\"category\">Siyas\u0259t<\/a>","rttpg_excerpt":"Rusiyan\u0131n Qaraba\u011fda m\u00fcv\u0259q\u0259ti yerrl\u0259\u015fdirilmi\u015f s\u00fclhm\u0259raml\u0131lar\u0131 bu g\u00fcn saat 15.00-da Norayr Mirzoyan\u0131 Erm\u0259nistana t\u0259hvil veribl\u0259r. Bu g\u00fcn saat 07:12-d\u0259 Xank\u0259ndid\u0259n Xank\u0259ndi-La\u00e7\u0131n \u015fosse yolu il\u0259 48-MN-048 ER d\u00f6vl\u0259t qeydiyyat ni\u015fanl\u0131 &#8220;Mercedes Benz&#8221; markal\u0131 avtomobill\u0259 La\u00e7\u0131n \u015f\u0259h\u0259ri istiqam\u0259tind\u0259 h\u0259r\u0259k\u0259td\u0259 olan Erm\u0259nistan v\u0259t\u0259nda\u015f\u0131, 1975-ci il t\u0259v\u0259ll\u00fcdl\u00fc Norayr Mirzoyan terror akt\u0131n\u0131 ger\u00e7\u0259kl\u0259\u015fdirib. O, \u015eu\u015fa \u015f\u0259h\u0259rinin Da\u015falt\u0131 k\u0259ndinin yax\u0131nl\u0131\u011f\u0131nda xidm\u0259t aparan&hellip;","_links":{"self":[{"href":"https:\/\/arantv.az\/index.php?rest_route=\/wp\/v2\/posts\/403820"}],"collection":[{"href":"https:\/\/arantv.az\/index.php?rest_route=\/wp\/v2\/posts"}],"about":[{"href":"https:\/\/arantv.az\/index.php?rest_route=\/wp\/v2\/types\/post"}],"author":[{"embeddable":true,"href":"https:\/\/arantv.az\/index.php?rest_route=\/wp\/v2\/users\/2"}],"replies":[{"embeddable":true,"href":"https:\/\/arantv.az\/index.php?rest_route=%2Fwp%2Fv2%2Fcomments&post=403820"}],"version-history":[{"count":0,"href":"https:\/\/arantv.az\/index.php?rest_route=\/wp\/v2\/posts\/403820\/revisions"}],"wp:featuredmedia":[{"embeddable":true,"href":"https:\/\/arantv.az\/index.php?rest_route=\/wp\/v2\/media\/403821"}],"wp:attachment":[{"href":"https:\/\/arantv.az\/index.php?rest_route=%2Fwp%2Fv2%2Fmedia&parent=403820"}],"wp:term":[{"taxonomy":"category","embeddable":true,"href":"https:\/\/arantv.az\/index.php?rest_route=%2Fwp%2Fv2%2Fcategories&post=403820"},{"taxonomy":"post_tag","embeddable":true,"href":"https:\/\/arantv.az\/index.php?rest_route=%2Fwp%2Fv2%2Ftags&post=403820"}],"curies":[{"name":"wp","href":"https:\/\/api.w.org\/{rel}","templated":true}]}}